{"id":9287,"date":"2007-07-26T11:11:00","date_gmt":"2007-07-26T11:11:00","guid":{"rendered":"http:\/\/localhost:81\/wp1\/?p=9287"},"modified":"2007-07-26T11:11:00","modified_gmt":"2007-07-26T11:11:00","slug":"ua-associa-se-a-concurso-televisivo-na-promocao-do-empreendedorismo","status":"publish","type":"post","link":"https:\/\/sites.ecclesia.pt\/cv\/ua-associa-se-a-concurso-televisivo-na-promocao-do-empreendedorismo\/","title":{"rendered":"UA associa-se a concurso televisivo na promo\u00e7\u00e3o do empreendedorismo"},"content":{"rendered":"<p>Concurso Audax-Neg\u00f3cios \u00e0 Prova, na RTP2 <!--more--> A Universidade de Aveiro \u00e9 parceira do concurso televisivo \u00abAudax-Neg\u00f3cios \u00e0 Prova\u00bb, que a RTP2 e o ISCTE est\u00e3o a produzir, para desenvolver o esp\u00edrito de iniciativa empresarial em qualquer ramo de actividade.<\/p>\n<p>Esta iniciativa pretende incentivar futuros empreendedores a elaborar planos de neg\u00f3cio para a cria\u00e7\u00e3o de empresas de cariz inovador e produtivo. As candidaturas terminam a 5 de Outubro.<\/p>\n<p>Cada candidato ou equipa de candidatos deve apresentar e defender em televis\u00e3o a sua ideia de neg\u00f3cio, perante um j\u00fari de reconhecida compet\u00eancia no mundo econ\u00f3mico e financeiro.<\/p>\n<p>O projecto vencedor recebe 50 mil euros de apoio \u00e0 concretiza\u00e7\u00e3o da sua ideia de neg\u00f3cio (patroc\u00ednio CGD e da PT). Os 10 projectos finalistas ter\u00e3o acesso autom\u00e1tico a um programa de apoio do IAPMEI. Mais informa\u00e7\u00f5es em http:\/\/www.audax.tv<\/p>\n","protected":false},"excerpt":{"rendered":"<p>Concurso Audax-Neg\u00f3cios \u00e0 Prova, na RTP2<\/p>\n","protected":false},"author":1,"featured_media":0,"comment_status":"open","ping_status":"open","sticky":false,"template":"","format":"standard","meta":{"footnotes":""},"categories":[45],"tags":[],"class_list":["post-9287","post","type-post","status-publish","format-standard","hentry","category-regioes"],"_links":{"self":[{"href":"https:\/\/sites.ecclesia.pt\/cv\/wp-json\/wp\/v2\/posts\/9287","targetHints":{"allow":["GET"]}}],"collection":[{"href":"https:\/\/sites.ecclesia.pt\/cv\/wp-json\/wp\/v2\/posts"}],"about":[{"href":"https:\/\/sites.ecclesia.pt\/cv\/wp-json\/wp\/v2\/types\/post"}],"author":[{"embeddable":true,"href":"https:\/\/sites.ecclesia.pt\/cv\/wp-json\/wp\/v2\/users\/1"}],"replies":[{"embeddable":true,"href":"https:\/\/sites.ecclesia.pt\/cv\/wp-json\/wp\/v2\/comments?post=9287"}],"version-history":[{"count":0,"href":"https:\/\/sites.ecclesia.pt\/cv\/wp-json\/wp\/v2\/posts\/9287\/revisions"}],"wp:attachment":[{"href":"https:\/\/sites.ecclesia.pt\/cv\/wp-json\/wp\/v2\/media?parent=9287"}],"wp:term":[{"taxonomy":"category","embeddable":true,"href":"https:\/\/sites.ecclesia.pt\/cv\/wp-json\/wp\/v2\/categories?post=9287"},{"taxonomy":"post_tag","embeddable":true,"href":"https:\/\/sites.ecclesia.pt\/cv\/wp-json\/wp\/v2\/tags?post=9287"}],"curies":[{"name":"wp","href":"https:\/\/api.w.org\/{rel}","templated":true}]}}