{"id":9288,"date":"2007-07-26T11:12:00","date_gmt":"2007-07-26T11:12:00","guid":{"rendered":"http:\/\/localhost:81\/wp1\/?p=9288"},"modified":"2007-07-26T11:12:00","modified_gmt":"2007-07-26T11:12:00","slug":"torneio-de-futsal-para-jovens","status":"publish","type":"post","link":"https:\/\/sites.ecclesia.pt\/cv\/torneio-de-futsal-para-jovens\/","title":{"rendered":"Torneio de futsal para jovens"},"content":{"rendered":"<p>Para jovens dos 10 aos 17 anos, realiza-se, no dia 31 de Julho, um Torneio de Futsal, no campo de H\u00f3quei e Central do Bairro de Santiago, em Aveiro. As inscri\u00e7\u00f5es podem ser feitas na Junta de Freguesia da Gl\u00f3ria. Mais informa\u00e7\u00f5es pelo telefone 234 427065 e e-mail servicos@jf-gloria.pt.<\/p>\n","protected":false},"excerpt":{"rendered":"<p>Para jovens dos 10 aos 17 anos, realiza-se, no dia 31 de Julho, um Torneio de Futsal, no campo de H\u00f3quei e Central do Bairro de Santiago, em Aveiro. As inscri\u00e7\u00f5es podem ser feitas na Junta de Freguesia da Gl\u00f3ria. Mais informa\u00e7\u00f5es pelo telefone 234 427065 e e-mail servicos@jf-gloria.pt.<\/p>\n","protected":false},"author":1,"featured_media":0,"comment_status":"open","ping_status":"open","sticky":false,"template":"","format":"standard","meta":{"footnotes":""},"categories":[45],"tags":[],"class_list":["post-9288","post","type-post","status-publish","format-standard","hentry","category-regioes"],"_links":{"self":[{"href":"https:\/\/sites.ecclesia.pt\/cv\/wp-json\/wp\/v2\/posts\/9288","targetHints":{"allow":["GET"]}}],"collection":[{"href":"https:\/\/sites.ecclesia.pt\/cv\/wp-json\/wp\/v2\/posts"}],"about":[{"href":"https:\/\/sites.ecclesia.pt\/cv\/wp-json\/wp\/v2\/types\/post"}],"author":[{"embeddable":true,"href":"https:\/\/sites.ecclesia.pt\/cv\/wp-json\/wp\/v2\/users\/1"}],"replies":[{"embeddable":true,"href":"https:\/\/sites.ecclesia.pt\/cv\/wp-json\/wp\/v2\/comments?post=9288"}],"version-history":[{"count":0,"href":"https:\/\/sites.ecclesia.pt\/cv\/wp-json\/wp\/v2\/posts\/9288\/revisions"}],"wp:attachment":[{"href":"https:\/\/sites.ecclesia.pt\/cv\/wp-json\/wp\/v2\/media?parent=9288"}],"wp:term":[{"taxonomy":"category","embeddable":true,"href":"https:\/\/sites.ecclesia.pt\/cv\/wp-json\/wp\/v2\/categories?post=9288"},{"taxonomy":"post_tag","embeddable":true,"href":"https:\/\/sites.ecclesia.pt\/cv\/wp-json\/wp\/v2\/tags?post=9288"}],"curies":[{"name":"wp","href":"https:\/\/api.w.org\/{rel}","templated":true}]}}