{"id":9289,"date":"2007-07-26T11:12:00","date_gmt":"2007-07-26T11:12:00","guid":{"rendered":"http:\/\/localhost:81\/wp1\/?p=9289"},"modified":"2007-07-26T11:12:00","modified_gmt":"2007-07-26T11:12:00","slug":"primeiro-ministro-inaugurou-casa-pronta","status":"publish","type":"post","link":"https:\/\/sites.ecclesia.pt\/cv\/primeiro-ministro-inaugurou-casa-pronta\/","title":{"rendered":"Primeiro-ministro inaugurou &#8220;Casa Pronta&#8221;"},"content":{"rendered":"<p>\u00c1gueda <!--more--> O primeiro-ministro, Jos\u00e9 S\u00f3crates, o ministro da Presid\u00eancia, Pedro Silva Pereira, e o ministro da Justi\u00e7a, Alberto Costa, estiveram ontem em \u00c1gueda para lan\u00e7ar o servi\u00e7o \u201cCasa Pronta\u201d.<\/p>\n<p>O \u201cCasa Pronta\u201d \u00e9 um balc\u00e3o \u00fanico onde \u00e9 poss\u00edvel realizar todas as opera\u00e7\u00f5es relativas \u00e0 compra e venda de im\u00f3veis. Neste local de atendimento (por enquanto, a funcionar apenas nas Conservat\u00f3rias de Registo Predial de cinco munic\u00edpios &#8211; \u00c1gueda, Almeirim, Braga, Leiria e Mirandela), \u00e9 poss\u00edvel pagar impostos, celebrar contratos de compra e venda, realizar imediatamente todos os registos, pedir a isen\u00e7\u00e3o de pagamento do Imposto Municipal sobre Im\u00f3veis (IMI), pedir a altera\u00e7\u00e3o da morada fiscal, entre outras opera\u00e7\u00f5es.<\/p>\n<p>Este servi\u00e7o, que Governo considera uma das medidas mais importantes do Simplex 2007, funciona a t\u00edtulo experimental at\u00e9 31 de Dezembro de 2007, devendo depois ser alargado aos restantes munic\u00edpios. No futuro, qualquer \u201cCasa Pronta\u201d poder\u00e1 tratar dos assuntos relativos a qualquer im\u00f3vel, independentemente da sua localiza\u00e7\u00e3o. <\/p>\n","protected":false},"excerpt":{"rendered":"<p>\u00c1gueda<\/p>\n","protected":false},"author":1,"featured_media":0,"comment_status":"open","ping_status":"open","sticky":false,"template":"","format":"standard","meta":{"footnotes":""},"categories":[45],"tags":[],"class_list":["post-9289","post","type-post","status-publish","format-standard","hentry","category-regioes"],"_links":{"self":[{"href":"https:\/\/sites.ecclesia.pt\/cv\/wp-json\/wp\/v2\/posts\/9289","targetHints":{"allow":["GET"]}}],"collection":[{"href":"https:\/\/sites.ecclesia.pt\/cv\/wp-json\/wp\/v2\/posts"}],"about":[{"href":"https:\/\/sites.ecclesia.pt\/cv\/wp-json\/wp\/v2\/types\/post"}],"author":[{"embeddable":true,"href":"https:\/\/sites.ecclesia.pt\/cv\/wp-json\/wp\/v2\/users\/1"}],"replies":[{"embeddable":true,"href":"https:\/\/sites.ecclesia.pt\/cv\/wp-json\/wp\/v2\/comments?post=9289"}],"version-history":[{"count":0,"href":"https:\/\/sites.ecclesia.pt\/cv\/wp-json\/wp\/v2\/posts\/9289\/revisions"}],"wp:attachment":[{"href":"https:\/\/sites.ecclesia.pt\/cv\/wp-json\/wp\/v2\/media?parent=9289"}],"wp:term":[{"taxonomy":"category","embeddable":true,"href":"https:\/\/sites.ecclesia.pt\/cv\/wp-json\/wp\/v2\/categories?post=9289"},{"taxonomy":"post_tag","embeddable":true,"href":"https:\/\/sites.ecclesia.pt\/cv\/wp-json\/wp\/v2\/tags?post=9289"}],"curies":[{"name":"wp","href":"https:\/\/api.w.org\/{rel}","templated":true}]}}