{"id":9291,"date":"2007-07-26T11:15:00","date_gmt":"2007-07-26T11:15:00","guid":{"rendered":"http:\/\/localhost:81\/wp1\/?p=9291"},"modified":"2007-07-26T11:15:00","modified_gmt":"2007-07-26T11:15:00","slug":"ferias-com-ciencia","status":"publish","type":"post","link":"https:\/\/sites.ecclesia.pt\/cv\/ferias-com-ciencia\/","title":{"rendered":"F\u00e9rias com ci\u00eancia"},"content":{"rendered":"<p>SEVER DO VOUGA <!--more--> \u201cF\u00e9rias com ci\u00eancia\u201d \u00e9 um programa de ocupa\u00e7\u00e3o de tempos livres, constitu\u00eddo por actividades l\u00fadico-pedag\u00f3gicas, em diversas \u00e1reas do saber, que a C\u00e2mara Municipal de Sever do Vouga disponibiliza \u00e0s crian\u00e7as e jovens do concelho.<\/p>\n<p>As actividades propostas decorrer\u00e3o no Jardim do Parque de Sever do Vouga, e s\u00e3o constitu\u00eddas por \u00e1reas t\u00e3o diversas como inform\u00e1tica, jogos, ateliers de artes pl\u00e1sticas, passeios, fotografia, entre outras.<\/p>\n<p>O atelier \u201cEu sei tudo sobre flora\u201d pretende dar a conhecer a flora existente em Sever do Vouga e os conceitos b\u00e1sicos de bot\u00e2nica, quer ao n\u00edvel de morfologia quer de fisiologia, atrav\u00e9s das no\u00e7\u00f5es b\u00e1sicas de bot\u00e2nica, experi\u00eancias, passeios interpretativos, jogos ao ar livre, elabora\u00e7\u00e3o de herb\u00e1rios, fotografia e actividades pl\u00e1sticas com folhas e troncos.<\/p>\n<p>\u201cEu sei tudo sobre fauna\u201d \u00e9 um atelier que visa dar a conhecer a fauna da regi\u00e3o e os conceitos b\u00e1sicos sobre a fauna, atrav\u00e9s das no\u00e7\u00f5es b\u00e1sicas sobre a fauna, passeios interpretativos, experi\u00eancias, observa\u00e7\u00e3o de aves, m\u00e9todos para socorrer aves feridas, jogos ao ar livre e fotografia.<\/p>\n<p>Com o objectivo de dar a conhecer a morfologia, geografia e falar da cultura de outros pa\u00edses europeus, o atelier \u201cEu sei tudo sobre geografia\u201d \u00e9 constitu\u00eddo por visitas de campo, experi\u00eancias com materiais inertes, jogos para aprendizagem da cultura de outros pa\u00edses (como Espanha, It\u00e1lia, Pol\u00f3nia e outros), fotografia, actividades pl\u00e1sticas e no\u00e7\u00f5es b\u00e1sicas de cartografia e orienta\u00e7\u00e3o.<\/p>\n<p>Para promover a reutiliza\u00e7\u00e3o dos materiais, o atelier \u201cEu sei reutilizar os materiais\u201d ir\u00e1 utilizar m\u00e9todos como a reciclagem, constru\u00e7\u00e3o de brinquedos e objectos diversos com material reciclado, reutiliza\u00e7\u00e3o de roupas e fabrica\u00e7\u00e3o de papel reciclado.<\/p>\n<p>O programa ir\u00e1 decorrer no m\u00eas de Agosto. Cada m\u00f3dulo ter\u00e1 a dura\u00e7\u00e3o de uma semana (tr\u00eas horas di\u00e1rias, num m\u00e1ximo de quinze horas), e contar\u00e1 com dois grupos (um, no hor\u00e1rio da manh\u00e3, e outro, da parte da tarde). Os participantes ser\u00e3o divididos em dois grupos, um com idades compreendidas entre os 6 e os 9 anos, e o outro com idades dos 10 aos 16 anos, num total m\u00e1ximo de 12 participantes por grupo, e de 24 por m\u00f3dulo.<\/p>\n","protected":false},"excerpt":{"rendered":"<p>SEVER DO VOUGA<\/p>\n","protected":false},"author":1,"featured_media":0,"comment_status":"open","ping_status":"open","sticky":false,"template":"","format":"standard","meta":{"footnotes":""},"categories":[45],"tags":[],"class_list":["post-9291","post","type-post","status-publish","format-standard","hentry","category-regioes"],"_links":{"self":[{"href":"https:\/\/sites.ecclesia.pt\/cv\/wp-json\/wp\/v2\/posts\/9291","targetHints":{"allow":["GET"]}}],"collection":[{"href":"https:\/\/sites.ecclesia.pt\/cv\/wp-json\/wp\/v2\/posts"}],"about":[{"href":"https:\/\/sites.ecclesia.pt\/cv\/wp-json\/wp\/v2\/types\/post"}],"author":[{"embeddable":true,"href":"https:\/\/sites.ecclesia.pt\/cv\/wp-json\/wp\/v2\/users\/1"}],"replies":[{"embeddable":true,"href":"https:\/\/sites.ecclesia.pt\/cv\/wp-json\/wp\/v2\/comments?post=9291"}],"version-history":[{"count":0,"href":"https:\/\/sites.ecclesia.pt\/cv\/wp-json\/wp\/v2\/posts\/9291\/revisions"}],"wp:attachment":[{"href":"https:\/\/sites.ecclesia.pt\/cv\/wp-json\/wp\/v2\/media?parent=9291"}],"wp:term":[{"taxonomy":"category","embeddable":true,"href":"https:\/\/sites.ecclesia.pt\/cv\/wp-json\/wp\/v2\/categories?post=9291"},{"taxonomy":"post_tag","embeddable":true,"href":"https:\/\/sites.ecclesia.pt\/cv\/wp-json\/wp\/v2\/tags?post=9291"}],"curies":[{"name":"wp","href":"https:\/\/api.w.org\/{rel}","templated":true}]}}