{"id":9292,"date":"2007-07-26T11:16:00","date_gmt":"2007-07-26T11:16:00","guid":{"rendered":"http:\/\/localhost:81\/wp1\/?p=9292"},"modified":"2007-07-26T11:16:00","modified_gmt":"2007-07-26T11:16:00","slug":"terceira-idade-mexe-se","status":"publish","type":"post","link":"https:\/\/sites.ecclesia.pt\/cv\/terceira-idade-mexe-se\/","title":{"rendered":"Terceira Idade mexe-se"},"content":{"rendered":"<p>Encerramento do projecto &#8220;FelizIdade&#8221; <!--more--> Ap\u00f3s v\u00e1rios meses de aulas de express\u00e3o f\u00edsico-motora, nata\u00e7\u00e3o e outras actividades, encerra na pr\u00f3xima sexta-feira, 27 de Julho, o projecto \u201cFelizIdade\u201d, no Pavilh\u00e3o dos Galitos. A festa decorre entre as 14h30 e as 17h30, e \u00e9 constitu\u00edda por uma aula de gerontomotricidade seguida de baile.<\/p>\n<p>S\u00e3o esperados cerca de 250 idosos das entidades envolvidas no projecto: juntas de freguesia de Cacia, da Gl\u00f3ria, de Eirol, de S\u00e3o Bernardo, de Santa Joana; Centro Social de Azurva, Patronato de Nossa Senhora de F\u00e1tima; Centro Paroquial de S\u00e3o Bernardo; Associa\u00e7\u00e3o de Melhoramentos de Eixo e Centro Paroquial de Santa Eul\u00e1lia de Eirol.<\/p>\n","protected":false},"excerpt":{"rendered":"<p>Encerramento do projecto &#8220;FelizIdade&#8221;<\/p>\n","protected":false},"author":1,"featured_media":0,"comment_status":"open","ping_status":"open","sticky":false,"template":"","format":"standard","meta":{"footnotes":""},"categories":[45],"tags":[],"class_list":["post-9292","post","type-post","status-publish","format-standard","hentry","category-regioes"],"_links":{"self":[{"href":"https:\/\/sites.ecclesia.pt\/cv\/wp-json\/wp\/v2\/posts\/9292","targetHints":{"allow":["GET"]}}],"collection":[{"href":"https:\/\/sites.ecclesia.pt\/cv\/wp-json\/wp\/v2\/posts"}],"about":[{"href":"https:\/\/sites.ecclesia.pt\/cv\/wp-json\/wp\/v2\/types\/post"}],"author":[{"embeddable":true,"href":"https:\/\/sites.ecclesia.pt\/cv\/wp-json\/wp\/v2\/users\/1"}],"replies":[{"embeddable":true,"href":"https:\/\/sites.ecclesia.pt\/cv\/wp-json\/wp\/v2\/comments?post=9292"}],"version-history":[{"count":0,"href":"https:\/\/sites.ecclesia.pt\/cv\/wp-json\/wp\/v2\/posts\/9292\/revisions"}],"wp:attachment":[{"href":"https:\/\/sites.ecclesia.pt\/cv\/wp-json\/wp\/v2\/media?parent=9292"}],"wp:term":[{"taxonomy":"category","embeddable":true,"href":"https:\/\/sites.ecclesia.pt\/cv\/wp-json\/wp\/v2\/categories?post=9292"},{"taxonomy":"post_tag","embeddable":true,"href":"https:\/\/sites.ecclesia.pt\/cv\/wp-json\/wp\/v2\/tags?post=9292"}],"curies":[{"name":"wp","href":"https:\/\/api.w.org\/{rel}","templated":true}]}}