{"id":9293,"date":"2007-07-26T11:17:00","date_gmt":"2007-07-26T11:17:00","guid":{"rendered":"http:\/\/localhost:81\/wp1\/?p=9293"},"modified":"2007-07-26T11:17:00","modified_gmt":"2007-07-26T11:17:00","slug":"concessao-da-praia-do-monte-branco","status":"publish","type":"post","link":"https:\/\/sites.ecclesia.pt\/cv\/concessao-da-praia-do-monte-branco\/","title":{"rendered":"Concess\u00e3o da Praia do Monte Branco"},"content":{"rendered":"<p>MURTOSA <!--more--> A C\u00e2mara Municipal da Murtosa procedeu \u00e0 abertura dos concursos p\u00fablicos de concess\u00e3o e explora\u00e7\u00e3o do bar e do restaurante da Praia do Monte Branco, dois equipamentos que se inserem no projecto de requalifica\u00e7\u00e3o daquela praia fluvial (na ria de Aveiro), situada ao sul do n\u00facleo urbano da Torreira.<\/p>\n<p>De acordo com o projecto de requalifica\u00e7\u00e3o, os concession\u00e1rios vencedores dever\u00e3o construir as respectivas infra-estruturas. Por esse motivo, a autarquia abriu agora os referidos concursos p\u00fablicos, de modo a permitir \u201cque os \u00abtimings\u00bb de edifica\u00e7\u00e3o sejam id\u00eanticos aos dos restantes equipamentos previstos para a Praia do Monte Branco\u201d, entre os quais os espa\u00e7os verdes, o parque de merendas, os parques de estacionamento, o estaleiro\/ museu e os sanit\u00e1rios p\u00fablicos. Estes tr\u00eas est\u00e3o j\u00e1 em fase de constru\u00e7\u00e3o, refere uma nota emitida pela autarquia.<\/p>\n","protected":false},"excerpt":{"rendered":"<p>MURTOSA<\/p>\n","protected":false},"author":1,"featured_media":0,"comment_status":"open","ping_status":"open","sticky":false,"template":"","format":"standard","meta":{"footnotes":""},"categories":[45],"tags":[],"class_list":["post-9293","post","type-post","status-publish","format-standard","hentry","category-regioes"],"_links":{"self":[{"href":"https:\/\/sites.ecclesia.pt\/cv\/wp-json\/wp\/v2\/posts\/9293","targetHints":{"allow":["GET"]}}],"collection":[{"href":"https:\/\/sites.ecclesia.pt\/cv\/wp-json\/wp\/v2\/posts"}],"about":[{"href":"https:\/\/sites.ecclesia.pt\/cv\/wp-json\/wp\/v2\/types\/post"}],"author":[{"embeddable":true,"href":"https:\/\/sites.ecclesia.pt\/cv\/wp-json\/wp\/v2\/users\/1"}],"replies":[{"embeddable":true,"href":"https:\/\/sites.ecclesia.pt\/cv\/wp-json\/wp\/v2\/comments?post=9293"}],"version-history":[{"count":0,"href":"https:\/\/sites.ecclesia.pt\/cv\/wp-json\/wp\/v2\/posts\/9293\/revisions"}],"wp:attachment":[{"href":"https:\/\/sites.ecclesia.pt\/cv\/wp-json\/wp\/v2\/media?parent=9293"}],"wp:term":[{"taxonomy":"category","embeddable":true,"href":"https:\/\/sites.ecclesia.pt\/cv\/wp-json\/wp\/v2\/categories?post=9293"},{"taxonomy":"post_tag","embeddable":true,"href":"https:\/\/sites.ecclesia.pt\/cv\/wp-json\/wp\/v2\/tags?post=9293"}],"curies":[{"name":"wp","href":"https:\/\/api.w.org\/{rel}","templated":true}]}}