{"id":9294,"date":"2007-07-26T11:17:00","date_gmt":"2007-07-26T11:17:00","guid":{"rendered":"http:\/\/localhost:81\/wp1\/?p=9294"},"modified":"2007-07-26T11:17:00","modified_gmt":"2007-07-26T11:17:00","slug":"feiras-de-verao-no-largo-da-varina","status":"publish","type":"post","link":"https:\/\/sites.ecclesia.pt\/cv\/feiras-de-verao-no-largo-da-varina\/","title":{"rendered":"Feiras de Ver\u00e3o no Largo da Varina"},"content":{"rendered":"<p>TORREIRA <!--more--> No Largo da Varina, a grande pra\u00e7a da praia da Torreira onde se ergue o monumento \u00e0 varina, est\u00e1 a decorrer, at\u00e9 ao dia 1 de Agosto, a VII Feira do Brinquedo, numa iniciativa da C\u00e2mara Municipal da Murtosa.<\/p>\n<p>Na semana seguinte, de 3 a 8 de Agosto, aquele largo ser\u00e1 animado pela segunda edi\u00e7\u00e3o da Feira de Bijutaria e Acess\u00f3rios. Na semana passada, teve lugar a tradicional Feira de Artesanato, na qual participaram artes\u00e3os oriundos das regi\u00f5es de Aveiro e do Porto, e ainda do Senegal, que apresentaram trabalhos em vidro, cer\u00e2mica, ferro forjado e outros metais, bijutaria, bordados e rendas, tecido, entre outros.<\/p>\n","protected":false},"excerpt":{"rendered":"<p>TORREIRA<\/p>\n","protected":false},"author":1,"featured_media":0,"comment_status":"open","ping_status":"open","sticky":false,"template":"","format":"standard","meta":{"footnotes":""},"categories":[45],"tags":[],"class_list":["post-9294","post","type-post","status-publish","format-standard","hentry","category-regioes"],"_links":{"self":[{"href":"https:\/\/sites.ecclesia.pt\/cv\/wp-json\/wp\/v2\/posts\/9294","targetHints":{"allow":["GET"]}}],"collection":[{"href":"https:\/\/sites.ecclesia.pt\/cv\/wp-json\/wp\/v2\/posts"}],"about":[{"href":"https:\/\/sites.ecclesia.pt\/cv\/wp-json\/wp\/v2\/types\/post"}],"author":[{"embeddable":true,"href":"https:\/\/sites.ecclesia.pt\/cv\/wp-json\/wp\/v2\/users\/1"}],"replies":[{"embeddable":true,"href":"https:\/\/sites.ecclesia.pt\/cv\/wp-json\/wp\/v2\/comments?post=9294"}],"version-history":[{"count":0,"href":"https:\/\/sites.ecclesia.pt\/cv\/wp-json\/wp\/v2\/posts\/9294\/revisions"}],"wp:attachment":[{"href":"https:\/\/sites.ecclesia.pt\/cv\/wp-json\/wp\/v2\/media?parent=9294"}],"wp:term":[{"taxonomy":"category","embeddable":true,"href":"https:\/\/sites.ecclesia.pt\/cv\/wp-json\/wp\/v2\/categories?post=9294"},{"taxonomy":"post_tag","embeddable":true,"href":"https:\/\/sites.ecclesia.pt\/cv\/wp-json\/wp\/v2\/tags?post=9294"}],"curies":[{"name":"wp","href":"https:\/\/api.w.org\/{rel}","templated":true}]}}