{"id":9295,"date":"2007-07-26T11:18:00","date_gmt":"2007-07-26T11:18:00","guid":{"rendered":"http:\/\/localhost:81\/wp1\/?p=9295"},"modified":"2007-07-26T11:18:00","modified_gmt":"2007-07-26T11:18:00","slug":"sabados-em-cheio","status":"publish","type":"post","link":"https:\/\/sites.ecclesia.pt\/cv\/sabados-em-cheio\/","title":{"rendered":"S\u00e1bados em Cheio"},"content":{"rendered":"<p>OLIVEIRA DO BAIRRO <!--more--> \u201cS\u00e1bados em Cheio\u201d \u00e9 um projecto da C\u00e2mara Municipal de Oliveira do Bairro, que visa a ocupa\u00e7\u00e3o dos tempos livres de crian\u00e7as e jovens, com idades compreendidas entre os 4 e os 15 anos, que inclui diversas modalidades e que decorre em v\u00e1rios locais do concelho.<\/p>\n<p>No dia 28 de Julho, das 15h \u00e0s 17h30, no Posto de Turismo, ter\u00e1 lugar o evento \u201cVamos aprender a pintar\u201d, destinado a crian\u00e7as dos 8 aos 11 anos.<\/p>\n<p>Em Agosto, ir\u00e3o decorrer os eventos: \u201cA arca dos contos\u201d \u2013 atelier de promo\u00e7\u00e3o do livro e da leitura (dia 4, na Biblioteca Municipal), \u201cVamos construir instrumentos musicais\u201d (dia 11, no Museu de Etnom\u00fasica), \u201cVamos aprender a construir bonecos em madeira\u201d (dia 18, no Posto de Turismo) e \u201cT\u00e9nis e nata\u00e7\u00e3o\u201d (dia 25, no Parque Desportivo).<\/p>\n","protected":false},"excerpt":{"rendered":"<p>OLIVEIRA DO BAIRRO<\/p>\n","protected":false},"author":1,"featured_media":0,"comment_status":"open","ping_status":"open","sticky":false,"template":"","format":"standard","meta":{"footnotes":""},"categories":[45],"tags":[],"class_list":["post-9295","post","type-post","status-publish","format-standard","hentry","category-regioes"],"_links":{"self":[{"href":"https:\/\/sites.ecclesia.pt\/cv\/wp-json\/wp\/v2\/posts\/9295","targetHints":{"allow":["GET"]}}],"collection":[{"href":"https:\/\/sites.ecclesia.pt\/cv\/wp-json\/wp\/v2\/posts"}],"about":[{"href":"https:\/\/sites.ecclesia.pt\/cv\/wp-json\/wp\/v2\/types\/post"}],"author":[{"embeddable":true,"href":"https:\/\/sites.ecclesia.pt\/cv\/wp-json\/wp\/v2\/users\/1"}],"replies":[{"embeddable":true,"href":"https:\/\/sites.ecclesia.pt\/cv\/wp-json\/wp\/v2\/comments?post=9295"}],"version-history":[{"count":0,"href":"https:\/\/sites.ecclesia.pt\/cv\/wp-json\/wp\/v2\/posts\/9295\/revisions"}],"wp:attachment":[{"href":"https:\/\/sites.ecclesia.pt\/cv\/wp-json\/wp\/v2\/media?parent=9295"}],"wp:term":[{"taxonomy":"category","embeddable":true,"href":"https:\/\/sites.ecclesia.pt\/cv\/wp-json\/wp\/v2\/categories?post=9295"},{"taxonomy":"post_tag","embeddable":true,"href":"https:\/\/sites.ecclesia.pt\/cv\/wp-json\/wp\/v2\/tags?post=9295"}],"curies":[{"name":"wp","href":"https:\/\/api.w.org\/{rel}","templated":true}]}}