{"id":9296,"date":"2007-07-26T11:21:00","date_gmt":"2007-07-26T11:21:00","guid":{"rendered":"http:\/\/localhost:81\/wp1\/?p=9296"},"modified":"2007-07-26T11:21:00","modified_gmt":"2007-07-26T11:21:00","slug":"roma-lugar-de-peregrinacao-de-seminaristas-de-aveiro","status":"publish","type":"post","link":"https:\/\/sites.ecclesia.pt\/cv\/roma-lugar-de-peregrinacao-de-seminaristas-de-aveiro\/","title":{"rendered":"Roma, lugar de peregrina\u00e7\u00e3o de seminaristas de Aveiro"},"content":{"rendered":"<p>Do dia 2 ao dia 9 de Julho, os seminaristas da diocese de Aveiro estiveram em Roma, conjuntamente com os seus hom\u00f3logos da diocese de Lamego.<\/p>\n<p>Esta proposta foi-nos feita por D. Ant\u00f3nio Francisco, que, sabendo da viagem\/peregrina\u00e7\u00e3o que os seminaristas de Lamego iriam fazer, quis tamb\u00e9m abri-la aos seus seminaristas.<\/p>\n<p>O motivo desta viagem, antes de mais, relacionava-se com o aprofundamento da nossa f\u00e9. Todos n\u00f3s sabemos que Roma \u00e9 o local onde as duas colunas da Igreja, Pedro e Paulo, selaram a meta da sua vida com o sangue derramado na confiss\u00e3o da f\u00e9 em Jesus Cristo morto e ressuscitado. Ali se encontram os seus t\u00famulos e os dos sucessores de Pedro. S\u00e3o eles, juntamente a tantos nossos irm\u00e3os, que nos d\u00e3o um grande testemunho de f\u00e9, pela exemplaridade de vida e de seguimento de Cristo, sem qualquer receio. <\/p>\n<p>Tivemos a oportunidade de visitar as v\u00e1rias bas\u00edlicas existentes em Roma (entre elas, S. Jo\u00e3o de Latr\u00e3o, Santa Maria Maior, S. Paulo fora de muros), os t\u00famulos dos v\u00e1rios sucessores de Pedro e at\u00e9 o t\u00famulo de Pedro, situado numa necr\u00f3pole da colina Vaticana, ao lado do ent\u00e3o Circo de Nero, onde Pedro foi martirizado. Tocar essas pedras e pisar esse ch\u00e3o que viu Pedro e tantos irm\u00e3os nossos dos primeiros s\u00e9culos n\u00e3o nos p\u00f4de deixar indiferentes. Sentimos uma certa como\u00e7\u00e3o e venera\u00e7\u00e3o e ficamos marcados pelo sil\u00eancio contemplativo. Tivemos tamb\u00e9m a oportunidade de visitar o t\u00famulo de S\u00e3o Paulo, situado na Bas\u00edlica com o seu nome. Diz a tradi\u00e7\u00e3o que Paulo foi decapitado numa zona chamada \u201cTre fontane\u201d (Tr\u00eas Fontes), porque, decapitado, a sua cabe\u00e7a rolou com tr\u00eas ressaltos dando origem a tr\u00eas fontes de \u00e1gua, que ainda hoje podem ser visitadas.<\/p>\n<p>Enfim, foi com muita alegria que tivemos a oportunidade de visitar os t\u00famulos desses dois verdadeiros seguidores de Cristo. Foram capazes de se entregar plenamente por amor a Ele. Paulo, que inicialmente tinha sido perseguidor dos crist\u00e3os, acabou por anunciar Aquele que perseguiu.<\/p>\n<p>Quando cheg\u00e1mos a Roma, no primeiro dia, tivemos a sorte de sermos recebidos em audi\u00eancia pelo cardeal Saraiva Martins. O cardeal portugu\u00eas, respons\u00e1vel pela Sagrada Congrega\u00e7\u00e3o para a causa dos Santos, contou-nos \u201ccomo eram feitos os santos\u201d e falou do processo que era necess\u00e1rio para a canoniza\u00e7\u00e3o de algu\u00e9m.<\/p>\n<p>Tivemos tamb\u00e9m a oportunidade de estar na audi\u00eancia geral do Papa, das quartas-feiras, onde dirigiu algumas palavras a pessoas de todo o mundo l\u00e1 presentes, sobre S. Bas\u00edlio e o seu contributo na vida da Igreja. Falou em portugu\u00eas, quando se dirigiu aos portugueses e falou directamente para n\u00f3s, seminaristas das duas dioceses, Lamego e Aveiro. Disse-nos o seguinte, ao recordar os cinquenta anos do Semin\u00e1rio de Lamego: \u00abMant\u00e9m sempre vivo no teu seio o fogo da Eucaristia, para continuarem a sair da tua forja santos e s\u00e1bios ministros de Deus. Possam formadores e alunos crescer diariamente na amizade com Jesus, Mestre e Senhor. Sobre v\u00f3s e todos os peregrinos de l\u00edngua portuguesa, des\u00e7a a minha b\u00ean\u00e7\u00e3o, que estendo aos familiares e benfeitores. Ide com Deus!\u00bb.<\/p>\n<p>Tivemos tamb\u00e9m a possibilidade de visitar o museu do Vaticano, que \u00e9 um local onde se encontra muita arte, crist\u00e3 ou n\u00e3o, com influ\u00eancia na cultura crist\u00e3.<\/p>\n<p>Outros momentos significativos: a celebra\u00e7\u00e3o da Eucaristia na Igreja de S. Ant\u00f3nio dos Portugueses, o Angelus na Pra\u00e7a de S. Pedro, a Eucaristia celebrada na Galeria dos Papas, ao lado da tumba de S. Pedro, na capela da Virgem Negra de Czestochowa.<\/p>\n<p>Mais momentos haveria para contar, mas bastam-nos estes. Apenas uma nota: todo o seminarista, sacerdote e crist\u00e3o em geral deveria colocar no projecto da sua vida a visita aos lugares santos onde se deu a origem da nossa f\u00e9: Roma e Jerusal\u00e9m.<\/p>\n<p>Regress\u00e1mos contentes e agradecidos ao Senhor e \u00e0queles que contribu\u00edram ou possam ainda contribuir tornando poss\u00edvel esta viagem de forma\u00e7\u00e3o e ora\u00e7\u00e3o. <\/p>\n<p>Jos\u00e9 Carlos<\/p>\n<p>Jo\u00e3o Gon\u00e7alves <\/p>\n<p>P. Virg\u00edlio<\/p>\n","protected":false},"excerpt":{"rendered":"<p>Do dia 2 ao dia 9 de Julho, os seminaristas da diocese de Aveiro estiveram em Roma, conjuntamente com os seus hom\u00f3logos da diocese de Lamego. Esta proposta foi-nos feita por D. Ant\u00f3nio Francisco, que, sabendo da viagem\/peregrina\u00e7\u00e3o que os seminaristas de Lamego iriam fazer, quis tamb\u00e9m abri-la aos seus seminaristas. O motivo desta viagem, [&hellip;]<\/p>\n","protected":false},"author":1,"featured_media":0,"comment_status":"open","ping_status":"open","sticky":false,"template":"","format":"standard","meta":{"footnotes":""},"categories":[38],"tags":[],"class_list":["post-9296","post","type-post","status-publish","format-standard","hentry","category-destaque"],"_links":{"self":[{"href":"https:\/\/sites.ecclesia.pt\/cv\/wp-json\/wp\/v2\/posts\/9296","targetHints":{"allow":["GET"]}}],"collection":[{"href":"https:\/\/sites.ecclesia.pt\/cv\/wp-json\/wp\/v2\/posts"}],"about":[{"href":"https:\/\/sites.ecclesia.pt\/cv\/wp-json\/wp\/v2\/types\/post"}],"author":[{"embeddable":true,"href":"https:\/\/sites.ecclesia.pt\/cv\/wp-json\/wp\/v2\/users\/1"}],"replies":[{"embeddable":true,"href":"https:\/\/sites.ecclesia.pt\/cv\/wp-json\/wp\/v2\/comments?post=9296"}],"version-history":[{"count":0,"href":"https:\/\/sites.ecclesia.pt\/cv\/wp-json\/wp\/v2\/posts\/9296\/revisions"}],"wp:attachment":[{"href":"https:\/\/sites.ecclesia.pt\/cv\/wp-json\/wp\/v2\/media?parent=9296"}],"wp:term":[{"taxonomy":"category","embeddable":true,"href":"https:\/\/sites.ecclesia.pt\/cv\/wp-json\/wp\/v2\/categories?post=9296"},{"taxonomy":"post_tag","embeddable":true,"href":"https:\/\/sites.ecclesia.pt\/cv\/wp-json\/wp\/v2\/tags?post=9296"}],"curies":[{"name":"wp","href":"https:\/\/api.w.org\/{rel}","templated":true}]}}