{"id":9297,"date":"2007-07-26T11:22:00","date_gmt":"2007-07-26T11:22:00","guid":{"rendered":"http:\/\/localhost:81\/wp1\/?p=9297"},"modified":"2007-07-26T11:22:00","modified_gmt":"2007-07-26T11:22:00","slug":"iniciativas-nas-areas-da-geologia-astronomia-e-biologia","status":"publish","type":"post","link":"https:\/\/sites.ecclesia.pt\/cv\/iniciativas-nas-areas-da-geologia-astronomia-e-biologia\/","title":{"rendered":"Iniciativas nas \u00e1reas da geologia, astronomia e biologia"},"content":{"rendered":"<p>Regi\u00e3o acolhe Ci\u00eancia no Ver\u00e3o <!--more--> At\u00e9 Setembro, na regi\u00e3o de Aveiro, est\u00e1 a decorrer mais uma edi\u00e7\u00e3o da Ci\u00eancia no Ver\u00e3o, evento que integra as mais diversas iniciativas de divulga\u00e7\u00e3o cient\u00edfica em \u00e1reas como a geologia, a biologia e a astronomia.<\/p>\n<p>Das iniciativas agendadas at\u00e9 ao final de Julho, destacam-se, entre outras, o passeio guiado pelo per-curso de Salreu do BioRia, promovido pela C\u00e2mara Municipal de Estarreja, que ir\u00e1 decorrer no dia de hoje, pelas 9h30. Tamb\u00e9m hoje, pelas 14 horas, nas instala\u00e7\u00f5es da Funceramics (em Aradas), o Centro de Estudos Geol\u00f3gicos, da Universidade Nova de Lisboa, promove o evento \u201cArgilas ou barros: das profundezas da Terra at\u00e9 \u00e0s nossas casas\u201d. Esta ac\u00e7\u00e3o repete-se no dia 30 de Julho.<\/p>\n<p>Hoje, pelas 22 horas, na entrada da Reserva Natural das Dunas de S. Jacinto, ter\u00e1 lugar mais uma ac\u00e7\u00e3o da \u201cAstronomia no Ver\u00e3o\u201d, popular evento promovido pela Associa\u00e7\u00e3o de F\u00edsica da Universidade de Aveiro, que voltar\u00e1 a ocorrer amanh\u00e3 e no s\u00e1bado, pela mesma hora, em \u00c1gueda (parque municipal, junto ao rio) e em Estarreja (junto ao mercado municipal), respectivamente.<\/p>\n<p>Amanh\u00e3, o Departamento de Geoci\u00eancias, da Universidade de Aveiro, realiza o evento \u201cA \u00e1gua que bebemos: o sistema regional do Carvoeiro\u201d. O encontro ter\u00e1 lugar no Departamento de Geoci\u00eancias, pelas 9h30.<\/p>\n<p>\u201cGeologia dos arredores do Bu\u00e7aco: uma janela no passado geol\u00f3gico\u201d \u00e9 o evento que o Departamento de Geoci\u00eancias, da Universidade de Aveiro, ir\u00e1 realizar na sexta-feira. O encontro est\u00e1 marcado para a Reitoria da Universidade, pelas 9 horas.<\/p>\n","protected":false},"excerpt":{"rendered":"<p>Regi\u00e3o acolhe Ci\u00eancia no Ver\u00e3o<\/p>\n","protected":false},"author":1,"featured_media":0,"comment_status":"open","ping_status":"open","sticky":false,"template":"","format":"standard","meta":{"footnotes":""},"categories":[66],"tags":[],"class_list":["post-9297","post","type-post","status-publish","format-standard","hentry","category-cultura"],"_links":{"self":[{"href":"https:\/\/sites.ecclesia.pt\/cv\/wp-json\/wp\/v2\/posts\/9297","targetHints":{"allow":["GET"]}}],"collection":[{"href":"https:\/\/sites.ecclesia.pt\/cv\/wp-json\/wp\/v2\/posts"}],"about":[{"href":"https:\/\/sites.ecclesia.pt\/cv\/wp-json\/wp\/v2\/types\/post"}],"author":[{"embeddable":true,"href":"https:\/\/sites.ecclesia.pt\/cv\/wp-json\/wp\/v2\/users\/1"}],"replies":[{"embeddable":true,"href":"https:\/\/sites.ecclesia.pt\/cv\/wp-json\/wp\/v2\/comments?post=9297"}],"version-history":[{"count":0,"href":"https:\/\/sites.ecclesia.pt\/cv\/wp-json\/wp\/v2\/posts\/9297\/revisions"}],"wp:attachment":[{"href":"https:\/\/sites.ecclesia.pt\/cv\/wp-json\/wp\/v2\/media?parent=9297"}],"wp:term":[{"taxonomy":"category","embeddable":true,"href":"https:\/\/sites.ecclesia.pt\/cv\/wp-json\/wp\/v2\/categories?post=9297"},{"taxonomy":"post_tag","embeddable":true,"href":"https:\/\/sites.ecclesia.pt\/cv\/wp-json\/wp\/v2\/tags?post=9297"}],"curies":[{"name":"wp","href":"https:\/\/api.w.org\/{rel}","templated":true}]}}