{"id":9299,"date":"2007-07-26T11:24:00","date_gmt":"2007-07-26T11:24:00","guid":{"rendered":"http:\/\/localhost:81\/wp1\/?p=9299"},"modified":"2007-07-26T11:24:00","modified_gmt":"2007-07-26T11:24:00","slug":"recital-de-orgao-em-calvao","status":"publish","type":"post","link":"https:\/\/sites.ecclesia.pt\/cv\/recital-de-orgao-em-calvao\/","title":{"rendered":"Recital de \u00f3rg\u00e3o em Calv\u00e3o"},"content":{"rendered":"<p>Ciclo Buxtehude <!--more--> Prossegue a comemora\u00e7\u00e3o do terceiro centen\u00e1rio da morte de Dietrich Buxtehude (1637-1707), assinalada com a audi\u00e7\u00e3o da obra organ\u00edstica integral deste compositor nos \u00f3rg\u00e3os de tubos da regi\u00e3o de Aveiro. O quarto concerto desta s\u00e9rie ter\u00e1 lugar na Igreja de Calv\u00e3o, no pr\u00f3ximo s\u00e1bado, dia 28, a seguir \u00e0 missa das 20h30.<\/p>\n<p>As obras de Buxtehude a apresentar s\u00e3o as seguintes: Prel\u00fadio e fuga em sol menor BuxWV 149, Magnificat primi toni BuxWV 203, Prel\u00fadio e fuga em sol menor BuxWV 163, Coral \u201cLob, mein Seel, den Herren\u201d BuxWV 212 e Prel\u00fadio, fuga e chacone em d\u00f3 maior Bux WV 137.<\/p>\n<p>Ser\u00e1 int\u00e9rprete Celina Martins, organista da Igreja Matriz de Albergaria-a-Velha e professora da Escola Diocesana de M\u00fasica Sacra de Aveiro (EDMUSA).<\/p>\n","protected":false},"excerpt":{"rendered":"<p>Ciclo Buxtehude<\/p>\n","protected":false},"author":1,"featured_media":0,"comment_status":"open","ping_status":"open","sticky":false,"template":"","format":"standard","meta":{"footnotes":""},"categories":[66],"tags":[],"class_list":["post-9299","post","type-post","status-publish","format-standard","hentry","category-cultura"],"_links":{"self":[{"href":"https:\/\/sites.ecclesia.pt\/cv\/wp-json\/wp\/v2\/posts\/9299","targetHints":{"allow":["GET"]}}],"collection":[{"href":"https:\/\/sites.ecclesia.pt\/cv\/wp-json\/wp\/v2\/posts"}],"about":[{"href":"https:\/\/sites.ecclesia.pt\/cv\/wp-json\/wp\/v2\/types\/post"}],"author":[{"embeddable":true,"href":"https:\/\/sites.ecclesia.pt\/cv\/wp-json\/wp\/v2\/users\/1"}],"replies":[{"embeddable":true,"href":"https:\/\/sites.ecclesia.pt\/cv\/wp-json\/wp\/v2\/comments?post=9299"}],"version-history":[{"count":0,"href":"https:\/\/sites.ecclesia.pt\/cv\/wp-json\/wp\/v2\/posts\/9299\/revisions"}],"wp:attachment":[{"href":"https:\/\/sites.ecclesia.pt\/cv\/wp-json\/wp\/v2\/media?parent=9299"}],"wp:term":[{"taxonomy":"category","embeddable":true,"href":"https:\/\/sites.ecclesia.pt\/cv\/wp-json\/wp\/v2\/categories?post=9299"},{"taxonomy":"post_tag","embeddable":true,"href":"https:\/\/sites.ecclesia.pt\/cv\/wp-json\/wp\/v2\/tags?post=9299"}],"curies":[{"name":"wp","href":"https:\/\/api.w.org\/{rel}","templated":true}]}}