{"id":9300,"date":"2007-07-26T11:26:00","date_gmt":"2007-07-26T11:26:00","guid":{"rendered":"http:\/\/localhost:81\/wp1\/?p=9300"},"modified":"2007-07-26T11:26:00","modified_gmt":"2007-07-26T11:26:00","slug":"site-falante-auxilia-cegos","status":"publish","type":"post","link":"https:\/\/sites.ecclesia.pt\/cv\/site-falante-auxilia-cegos\/","title":{"rendered":"Site falante auxilia cegos"},"content":{"rendered":"<p>Sites  Blogues &#8211; www.whitecanelabel.com <!--more--> Dois estudantes norte-americanos criaram um site com o objectivo de ajudar as pessoas cegas a escolher e comprar roupas providas de etiquetas em braille e enviadas para a casa dos clientes.  <\/p>\n<p>O site falante www. whitecanelabel.com, que deve entrar on-line no segundo semestre deste ano, perguntar\u00e1 aos utilizadores quais s\u00e3o os seus gostos e recomendar\u00e1 roupas baseadas nessas prefer\u00eancias.<\/p>\n<p>O objectivo central \u00e9 dar aos cegos e pessoas visualmente incapacitadas mais independ\u00eancia para escolher as suas roupas.<\/p>\n<p>As roupas incluir\u00e3o uma etiqueta em braille com o nome do designer, tipo de pe\u00e7a, tamanho, cor e s\u00edmbolos para ajudar na combina\u00e7\u00e3o das pe\u00e7as dependendo da situa\u00e7\u00e3o, como \u201cvisual de neg\u00f3cios\u201d.<\/p>\n<p>Embora o empreendimento seja um esfor\u00e7o sem fins lucrativos, onde os designers podem fazer doa\u00e7\u00f5es, as roupas ser\u00e3o vendidas a pre\u00e7os de retalho, para evitar que consumidores que n\u00e3o s\u00e3o cegos sejam beneficiados.<\/p>\n<p>Nuno Martins<\/p>\n","protected":false},"excerpt":{"rendered":"<p>Sites Blogues &#8211; www.whitecanelabel.com<\/p>\n","protected":false},"author":1,"featured_media":0,"comment_status":"open","ping_status":"open","sticky":false,"template":"","format":"standard","meta":{"footnotes":""},"categories":[66],"tags":[],"class_list":["post-9300","post","type-post","status-publish","format-standard","hentry","category-cultura"],"_links":{"self":[{"href":"https:\/\/sites.ecclesia.pt\/cv\/wp-json\/wp\/v2\/posts\/9300","targetHints":{"allow":["GET"]}}],"collection":[{"href":"https:\/\/sites.ecclesia.pt\/cv\/wp-json\/wp\/v2\/posts"}],"about":[{"href":"https:\/\/sites.ecclesia.pt\/cv\/wp-json\/wp\/v2\/types\/post"}],"author":[{"embeddable":true,"href":"https:\/\/sites.ecclesia.pt\/cv\/wp-json\/wp\/v2\/users\/1"}],"replies":[{"embeddable":true,"href":"https:\/\/sites.ecclesia.pt\/cv\/wp-json\/wp\/v2\/comments?post=9300"}],"version-history":[{"count":0,"href":"https:\/\/sites.ecclesia.pt\/cv\/wp-json\/wp\/v2\/posts\/9300\/revisions"}],"wp:attachment":[{"href":"https:\/\/sites.ecclesia.pt\/cv\/wp-json\/wp\/v2\/media?parent=9300"}],"wp:term":[{"taxonomy":"category","embeddable":true,"href":"https:\/\/sites.ecclesia.pt\/cv\/wp-json\/wp\/v2\/categories?post=9300"},{"taxonomy":"post_tag","embeddable":true,"href":"https:\/\/sites.ecclesia.pt\/cv\/wp-json\/wp\/v2\/tags?post=9300"}],"curies":[{"name":"wp","href":"https:\/\/api.w.org\/{rel}","templated":true}]}}