{"id":9301,"date":"2007-07-26T11:26:00","date_gmt":"2007-07-26T11:26:00","guid":{"rendered":"http:\/\/localhost:81\/wp1\/?p=9301"},"modified":"2007-07-26T11:26:00","modified_gmt":"2007-07-26T11:26:00","slug":"artistas-lusofonos-expoem-na-capitania","status":"publish","type":"post","link":"https:\/\/sites.ecclesia.pt\/cv\/artistas-lusofonos-expoem-na-capitania\/","title":{"rendered":"Artistas lus\u00f3fonos exp\u00f5em na Capitania"},"content":{"rendered":"<p>Nove artistas lus\u00f3fonos exp\u00f5em na Galeria da Capitania, em Aveiro, at\u00e9 2 de Setembro. A exposi\u00e7\u00e3o intitula-se \u201c\u00c0 Janela da Ria\u201d e re\u00fane quarenta pe\u00e7as de pintura e escultura. Pode ser visitada de ter\u00e7a-feira a domingo, das 14h \u00e0s 19h, com entrada livre.<\/p>\n<p>A exposi\u00e7\u00e3o, organizada pela C\u00e2mara Municipal de Aveiro e pela TAM \u2013 C\u00edrculo de Artistas Pl\u00e1sticos, \u00e9 composta de trabalhos de artistas de Angola (Jorge Gumbe), Brasil (Constan\u00e7a Lucas), Guin\u00e9 (Manuela Jardim), Mo\u00e7ambique (Jos\u00e9 P\u00e1dua e Rodrigo Pombeiro), Portugal (Dorindo e Jo\u00e3o Paulo), S\u00e3o Tom\u00e9 e Pr\u00edncipe (Eduardo Male) e Timor (Viriato Silveira).<\/p>\n<p>A TAM \u2013 C\u00edrculo de Artistas Pl\u00e1sticos, \u00e9 um grupo informal que h\u00e1 24 anos materializa exposi\u00e7\u00f5es colectivas com assinal\u00e1vel \u00eaxito na componente art\u00edstica e social.<\/p>\n","protected":false},"excerpt":{"rendered":"<p>Nove artistas lus\u00f3fonos exp\u00f5em na Galeria da Capitania, em Aveiro, at\u00e9 2 de Setembro. A exposi\u00e7\u00e3o intitula-se \u201c\u00c0 Janela da Ria\u201d e re\u00fane quarenta pe\u00e7as de pintura e escultura. Pode ser visitada de ter\u00e7a-feira a domingo, das 14h \u00e0s 19h, com entrada livre. A exposi\u00e7\u00e3o, organizada pela C\u00e2mara Municipal de Aveiro e pela TAM \u2013 [&hellip;]<\/p>\n","protected":false},"author":1,"featured_media":0,"comment_status":"open","ping_status":"open","sticky":false,"template":"","format":"standard","meta":{"footnotes":""},"categories":[66],"tags":[],"class_list":["post-9301","post","type-post","status-publish","format-standard","hentry","category-cultura"],"_links":{"self":[{"href":"https:\/\/sites.ecclesia.pt\/cv\/wp-json\/wp\/v2\/posts\/9301","targetHints":{"allow":["GET"]}}],"collection":[{"href":"https:\/\/sites.ecclesia.pt\/cv\/wp-json\/wp\/v2\/posts"}],"about":[{"href":"https:\/\/sites.ecclesia.pt\/cv\/wp-json\/wp\/v2\/types\/post"}],"author":[{"embeddable":true,"href":"https:\/\/sites.ecclesia.pt\/cv\/wp-json\/wp\/v2\/users\/1"}],"replies":[{"embeddable":true,"href":"https:\/\/sites.ecclesia.pt\/cv\/wp-json\/wp\/v2\/comments?post=9301"}],"version-history":[{"count":0,"href":"https:\/\/sites.ecclesia.pt\/cv\/wp-json\/wp\/v2\/posts\/9301\/revisions"}],"wp:attachment":[{"href":"https:\/\/sites.ecclesia.pt\/cv\/wp-json\/wp\/v2\/media?parent=9301"}],"wp:term":[{"taxonomy":"category","embeddable":true,"href":"https:\/\/sites.ecclesia.pt\/cv\/wp-json\/wp\/v2\/categories?post=9301"},{"taxonomy":"post_tag","embeddable":true,"href":"https:\/\/sites.ecclesia.pt\/cv\/wp-json\/wp\/v2\/tags?post=9301"}],"curies":[{"name":"wp","href":"https:\/\/api.w.org\/{rel}","templated":true}]}}