{"id":9302,"date":"2007-07-26T11:27:00","date_gmt":"2007-07-26T11:27:00","guid":{"rendered":"http:\/\/localhost:81\/wp1\/?p=9302"},"modified":"2007-07-26T11:27:00","modified_gmt":"2007-07-26T11:27:00","slug":"mostra-etnografica-e-folclore","status":"publish","type":"post","link":"https:\/\/sites.ecclesia.pt\/cv\/mostra-etnografica-e-folclore\/","title":{"rendered":"Mostra etnogr\u00e1fica e folclore"},"content":{"rendered":"<p>RIBEIRA DE FR\u00c1GUAS <!--more--> A IV Mostra Etnogr\u00e1fica de Ribeira de Fr\u00e1guas (Albergaria-a-Velha) ir\u00e1 decorrer nos dias 28 e 29 de Julho, na sede do Rancho Folcl\u00f3rico, numa iniciativa do N\u00facleo de Recolhas deste ran-cho, a qual estar\u00e1 aberta ao p\u00fablico entre as 16 e as 24 h (no s\u00e1bado) e das 10 \u00e0s 19 h (no domingo).<\/p>\n<p>Tamb\u00e9m no pr\u00f3ximo s\u00e1bado, a partir das 21h30, no Jardim de Ribeira de Fr\u00e1guas, ir\u00e1 decorrer o XV Festival do Rancho Folcl\u00f3rico de Ribeira de Fr\u00e1guas. Para al\u00e9m do grupo anfitri\u00e3o, o festival contar\u00e1 com a participa\u00e7\u00e3o dos seguintes grupos: Rancho Folcl\u00f3rico do Clube Oriental de Pech\u00e3o (Olh\u00e3o), Rancho Folcl\u00f3rico de S. Tiago (Mirandela) e Rancho Folcl\u00f3rico Vale Flores (Almada).<\/p>\n","protected":false},"excerpt":{"rendered":"<p>RIBEIRA DE FR\u00c1GUAS<\/p>\n","protected":false},"author":1,"featured_media":0,"comment_status":"open","ping_status":"open","sticky":false,"template":"","format":"standard","meta":{"footnotes":""},"categories":[66],"tags":[],"class_list":["post-9302","post","type-post","status-publish","format-standard","hentry","category-cultura"],"_links":{"self":[{"href":"https:\/\/sites.ecclesia.pt\/cv\/wp-json\/wp\/v2\/posts\/9302","targetHints":{"allow":["GET"]}}],"collection":[{"href":"https:\/\/sites.ecclesia.pt\/cv\/wp-json\/wp\/v2\/posts"}],"about":[{"href":"https:\/\/sites.ecclesia.pt\/cv\/wp-json\/wp\/v2\/types\/post"}],"author":[{"embeddable":true,"href":"https:\/\/sites.ecclesia.pt\/cv\/wp-json\/wp\/v2\/users\/1"}],"replies":[{"embeddable":true,"href":"https:\/\/sites.ecclesia.pt\/cv\/wp-json\/wp\/v2\/comments?post=9302"}],"version-history":[{"count":0,"href":"https:\/\/sites.ecclesia.pt\/cv\/wp-json\/wp\/v2\/posts\/9302\/revisions"}],"wp:attachment":[{"href":"https:\/\/sites.ecclesia.pt\/cv\/wp-json\/wp\/v2\/media?parent=9302"}],"wp:term":[{"taxonomy":"category","embeddable":true,"href":"https:\/\/sites.ecclesia.pt\/cv\/wp-json\/wp\/v2\/categories?post=9302"},{"taxonomy":"post_tag","embeddable":true,"href":"https:\/\/sites.ecclesia.pt\/cv\/wp-json\/wp\/v2\/tags?post=9302"}],"curies":[{"name":"wp","href":"https:\/\/api.w.org\/{rel}","templated":true}]}}