{"id":9303,"date":"2007-07-26T11:28:00","date_gmt":"2007-07-26T11:28:00","guid":{"rendered":"http:\/\/localhost:81\/wp1\/?p=9303"},"modified":"2007-07-26T11:28:00","modified_gmt":"2007-07-26T11:28:00","slug":"feira-de-arte-e-tradicao","status":"publish","type":"post","link":"https:\/\/sites.ecclesia.pt\/cv\/feira-de-arte-e-tradicao\/","title":{"rendered":"Feira de Arte e Tradi\u00e7\u00e3o"},"content":{"rendered":"<p>FROSSOS <!--more--> A II Feira \u201cArte &#038; Tradi\u00e7\u00e3o\u201d, de Frossos (Albergaria-a-Velha), organizada pela Junta de Freguesia de Frossos, ir\u00e1 decorrer no sal\u00e3o da autarquia, junto ao Largo do Pelourinho, entre as 17 e as 24 horas (no s\u00e1bado) e das 10 \u00e0s 20 horas (no domingo).<\/p>\n<p>A mostra de artes ter\u00e1 em exposi\u00e7\u00e3o trabalhos artesanais  como apicultura, arte decorativa, arte x\u00e1vega, azulejaria, couros, licores, olaria e tecidos. Na vertente musical, o destaque vai para a actua\u00e7\u00e3o do Grupo de Cantares do Silveiro (Oliveira do Bairro), no s\u00e1bado, pelas 21 h. No domingo, a partir das 16h30, actuar\u00e1 o Grupo de Cantares da Bateira (Frossos).<\/p>\n","protected":false},"excerpt":{"rendered":"<p>FROSSOS<\/p>\n","protected":false},"author":1,"featured_media":0,"comment_status":"open","ping_status":"open","sticky":false,"template":"","format":"standard","meta":{"footnotes":""},"categories":[66],"tags":[],"class_list":["post-9303","post","type-post","status-publish","format-standard","hentry","category-cultura"],"_links":{"self":[{"href":"https:\/\/sites.ecclesia.pt\/cv\/wp-json\/wp\/v2\/posts\/9303","targetHints":{"allow":["GET"]}}],"collection":[{"href":"https:\/\/sites.ecclesia.pt\/cv\/wp-json\/wp\/v2\/posts"}],"about":[{"href":"https:\/\/sites.ecclesia.pt\/cv\/wp-json\/wp\/v2\/types\/post"}],"author":[{"embeddable":true,"href":"https:\/\/sites.ecclesia.pt\/cv\/wp-json\/wp\/v2\/users\/1"}],"replies":[{"embeddable":true,"href":"https:\/\/sites.ecclesia.pt\/cv\/wp-json\/wp\/v2\/comments?post=9303"}],"version-history":[{"count":0,"href":"https:\/\/sites.ecclesia.pt\/cv\/wp-json\/wp\/v2\/posts\/9303\/revisions"}],"wp:attachment":[{"href":"https:\/\/sites.ecclesia.pt\/cv\/wp-json\/wp\/v2\/media?parent=9303"}],"wp:term":[{"taxonomy":"category","embeddable":true,"href":"https:\/\/sites.ecclesia.pt\/cv\/wp-json\/wp\/v2\/categories?post=9303"},{"taxonomy":"post_tag","embeddable":true,"href":"https:\/\/sites.ecclesia.pt\/cv\/wp-json\/wp\/v2\/tags?post=9303"}],"curies":[{"name":"wp","href":"https:\/\/api.w.org\/{rel}","templated":true}]}}