{"id":9304,"date":"2007-07-26T11:29:00","date_gmt":"2007-07-26T11:29:00","guid":{"rendered":"http:\/\/localhost:81\/wp1\/?p=9304"},"modified":"2007-07-26T11:29:00","modified_gmt":"2007-07-26T11:29:00","slug":"beira-mar-apresenta-se-aos-socios-no-proximo-sabado","status":"publish","type":"post","link":"https:\/\/sites.ecclesia.pt\/cv\/beira-mar-apresenta-se-aos-socios-no-proximo-sabado\/","title":{"rendered":"Beira-Mar apresenta-se aos s\u00f3cios no pr\u00f3ximo s\u00e1bado"},"content":{"rendered":"<p>Jogo Treino com o Feirense<\/p>\n<p>O Beira-Mar venceu no passado s\u00e1bado o Feirense, em jogo de prepara\u00e7\u00e3o da nova \u00e9poca, por 2-1. Os aveirenses mant\u00eam-se, assim, invenc\u00edveis nesta pr\u00e9-\u00e9poca.<\/p>\n<p>O marcador do jogo-treino, realizado no Est\u00e1dio Marcolino de Castro, em Santa Maria da Feira, foi inaugurado aos 15&#8242; por Roma, e os anfitri\u00f5es s\u00f3 perto dos primeiros 45&#8242; lograram o empate por Ga\u00facho, que, com um tiro de fora da \u00e1rea, colocou o resultado em 1-1 ao intervalo.<\/p>\n<p>J\u00e1 no segundo tempo, com duas equipas inteiramente diferentes de cada lado, foi tamb\u00e9m necess\u00e1rio esperar pelo avizinhar do termo do tempo regulamentar para se ver novo golo, algo consentido, desta vez do Beira-Mar, por Matheus (87&#8242;), assegurando a vit\u00f3ria aveirense.<\/p>\n<p>Caras novas<\/p>\n<p>No cap\u00edtulo das entradas, no decorrer desta semana dever\u00e1 chegar um central para treinar \u00e0 experi\u00eancia, enquanto para o ataque a aposta est\u00e1 centrada no mercado africano. De facto, a passagem de Serafim Gamboa por Aveiro poder\u00e1 dar frutos com a chegada de um dianteiro nigeriano.<\/p>\n<p>Entretanto, Jo\u00e3o Paulo, m\u00e9dio-ofensivo do Avanca (23 anos), come\u00e7ou esta semana a treinar com a equipa e estar\u00e1 at\u00e9 ao in\u00edcio da pr\u00f3xima semana sob observa\u00e7\u00e3o. O atleta formado nas escolas do Beira-Mar foi na \u00e9poca passada o melhor marcador da equipa sat\u00e9lite dos aveirenses.<\/p>\n<p>Sa\u00eddas<\/p>\n<p>Tininho dever\u00e1 estar de sa\u00edda do Beira-Mar. Segundo as informa\u00e7\u00f5es poss\u00edveis de apurar, o lateral-esquerdo do Beira-Mar poder\u00e1 estar em Inglaterra para fazer testes m\u00e9dicos e mostrar-se nos treinos do West Bromwich Albion. Contudo, esta informa\u00e7\u00e3o n\u00e3o \u00e9 oficial j\u00e1 que os dirigentes do Beira-Mar garantiam ter autorizado uma viagem de car\u00e1cter particular a Mo\u00e7ambique. Rog\u00e9rio Gon\u00e7alves n\u00e3o esconde que d\u00e1 o atleta como \u201cperdido\u201d e testa alternativas. <\/p>\n<p>A transfer\u00eancia, no in\u00edcio do \u00faltimo ano de contrato, poder\u00e1 permitir um encaixe na ordem dos 300 mil euros. Estando o jogador em final de contrato, \u00e9 uma oportunidade de ouro para o Beira-Mar realizar uma mais valia importante numa altura em que o Clube passa por algumas dificuldades.<\/p>\n<p>Ao longo do dia de segunda-feira circularam informa\u00e7\u00f5es sobre uma poss\u00edvel viagem para fazer exames m\u00e9dicos e treinos num clube estrangeiro (Inglaterra) mas as diferentes vers\u00f5es nunca mereceram confirma\u00e7\u00e3o oficial. A situa\u00e7\u00e3o dever\u00e1 ficar decidida at\u00e9 ao fim desta semana.<\/p>\n<p>Apresenta\u00e7\u00e3o no pr\u00f3ximo s\u00e1bado<\/p>\n<p>O Beira-Mar apresenta-se aos s\u00f3cios no pr\u00f3ximo s\u00e1bado, no Est\u00e1dio Municipal, frente ao Ourense. O jogo com a equipa da segunda divis\u00e3o espanhola tem in\u00edcio \u00e0s 18 horas.<\/p>\n<p>Paulo Diz<\/p>\n","protected":false},"excerpt":{"rendered":"<p>Jogo Treino com o Feirense O Beira-Mar venceu no passado s\u00e1bado o Feirense, em jogo de prepara\u00e7\u00e3o da nova \u00e9poca, por 2-1. Os aveirenses mant\u00eam-se, assim, invenc\u00edveis nesta pr\u00e9-\u00e9poca. O marcador do jogo-treino, realizado no Est\u00e1dio Marcolino de Castro, em Santa Maria da Feira, foi inaugurado aos 15&#8242; por Roma, e os anfitri\u00f5es s\u00f3 perto [&hellip;]<\/p>\n","protected":false},"author":1,"featured_media":0,"comment_status":"open","ping_status":"open","sticky":false,"template":"","format":"standard","meta":{"footnotes":""},"categories":[46],"tags":[],"class_list":["post-9304","post","type-post","status-publish","format-standard","hentry","category-desporto"],"_links":{"self":[{"href":"https:\/\/sites.ecclesia.pt\/cv\/wp-json\/wp\/v2\/posts\/9304","targetHints":{"allow":["GET"]}}],"collection":[{"href":"https:\/\/sites.ecclesia.pt\/cv\/wp-json\/wp\/v2\/posts"}],"about":[{"href":"https:\/\/sites.ecclesia.pt\/cv\/wp-json\/wp\/v2\/types\/post"}],"author":[{"embeddable":true,"href":"https:\/\/sites.ecclesia.pt\/cv\/wp-json\/wp\/v2\/users\/1"}],"replies":[{"embeddable":true,"href":"https:\/\/sites.ecclesia.pt\/cv\/wp-json\/wp\/v2\/comments?post=9304"}],"version-history":[{"count":0,"href":"https:\/\/sites.ecclesia.pt\/cv\/wp-json\/wp\/v2\/posts\/9304\/revisions"}],"wp:attachment":[{"href":"https:\/\/sites.ecclesia.pt\/cv\/wp-json\/wp\/v2\/media?parent=9304"}],"wp:term":[{"taxonomy":"category","embeddable":true,"href":"https:\/\/sites.ecclesia.pt\/cv\/wp-json\/wp\/v2\/categories?post=9304"},{"taxonomy":"post_tag","embeddable":true,"href":"https:\/\/sites.ecclesia.pt\/cv\/wp-json\/wp\/v2\/tags?post=9304"}],"curies":[{"name":"wp","href":"https:\/\/api.w.org\/{rel}","templated":true}]}}