{"id":9305,"date":"2007-07-26T11:30:00","date_gmt":"2007-07-26T11:30:00","guid":{"rendered":"http:\/\/localhost:81\/wp1\/?p=9305"},"modified":"2007-07-26T11:30:00","modified_gmt":"2007-07-26T11:30:00","slug":"medidas","status":"publish","type":"post","link":"https:\/\/sites.ecclesia.pt\/cv\/medidas\/","title":{"rendered":"Medidas"},"content":{"rendered":"<p>Ponta de Lan\u00e7a <!--more--> Quando um grupo, seja ele qual for, tem um desempenho desadequado \u00e0s perspectivas dos seus respons\u00e1veis ou aqu\u00e9m dos objectivos propostos, \u00e9 recorrente haver lugar \u00e0 reflex\u00e3o, \u00e0 pondera\u00e7\u00e3o de desempenhos e tomar as decis\u00f5es que cada situa\u00e7\u00e3o exige, tomar medidas. Isto aplica-se a modelos de gest\u00e3o de topo, interm\u00e9dia, de base, a modelos de gest\u00e3o familiar e \u00e0s pr\u00f3prias fam\u00edlias na gest\u00e3o dos seus recursos \u2013 muito importante!<\/p>\n<p>Tomar medidas \u00e9 um acto de decis\u00e3o para repor funcionamentos correctos at\u00e9 nos clubes desportivos, nas diferentes \u00e1reas, inclusive no decurso do pr\u00f3prio jogo!<\/p>\n<p>Medidas! Ou seja, meios para reverter percursos, meios para analisar as situa\u00e7\u00f5es, meios para mensurar uma determinada coisa!<\/p>\n<p>Por Aveiro (e arredores) baralham-se as medidas do cidad\u00e3o comum quando este constata que postos de abastecimento de combust\u00edvel foram constru\u00eddos tendo por base o afastamento de \u00e1reas sens\u00edveis (apesar da lei ser assim lata, \u2026 compreende-se o significado que a Portaria n\u00ba 131\/2002, de 9 de Fevereiro, quis dar) mas agora permite-se que edif\u00edcios de habita\u00e7\u00e3o sejam constru\u00eddos at\u00e9 \u00e0 extrema!?<\/p>\n<p>Ainda em Aveiro\u2026 qual a medida a disponibilizar (para o \u201cer\u00e1rio\u201d p\u00fablico) entre o eixo da via e a constru\u00e7\u00e3o de um edif\u00edcio?! Nove metros? Passeio e estacionamento? S\u00f3 passeio? Quem der mais? Quem conhece melhor? H\u00e1 medidas estranhas?! Provavelmente a lei est\u00e1 em \u201cfeet\u201d (j\u00e1 que \u00e9 para passeio!) e as pessoas pensam que \u00e9 em metros?!<\/p>\n<p>Por fim, mais uma medida singular! Os cursos Novas Oportunidades (Educa\u00e7\u00e3o e Forma\u00e7\u00e3o de Adultos, Cursos de Educa\u00e7\u00e3o e Forma\u00e7\u00e3o, Cursos Profissionais) est\u00e3o a triunfar! Os Cursos Profissionais at\u00e9 se prestam, lentamente, para substituir os tecnol\u00f3gicos (do Ensino Secund\u00e1rio)! E onde est\u00e1, na matriz curricular desses cursos, contemplado o n\u00ba 3 do artigo 50, em mat\u00e9ria de forma\u00e7\u00e3o moral e religiosa da Lei de Bases?<\/p>\n<p>Perante tais medidas (op\u00e7\u00f5es) em concreto, quais as medidas (correc\u00e7\u00f5es) a adoptar?!<\/p>\n<p>Desportivamente\u2026 pelo desporto!<\/p>\n","protected":false},"excerpt":{"rendered":"<p>Ponta de Lan\u00e7a<\/p>\n","protected":false},"author":1,"featured_media":0,"comment_status":"open","ping_status":"open","sticky":false,"template":"","format":"standard","meta":{"footnotes":""},"categories":[46],"tags":[],"class_list":["post-9305","post","type-post","status-publish","format-standard","hentry","category-desporto"],"_links":{"self":[{"href":"https:\/\/sites.ecclesia.pt\/cv\/wp-json\/wp\/v2\/posts\/9305","targetHints":{"allow":["GET"]}}],"collection":[{"href":"https:\/\/sites.ecclesia.pt\/cv\/wp-json\/wp\/v2\/posts"}],"about":[{"href":"https:\/\/sites.ecclesia.pt\/cv\/wp-json\/wp\/v2\/types\/post"}],"author":[{"embeddable":true,"href":"https:\/\/sites.ecclesia.pt\/cv\/wp-json\/wp\/v2\/users\/1"}],"replies":[{"embeddable":true,"href":"https:\/\/sites.ecclesia.pt\/cv\/wp-json\/wp\/v2\/comments?post=9305"}],"version-history":[{"count":0,"href":"https:\/\/sites.ecclesia.pt\/cv\/wp-json\/wp\/v2\/posts\/9305\/revisions"}],"wp:attachment":[{"href":"https:\/\/sites.ecclesia.pt\/cv\/wp-json\/wp\/v2\/media?parent=9305"}],"wp:term":[{"taxonomy":"category","embeddable":true,"href":"https:\/\/sites.ecclesia.pt\/cv\/wp-json\/wp\/v2\/categories?post=9305"},{"taxonomy":"post_tag","embeddable":true,"href":"https:\/\/sites.ecclesia.pt\/cv\/wp-json\/wp\/v2\/tags?post=9305"}],"curies":[{"name":"wp","href":"https:\/\/api.w.org\/{rel}","templated":true}]}}