{"id":9640,"date":"2007-05-09T11:16:00","date_gmt":"2007-05-09T11:16:00","guid":{"rendered":"http:\/\/localhost:81\/wp1\/?p=9640"},"modified":"2007-05-09T11:16:00","modified_gmt":"2007-05-09T11:16:00","slug":"frases-da-semana-80","status":"publish","type":"post","link":"https:\/\/sites.ecclesia.pt\/cv\/frases-da-semana-80\/","title":{"rendered":"Frases da Semana"},"content":{"rendered":"<p>A pol\u00edtica \u00e9 a mais nobre das artes. O problema \u00e9 os artistas que a praticam.<\/p>\n<p>Manuel Jo\u00e3o Vieira<\/p>\n<p>Correio da Manh\u00e3, 06-05-07<\/p>\n<p>Quase todos os processos judiciais por corrup\u00e7\u00e3o ou il\u00edcito administrativo e quase todas as irregularidades cometidas pelas institui\u00e7\u00f5es p\u00fablicas t\u00eam, como ponto de partida ou passagem obrigat\u00f3ria, uma obra ou uma constru\u00e7\u00e3o. (&#8230;) Portugal \u00e9 um pa\u00eds de patos bravos.<\/p>\n<p>Ant\u00f3nio Barreto<\/p>\n<p>P\u00fablico, 06-05-07<\/p>\n<p>Em Portugal, ningu\u00e9m \u00e9 mais dependente do Estado do que as empresas; os pobres est\u00e3o habituados a desenrascar-se sozinhos.<\/p>\n<p>Rui Tavares<\/p>\n<p>P\u00fablico, 01-05-07<\/p>\n<p>Certas correntes da Igreja, para dizer bem de Deus e da sua ac\u00e7\u00e3o no mundo, desprezam a iniciativa humana e o desenvolvimento; para honrar a f\u00e9, desonram a raz\u00e3o; para exaltar o espiritual, dizem mal de tudo o que \u00e9 material; para dizer bem da medita\u00e7\u00e3o, da ora\u00e7\u00e3o, dizem mal da ac\u00e7\u00e3o.<\/p>\n<p>Bento Domingues<\/p>\n<p>P\u00fablico, 06-05-07<\/p>\n<p>O resultado [do projecto de Lei portugu\u00eas sobre a utiliza\u00e7\u00e3o de c\u00e9lulas estaminais] vai ser a utiliza\u00e7\u00e3o de embri\u00f5es excedent\u00e1rios e dos \u201cprodutos (&#8230;) resultantes da interrup\u00e7\u00e3o volunt\u00e1ria da gravidez\u201d na investiga\u00e7\u00e3o e respectivas utiliza\u00e7\u00f5es terap\u00eauticas. (&#8230;) Sempre pensei que a \u00fanica vantagem do nosso atraso seria o de aprender com quem vai \u00e0 frente. E n\u00e3o fazer leis \u00e0s tr\u00eas pancadas, sob a capa da modernidade e do progresso.<\/p>\n<p>Maria Jos\u00e9 Nogueira Pinto<\/p>\n<p>Di\u00e1rio de Not\u00edcias, 03-05-07<\/p>\n<p>Como a m\u00e3e, Deus quer ao mesmo tempo a autonomia das criaturas, dos homens e das mulheres.<\/p>\n<p>Anselmo Borges<\/p>\n<p>Di\u00e1rio de Not\u00edcias, 05-06-07<\/p>\n<p>A mesma Igreja que condenou o marxismo condenou o liberalismo e continua a condenar os respectivos \u2018neos\u2019 dos dois lados. Hoje, ainda mais isolada num mundo onde at\u00e9 a esquerda parece convertida \u00e0 ditadura da produtividade. A Igreja volta a estar do lado certo. E n\u00e3o fosse a ignor\u00e2ncia atroz de muitos dos seus seguidores, v\u00ea-los-\u00edamos reclamar para a Populorum Progressio, com 40 anos de avan\u00e7o, os louros da revela\u00e7\u00e3o da Verdade Inconveniente. Muito antes de Al Gore, a\u00ed estava a Igreja, a 26 de Mar\u00e7o de 67, pela voz de Paulo VI, a lan\u00e7ar um apelo: \u201cHerdeiros das gera\u00e7\u00f5es passadas e benefici\u00e1rios do trabalho dos nossos contempor\u00e2neos, temos obriga\u00e7\u00f5es para com todos, e n\u00e3o podemos desinteressar-nos dos que vir\u00e3o depois de n\u00f3s aumentar o c\u00edrculo da fam\u00edlia humana\u201d.<\/p>\n<p>Gra\u00e7a Franco<\/p>\n<p>P\u00fablico, 04-05-07<\/p>\n","protected":false},"excerpt":{"rendered":"<p>A pol\u00edtica \u00e9 a mais nobre das artes. O problema \u00e9 os artistas que a praticam. Manuel Jo\u00e3o Vieira Correio da Manh\u00e3, 06-05-07 Quase todos os processos judiciais por corrup\u00e7\u00e3o ou il\u00edcito administrativo e quase todas as irregularidades cometidas pelas institui\u00e7\u00f5es p\u00fablicas t\u00eam, como ponto de partida ou passagem obrigat\u00f3ria, uma obra ou uma constru\u00e7\u00e3o. [&hellip;]<\/p>\n","protected":false},"author":1,"featured_media":0,"comment_status":"open","ping_status":"open","sticky":false,"template":"","format":"standard","meta":{"footnotes":""},"categories":[48],"tags":[],"class_list":["post-9640","post","type-post","status-publish","format-standard","hentry","category-espaco-comum"],"_links":{"self":[{"href":"https:\/\/sites.ecclesia.pt\/cv\/wp-json\/wp\/v2\/posts\/9640","targetHints":{"allow":["GET"]}}],"collection":[{"href":"https:\/\/sites.ecclesia.pt\/cv\/wp-json\/wp\/v2\/posts"}],"about":[{"href":"https:\/\/sites.ecclesia.pt\/cv\/wp-json\/wp\/v2\/types\/post"}],"author":[{"embeddable":true,"href":"https:\/\/sites.ecclesia.pt\/cv\/wp-json\/wp\/v2\/users\/1"}],"replies":[{"embeddable":true,"href":"https:\/\/sites.ecclesia.pt\/cv\/wp-json\/wp\/v2\/comments?post=9640"}],"version-history":[{"count":0,"href":"https:\/\/sites.ecclesia.pt\/cv\/wp-json\/wp\/v2\/posts\/9640\/revisions"}],"wp:attachment":[{"href":"https:\/\/sites.ecclesia.pt\/cv\/wp-json\/wp\/v2\/media?parent=9640"}],"wp:term":[{"taxonomy":"category","embeddable":true,"href":"https:\/\/sites.ecclesia.pt\/cv\/wp-json\/wp\/v2\/categories?post=9640"},{"taxonomy":"post_tag","embeddable":true,"href":"https:\/\/sites.ecclesia.pt\/cv\/wp-json\/wp\/v2\/tags?post=9640"}],"curies":[{"name":"wp","href":"https:\/\/api.w.org\/{rel}","templated":true}]}}