{"id":9641,"date":"2007-05-09T11:17:00","date_gmt":"2007-05-09T11:17:00","guid":{"rendered":"http:\/\/localhost:81\/wp1\/?p=9641"},"modified":"2007-05-09T11:17:00","modified_gmt":"2007-05-09T11:17:00","slug":"a-princesa-santa-joana","status":"publish","type":"post","link":"https:\/\/sites.ecclesia.pt\/cv\/a-princesa-santa-joana\/","title":{"rendered":"\u00c0 Princesa Santa Joana"},"content":{"rendered":"<p>Colabora\u00e7\u00e3o dos Leitores <!--more--> Nascida em ber\u00e7o de ouro, foi capaz<\/p>\n<p>De tudo abandonar, para ouvir de Deus<\/p>\n<p>O chamamento; e, num alegre adeus,<\/p>\n<p>Deixa seu Pai, e faz o que lhe apraz.<\/p>\n<p>Princesa e Santa, dif\u00edcil miss\u00e3o,<\/p>\n<p>Menina ainda dedicou-se aos pobres,<\/p>\n<p>Foi recusando casamentos nobres<\/p>\n<p>E uma vida de ostenta\u00e7\u00e3o&#8230;<\/p>\n<p>Como foi forte esse chamamento!<\/p>\n<p>E t\u00e3o claro foi seu entendimento,<\/p>\n<p>Que, hoje, temos Santa, Santa Joana&#8230;<\/p>\n<p>Ergo a Deus e aos c\u00e9us uma ora\u00e7\u00e3o!<\/p>\n<p>Nela vai toda a minha devo\u00e7\u00e3o,<\/p>\n<p>Pela Infanta-Princesa&#8230; Santa Joana&#8230; <\/p>\n<p>Fernanda Madeira<\/p>\n","protected":false},"excerpt":{"rendered":"<p>Colabora\u00e7\u00e3o dos Leitores<\/p>\n","protected":false},"author":1,"featured_media":0,"comment_status":"open","ping_status":"open","sticky":false,"template":"","format":"standard","meta":{"footnotes":""},"categories":[48],"tags":[],"class_list":["post-9641","post","type-post","status-publish","format-standard","hentry","category-espaco-comum"],"_links":{"self":[{"href":"https:\/\/sites.ecclesia.pt\/cv\/wp-json\/wp\/v2\/posts\/9641","targetHints":{"allow":["GET"]}}],"collection":[{"href":"https:\/\/sites.ecclesia.pt\/cv\/wp-json\/wp\/v2\/posts"}],"about":[{"href":"https:\/\/sites.ecclesia.pt\/cv\/wp-json\/wp\/v2\/types\/post"}],"author":[{"embeddable":true,"href":"https:\/\/sites.ecclesia.pt\/cv\/wp-json\/wp\/v2\/users\/1"}],"replies":[{"embeddable":true,"href":"https:\/\/sites.ecclesia.pt\/cv\/wp-json\/wp\/v2\/comments?post=9641"}],"version-history":[{"count":0,"href":"https:\/\/sites.ecclesia.pt\/cv\/wp-json\/wp\/v2\/posts\/9641\/revisions"}],"wp:attachment":[{"href":"https:\/\/sites.ecclesia.pt\/cv\/wp-json\/wp\/v2\/media?parent=9641"}],"wp:term":[{"taxonomy":"category","embeddable":true,"href":"https:\/\/sites.ecclesia.pt\/cv\/wp-json\/wp\/v2\/categories?post=9641"},{"taxonomy":"post_tag","embeddable":true,"href":"https:\/\/sites.ecclesia.pt\/cv\/wp-json\/wp\/v2\/tags?post=9641"}],"curies":[{"name":"wp","href":"https:\/\/api.w.org\/{rel}","templated":true}]}}