{"id":9645,"date":"2007-05-09T11:20:00","date_gmt":"2007-05-09T11:20:00","guid":{"rendered":"http:\/\/localhost:81\/wp1\/?p=9645"},"modified":"2007-05-09T11:20:00","modified_gmt":"2007-05-09T11:20:00","slug":"programa-do-dia-de-santa-joana","status":"publish","type":"post","link":"https:\/\/sites.ecclesia.pt\/cv\/programa-do-dia-de-santa-joana\/","title":{"rendered":"Programa do Dia de Santa Joana"},"content":{"rendered":"<p>Aveiro, 12 de Maio <!--more--> Das 9h30 \u00e0s 13h \u2013 Modelismo &#8211; Regata de Divulga\u00e7\u00e3o de Modelos \u00e0 Vela , no Cais da Fonte Nova.<\/p>\n<p>10h &#8211; Hastear da Bandeira, nos Pa\u00e7os do Concelho.<\/p>\n<p>Das 10h30 \u00e0s 11h10 horas: Desfile de Bandas e Fanfarras do Concelho: Associa\u00e7\u00e3o Musical e Cultural S\u00e3o Bernardo, Associa\u00e7\u00e3o Cultural e Recreativa \u201cFanfarra de S\u00e3o Jacinto\u201d, Associa\u00e7\u00e3o Recreativa Eixense, Banda Amizade e Banda e Escola de M\u00fasica da Quinta do Picado.<\/p>\n<p>10h30\u2013 Missa Solene na S\u00e9 de Aveiro.<\/p>\n<p>11h10 \u2013 Concentra\u00e7\u00e3o e actua\u00e7\u00e3o de Bandas e Fanfarras do Concelho, na Pra\u00e7a da Rep\u00fablica  <\/p>\n<p>12h \u2013 Sess\u00e3o Solene da Entrega das Distin\u00e7\u00f5es Honor\u00edficas, no Sal\u00e3o Nobre dos Pa\u00e7os do Concelho<\/p>\n<p>16h \u2013 Prociss\u00e3o Santa Joana.<\/p>\n<p>17h \u2013 Chegada das embarca\u00e7\u00f5es do \u201cI Trof\u00e9u Rias Baixas \u2013 Rota da Luz\u201d, no Rossio.<\/p>\n<p>18h \u2013 Serenata \u00e0 Santa Joana Princesa, pela Tuna Universit\u00e1ria de Aveiro, na Avenida Santa Joana (junto \u00e0 est\u00e1tua).<\/p>\n<p>18 h \u2013 Lan\u00e7amento do livro \u201c125 Anos dos Bombeiros Velhos\u201d, integrado nas Comemora\u00e7\u00f5es dos 125 Anos da Associa\u00e7\u00e3o Huma-nit\u00e1ria dos Bombeiros Volunt\u00e1rios de Aveiro, no Audit\u00f3rio do Parque de Exposi\u00e7\u00f5es de Aveiro.<\/p>\n<p>21h30\u2013 Concerto pela  Or-questra Filarmonia das Beiras. Interpreta \u201cTe Deum\u201d, de Char-pantier, com o Coral S\u00e3o Pedro de Aradas, e \u201cA Ver a Ria\u201d, de Eurico Carrapatoso, com o Coral Polif\u00f3nico de Aveiro, o Coral Vera Cruz, o Coro Santa Joana e o Coro de C\u00e2mara \u201cCapella Antiqua\u201d, no Teatro Aveirense. <\/p>\n","protected":false},"excerpt":{"rendered":"<p>Aveiro, 12 de Maio<\/p>\n","protected":false},"author":1,"featured_media":0,"comment_status":"open","ping_status":"open","sticky":false,"template":"","format":"standard","meta":{"footnotes":""},"categories":[38],"tags":[],"class_list":["post-9645","post","type-post","status-publish","format-standard","hentry","category-destaque"],"_links":{"self":[{"href":"https:\/\/sites.ecclesia.pt\/cv\/wp-json\/wp\/v2\/posts\/9645","targetHints":{"allow":["GET"]}}],"collection":[{"href":"https:\/\/sites.ecclesia.pt\/cv\/wp-json\/wp\/v2\/posts"}],"about":[{"href":"https:\/\/sites.ecclesia.pt\/cv\/wp-json\/wp\/v2\/types\/post"}],"author":[{"embeddable":true,"href":"https:\/\/sites.ecclesia.pt\/cv\/wp-json\/wp\/v2\/users\/1"}],"replies":[{"embeddable":true,"href":"https:\/\/sites.ecclesia.pt\/cv\/wp-json\/wp\/v2\/comments?post=9645"}],"version-history":[{"count":0,"href":"https:\/\/sites.ecclesia.pt\/cv\/wp-json\/wp\/v2\/posts\/9645\/revisions"}],"wp:attachment":[{"href":"https:\/\/sites.ecclesia.pt\/cv\/wp-json\/wp\/v2\/media?parent=9645"}],"wp:term":[{"taxonomy":"category","embeddable":true,"href":"https:\/\/sites.ecclesia.pt\/cv\/wp-json\/wp\/v2\/categories?post=9645"},{"taxonomy":"post_tag","embeddable":true,"href":"https:\/\/sites.ecclesia.pt\/cv\/wp-json\/wp\/v2\/tags?post=9645"}],"curies":[{"name":"wp","href":"https:\/\/api.w.org\/{rel}","templated":true}]}}