{"id":9740,"date":"2007-05-16T14:54:00","date_gmt":"2007-05-16T14:54:00","guid":{"rendered":"http:\/\/localhost:81\/wp1\/?p=9740"},"modified":"2007-05-16T14:54:00","modified_gmt":"2007-05-16T14:54:00","slug":"descida-do-antua-abre-semana-do-ambiente","status":"publish","type":"post","link":"https:\/\/sites.ecclesia.pt\/cv\/descida-do-antua-abre-semana-do-ambiente\/","title":{"rendered":"Descida do Antu\u00e3 abre Semana do Ambiente"},"content":{"rendered":"<p>Estarreja <!--more--> Estarreja vive, de 20 a 27 de Maio, a VI Semana do Ambiente. Logo a abrir, num espect\u00e1culo que cada vez tem mais participantes e espectadores, realiza-se a descida do rio Antu\u00e3. Na tarde de 20 de Maio, a partir das 15h, tudo serve para fazer o percurso entre a Ponte Velha e a Ponte das Vacas, desde que n\u00e3o v\u00e1 ao fundo.<\/p>\n<p>A semana prossegue com a exposi\u00e7\u00e3o \u201cEsta \u00e9 a Nossa Casa\u201d (nos Pa\u00e7os do Concelho), o filme \u201cAinda h\u00e1 Pastores\u201d (22 de Maio, Cineteatro, 21h30), uma palestra de Lauro Ant\u00f3nio sobre \u201ccinema e ambiente\u201d (a seguir \u00e0 exibi\u00e7\u00e3o do filme), as jornadas sobre \u201ca sustentabilidade das zonas h\u00famidas: perspectivas para a Ria de Aveiro\u201d (25 de Maio, no Cineteatro), e, entre outras actividades, a limpeza do percurso de Salreu do BIORIA (26 de Maio, 15h).<\/p>\n","protected":false},"excerpt":{"rendered":"<p>Estarreja<\/p>\n","protected":false},"author":1,"featured_media":0,"comment_status":"open","ping_status":"open","sticky":false,"template":"","format":"standard","meta":{"footnotes":""},"categories":[38],"tags":[],"class_list":["post-9740","post","type-post","status-publish","format-standard","hentry","category-destaque"],"_links":{"self":[{"href":"https:\/\/sites.ecclesia.pt\/cv\/wp-json\/wp\/v2\/posts\/9740","targetHints":{"allow":["GET"]}}],"collection":[{"href":"https:\/\/sites.ecclesia.pt\/cv\/wp-json\/wp\/v2\/posts"}],"about":[{"href":"https:\/\/sites.ecclesia.pt\/cv\/wp-json\/wp\/v2\/types\/post"}],"author":[{"embeddable":true,"href":"https:\/\/sites.ecclesia.pt\/cv\/wp-json\/wp\/v2\/users\/1"}],"replies":[{"embeddable":true,"href":"https:\/\/sites.ecclesia.pt\/cv\/wp-json\/wp\/v2\/comments?post=9740"}],"version-history":[{"count":0,"href":"https:\/\/sites.ecclesia.pt\/cv\/wp-json\/wp\/v2\/posts\/9740\/revisions"}],"wp:attachment":[{"href":"https:\/\/sites.ecclesia.pt\/cv\/wp-json\/wp\/v2\/media?parent=9740"}],"wp:term":[{"taxonomy":"category","embeddable":true,"href":"https:\/\/sites.ecclesia.pt\/cv\/wp-json\/wp\/v2\/categories?post=9740"},{"taxonomy":"post_tag","embeddable":true,"href":"https:\/\/sites.ecclesia.pt\/cv\/wp-json\/wp\/v2\/tags?post=9740"}],"curies":[{"name":"wp","href":"https:\/\/api.w.org\/{rel}","templated":true}]}}