{"id":9741,"date":"2007-05-16T14:55:00","date_gmt":"2007-05-16T14:55:00","guid":{"rendered":"http:\/\/localhost:81\/wp1\/?p=9741"},"modified":"2007-05-16T14:55:00","modified_gmt":"2007-05-16T14:55:00","slug":"o-meu-encontro-com-santa-joana","status":"publish","type":"post","link":"https:\/\/sites.ecclesia.pt\/cv\/o-meu-encontro-com-santa-joana\/","title":{"rendered":"O meu encontro com Santa Joana"},"content":{"rendered":"<p>Certo fim de tarde, estava um pouco cansado e deixei-me sonhar.<\/p>\n<p>Gostava de voar, mas como n\u00e3o tenho asas, fui de avi\u00e3o.<\/p>\n<p>Nesta minha viagem, encontrei uma bela senhora que me fazia lembrar algu\u00e9m. O seu rosto bonito e doce era de santa.<\/p>\n<p>Mas, quem seria? Ent\u00e3o, perguntei-lhe:<\/p>\n<p>\u2014 Ol\u00e1 senhora, eu sou o Carlos e voc\u00ea?<\/p>\n<p>\u2014 Ol\u00e1 Carlos, eu sou a Joana.<\/p>\n<p>\u2014 Claro, \u00e9s a Princesa Santa Joana!<\/p>\n<p>\u2014 Sim, sou eu. Vejo que andas preocupado, porqu\u00ea?<\/p>\n<p>\u2014 Olha, com a vida!<\/p>\n<p>\u2014 Sabes, a nossa vida tem que ter um sentido; se n\u00e3o tudo parece n\u00e3o prestar.<\/p>\n<p>\u2014 Eu sei, mas as pessoas s\u00e3o m\u00e1s, h\u00e1 tantos trabalhos de casa para fazer&#8230; quero ser livre!<\/p>\n<p>\u2014 \u00c9 bom que procures a Liberdade, mas n\u00e3o te esque\u00e7as que tens muitas obriga\u00e7\u00f5es!<\/p>\n<p>\u2014 Mas isso para que serve?<\/p>\n<p>\u2014 Para seres um bom homem. Deves lutar e at\u00e9 mesmo parecer teimoso por tudo aquilo que te faz sentir bem, mas tens sempre de respeitar os outros e ouvi-los. V\u00ea que eu tamb\u00e9m queria ser livre, lutei e n\u00e3o quis a coroa de princesa mas sim o h\u00e1bito! Com f\u00e9 e perseveran\u00e7a, consegui!<\/p>\n<p>\u2014 Pois, tu sofreste muito porque tinhas o mimo e compreens\u00e3o que as m\u00e3es nos d\u00e3o;  e \u00e9 t\u00e3o bom!<\/p>\n<p>\u2014 \u00c9 verdade que o sofrimento amadurece as pessoas e al\u00e9m disso eu tamb\u00e9m brincava como tu. O que mais gostava de fazer era refugiar-me no Pa\u00e7o e rezar. Era muito dif\u00edcil, pois ser filha de reis era como uma esp\u00e9cie de escravatura doirada!<\/p>\n<p>\u2014 Eu sei, quase toda a guarda do teu reino te acompanhava, n\u00e3o conseguias estar s\u00f3. Como era o teu pai?<\/p>\n<p>\u2014 O meu pai, el-rei D. Afonso V, conhecido como o africano, andava nas descobertas de outros pa\u00edses com as suas tropas, mas era muito meu amigo. E o teu?<\/p>\n<p>\u2014 O meu pai \u00e9 fixe, \u00e9 mesmo um companheir\u00e3o!<\/p>\n<p>\u2014 Fico contente. Mas, porque est\u00e1s descontente com a tua vida?<\/p>\n<p>\u2014 Na minha escola h\u00e1 meninos maus que s\u00f3 nos querem fazer mal; \u00e0 noite, ligamos a televis\u00e3o e no telejornal s\u00f3 se v\u00eaem desgra\u00e7as&#8230; est\u00e1 tudo muito mal!<\/p>\n<p>\u2014 No meu tempo tamb\u00e9m havia muita gente que vivia de intrigas e vaidades e isso entristecia-me. Como era poss\u00edvel as pessoas serem t\u00e3o pobres de esp\u00edrito? Felizmente, quando fui para o mosteiro de Jesus, tudo era sereno e verdadeiro!<\/p>\n<p>\u2014 Pois, mas j\u00e1 passou tanto tempo e continua a ser assim! Santa Joana, diz-me o que fazer, pois \u00e0s vezes tenho medo de n\u00e3o ser capaz.<\/p>\n<p>\u2014 Carlos, para seres feliz tens que lutar; por isso, quando vires que as coisas n\u00e3o est\u00e3o bem, ensina as pessoas e nunca desistas. Se ajudares quem precisa como eu fiz, est\u00e1s a amar Deus e Ele vai compensar-te. N\u00e3o tenhas receio, CR\u00ca somente!<\/p>\n<p>\u2014 Eu sinto que \u00e1s vezes Jesus est\u00e1 comigo, Ele mostra-me o caminho certo e eu fico bem.<\/p>\n<p>\u2014 Continua assim e n\u00e3o sejas pregui\u00e7oso, pois precisas de estudar para cresceres em todos os aspectos.<\/p>\n<p>\u2014 Ok, vou fazer isso e prometo-te que nunca mais me vou esquecer de ti. \u00c9s uma grande amiga! Obrigado.<\/p>\n<p>Plim&#8230; Plum&#8230; Catrapum&#8230;.<\/p>\n<p>Acabou o sonho! Vou trabalhar para ser uma BOA PESSOA.<\/p>\n<p>Carlos Pedro (10 anos &#8211; \u201cInfante\u201d)<\/p>\n","protected":false},"excerpt":{"rendered":"<p>Certo fim de tarde, estava um pouco cansado e deixei-me sonhar. Gostava de voar, mas como n\u00e3o tenho asas, fui de avi\u00e3o. Nesta minha viagem, encontrei uma bela senhora que me fazia lembrar algu\u00e9m. O seu rosto bonito e doce era de santa. Mas, quem seria? Ent\u00e3o, perguntei-lhe: \u2014 Ol\u00e1 senhora, eu sou o Carlos [&hellip;]<\/p>\n","protected":false},"author":1,"featured_media":0,"comment_status":"open","ping_status":"open","sticky":false,"template":"","format":"standard","meta":{"footnotes":""},"categories":[51],"tags":[],"class_list":["post-9741","post","type-post","status-publish","format-standard","hentry","category-jovens"],"_links":{"self":[{"href":"https:\/\/sites.ecclesia.pt\/cv\/wp-json\/wp\/v2\/posts\/9741","targetHints":{"allow":["GET"]}}],"collection":[{"href":"https:\/\/sites.ecclesia.pt\/cv\/wp-json\/wp\/v2\/posts"}],"about":[{"href":"https:\/\/sites.ecclesia.pt\/cv\/wp-json\/wp\/v2\/types\/post"}],"author":[{"embeddable":true,"href":"https:\/\/sites.ecclesia.pt\/cv\/wp-json\/wp\/v2\/users\/1"}],"replies":[{"embeddable":true,"href":"https:\/\/sites.ecclesia.pt\/cv\/wp-json\/wp\/v2\/comments?post=9741"}],"version-history":[{"count":0,"href":"https:\/\/sites.ecclesia.pt\/cv\/wp-json\/wp\/v2\/posts\/9741\/revisions"}],"wp:attachment":[{"href":"https:\/\/sites.ecclesia.pt\/cv\/wp-json\/wp\/v2\/media?parent=9741"}],"wp:term":[{"taxonomy":"category","embeddable":true,"href":"https:\/\/sites.ecclesia.pt\/cv\/wp-json\/wp\/v2\/categories?post=9741"},{"taxonomy":"post_tag","embeddable":true,"href":"https:\/\/sites.ecclesia.pt\/cv\/wp-json\/wp\/v2\/tags?post=9741"}],"curies":[{"name":"wp","href":"https:\/\/api.w.org\/{rel}","templated":true}]}}