{"id":9742,"date":"2007-05-16T14:57:00","date_gmt":"2007-05-16T14:57:00","guid":{"rendered":"http:\/\/localhost:81\/wp1\/?p=9742"},"modified":"2007-05-16T14:57:00","modified_gmt":"2007-05-16T14:57:00","slug":"questionar-aprofundar-humanizar-animar-e-libertar","status":"publish","type":"post","link":"https:\/\/sites.ecclesia.pt\/cv\/questionar-aprofundar-humanizar-animar-e-libertar\/","title":{"rendered":"Questionar, Aprofundar, Humanizar, Animar e Libertar"},"content":{"rendered":"<p>QAHAL &#8211; Forma\u00e7\u00e3o Sistem\u00e1tica de Animadores <!--more--> QAHAL \u00e9 o nome e simultaneamente a sigla que o Secretariado Diocesano de Pastoral Juvenil e Vocacional escolheu para designar o projecto de forma\u00e7\u00e3o sistem\u00e1tica para animadores de grupos de jovens (os que j\u00e1 completaram 10 anos de catequese sistem\u00e1tica). Trata-se de uma aposta clara na forma\u00e7\u00e3o de base de todos aqueles que j\u00e1 trabalham ou se preparam para trabalhar com a faixa et\u00e1ria dos maiores de 16 anos.<\/p>\n<p>Este projecto formativo conta com tr\u00eas fases de progress\u00e3o (n\u00edvel I, II e III), sendo que a primeira (QAHAL I) est\u00e1 prestes a avan\u00e7ar. \u00c9 j\u00e1 no pr\u00f3ximo fim de semana, no Semin\u00e1rio de Aveiro e contar\u00e1 com a presen\u00e7a da Cooperativa de Evangeliza\u00e7\u00e3o Didak\u00ea, que monitorizar\u00e1 toda a primeira fase. \u00c9 esta mesma cooperativa, integrada nas Edi\u00e7\u00f5es Salesianas, que est\u00e1 a desenvolver o projecto GPS, que consiste num conjunto de materiais de apoio para animadores e grupos de Jovens entre os 16 e os 20 anos, que passar\u00e3o a ser usados na Diocese de Aveiro, j\u00e1 no pr\u00f3ximo ano pastoral.<\/p>\n<p>Assim, esta forma\u00e7\u00e3o configurar-se-\u00e1 como o primeiro passo para uma revitaliza\u00e7\u00e3o dos conte\u00fados e din\u00e2micas usados na pastoral dos grupos de jovens da nossa diocese. Apesar do n\u00famero de animadores inscritos ser diminuto (apenas 15), a urg\u00eancia de dar o pontap\u00e9 de sa\u00edda e a confian\u00e7a de que a forma\u00e7\u00e3o e os materiais de apoio ser\u00e3o uma mais valia para os que aceitaram o desafio fez com que o SDPJV apostasse neste projecto, que ir\u00e1 necessariamente dar mais consist\u00eancia \u00e0s diversas par\u00f3quias, grupos e animadores envolvidos.<\/p>\n<p>GPS: Laborat\u00f3rio de f\u00e9<\/p>\n<p>\u00c9 um itiner\u00e1rio de F\u00e9 para jovens dos 16 aos 20 anos. Com dura\u00e7\u00e3o de tr\u00eas anos, este projecto pretende, sobretudo, ajudar os grupos de jovens a assumirem a sua inicia\u00e7\u00e3o crist\u00e3.<\/p>\n<p>Os conte\u00fados adquirem-se atrav\u00e9s de experi\u00eancias concretas. As propostas t\u00eam em considera\u00e7\u00e3o o ciclo evolutivo do grupo que \u00e9 considerado como \u201claborat\u00f3rio\u201d de F\u00e9, potenciando, al\u00e9m disso, uma perspectiva vocacional. Pretende-se, portanto, que o jovem crente harmonize todas as dimens\u00f5es da sua pessoa com todas as dimens\u00f5es da exist\u00eancia crist\u00e3. Um crente capaz de interagir (observar, interpretar e agir) com a realidade, a partir do Evangelho.<\/p>\n","protected":false},"excerpt":{"rendered":"<p>QAHAL &#8211; Forma\u00e7\u00e3o Sistem\u00e1tica de Animadores<\/p>\n","protected":false},"author":1,"featured_media":0,"comment_status":"open","ping_status":"open","sticky":false,"template":"","format":"standard","meta":{"footnotes":""},"categories":[51],"tags":[],"class_list":["post-9742","post","type-post","status-publish","format-standard","hentry","category-jovens"],"_links":{"self":[{"href":"https:\/\/sites.ecclesia.pt\/cv\/wp-json\/wp\/v2\/posts\/9742","targetHints":{"allow":["GET"]}}],"collection":[{"href":"https:\/\/sites.ecclesia.pt\/cv\/wp-json\/wp\/v2\/posts"}],"about":[{"href":"https:\/\/sites.ecclesia.pt\/cv\/wp-json\/wp\/v2\/types\/post"}],"author":[{"embeddable":true,"href":"https:\/\/sites.ecclesia.pt\/cv\/wp-json\/wp\/v2\/users\/1"}],"replies":[{"embeddable":true,"href":"https:\/\/sites.ecclesia.pt\/cv\/wp-json\/wp\/v2\/comments?post=9742"}],"version-history":[{"count":0,"href":"https:\/\/sites.ecclesia.pt\/cv\/wp-json\/wp\/v2\/posts\/9742\/revisions"}],"wp:attachment":[{"href":"https:\/\/sites.ecclesia.pt\/cv\/wp-json\/wp\/v2\/media?parent=9742"}],"wp:term":[{"taxonomy":"category","embeddable":true,"href":"https:\/\/sites.ecclesia.pt\/cv\/wp-json\/wp\/v2\/categories?post=9742"},{"taxonomy":"post_tag","embeddable":true,"href":"https:\/\/sites.ecclesia.pt\/cv\/wp-json\/wp\/v2\/tags?post=9742"}],"curies":[{"name":"wp","href":"https:\/\/api.w.org\/{rel}","templated":true}]}}