{"id":9743,"date":"2007-05-16T14:58:00","date_gmt":"2007-05-16T14:58:00","guid":{"rendered":"http:\/\/localhost:81\/wp1\/?p=9743"},"modified":"2007-05-16T14:58:00","modified_gmt":"2007-05-16T14:58:00","slug":"jovem-da-associacao-raduga-representa-distrito-em-encontro-internacional","status":"publish","type":"post","link":"https:\/\/sites.ecclesia.pt\/cv\/jovem-da-associacao-raduga-representa-distrito-em-encontro-internacional\/","title":{"rendered":"Jovem da associa\u00e7\u00e3o R\u00e1duga representa distrito em encontro internacional"},"content":{"rendered":"<p>Helga Ferreira de Abreu, da R\u00c1DUGA &#8211; Associa\u00e7\u00e3o para a Promo\u00e7\u00e3o Art\u00edstica e Cultural, \u00e9 a jovem escolhida pelo IPJ para representar o distrito no \u201cEncontro entre Pa\u00edses Vizinhos e Pa\u00edses do Mundo\u201d, que ter\u00e1 lugar em Fran\u00e7a, de 30 de Maio a 3 de Junho de 2007.<\/p>\n<p>Durante o encontro, esta jovem ter\u00e1 oportunidade de trocar experi\u00eancias com jovens de outros pa\u00edses envolvidos na \u00e1rea da juventude e interessados em desenvolver projectos de coopera\u00e7\u00e3o, no \u00e2mbito do Programa Juventude em Ac\u00e7\u00e3o.<\/p>\n<p>A R\u00c1DUGA, sedeada em Aveiro (www.raduga.pt), \u00e9 uma associa\u00e7\u00e3o constitu\u00edda na sua maioria por jovens e tem por objecto social a realiza\u00e7\u00e3o de iniciativas culturais, recreativas e de interc\u00e2mbio, promovendo ainda o voluntariado e a forma\u00e7\u00e3o. Desenvolve, tamb\u00e9m, projectos direccionados \u00e0 popula\u00e7\u00e3o imigrante, bem como \u00e0s minorias \u00e9tnicas e possui experi\u00eancia s\u00f3lida na realiza\u00e7\u00e3o de diversos projectos no \u00e2mbito do antigo Programa Juventude.<\/p>\n","protected":false},"excerpt":{"rendered":"<p>Helga Ferreira de Abreu, da R\u00c1DUGA &#8211; Associa\u00e7\u00e3o para a Promo\u00e7\u00e3o Art\u00edstica e Cultural, \u00e9 a jovem escolhida pelo IPJ para representar o distrito no \u201cEncontro entre Pa\u00edses Vizinhos e Pa\u00edses do Mundo\u201d, que ter\u00e1 lugar em Fran\u00e7a, de 30 de Maio a 3 de Junho de 2007. Durante o encontro, esta jovem ter\u00e1 oportunidade [&hellip;]<\/p>\n","protected":false},"author":1,"featured_media":0,"comment_status":"open","ping_status":"open","sticky":false,"template":"","format":"standard","meta":{"footnotes":""},"categories":[51],"tags":[],"class_list":["post-9743","post","type-post","status-publish","format-standard","hentry","category-jovens"],"_links":{"self":[{"href":"https:\/\/sites.ecclesia.pt\/cv\/wp-json\/wp\/v2\/posts\/9743","targetHints":{"allow":["GET"]}}],"collection":[{"href":"https:\/\/sites.ecclesia.pt\/cv\/wp-json\/wp\/v2\/posts"}],"about":[{"href":"https:\/\/sites.ecclesia.pt\/cv\/wp-json\/wp\/v2\/types\/post"}],"author":[{"embeddable":true,"href":"https:\/\/sites.ecclesia.pt\/cv\/wp-json\/wp\/v2\/users\/1"}],"replies":[{"embeddable":true,"href":"https:\/\/sites.ecclesia.pt\/cv\/wp-json\/wp\/v2\/comments?post=9743"}],"version-history":[{"count":0,"href":"https:\/\/sites.ecclesia.pt\/cv\/wp-json\/wp\/v2\/posts\/9743\/revisions"}],"wp:attachment":[{"href":"https:\/\/sites.ecclesia.pt\/cv\/wp-json\/wp\/v2\/media?parent=9743"}],"wp:term":[{"taxonomy":"category","embeddable":true,"href":"https:\/\/sites.ecclesia.pt\/cv\/wp-json\/wp\/v2\/categories?post=9743"},{"taxonomy":"post_tag","embeddable":true,"href":"https:\/\/sites.ecclesia.pt\/cv\/wp-json\/wp\/v2\/tags?post=9743"}],"curies":[{"name":"wp","href":"https:\/\/api.w.org\/{rel}","templated":true}]}}