{"id":9744,"date":"2007-05-16T14:59:00","date_gmt":"2007-05-16T14:59:00","guid":{"rendered":"http:\/\/localhost:81\/wp1\/?p=9744"},"modified":"2007-05-16T14:59:00","modified_gmt":"2007-05-16T14:59:00","slug":"queremos-tratar-o-palco-por-tu","status":"publish","type":"post","link":"https:\/\/sites.ecclesia.pt\/cv\/queremos-tratar-o-palco-por-tu\/","title":{"rendered":"&#8220;Queremos tratar o palco por tu!&#8221;"},"content":{"rendered":"<p>Representa\u00e7\u00e3o de &#8220;Amoc (Arranha mesmo os C\u00e9us)&#8221; <!--more--> Dias 18 e 19 de Maio, \u00e0s 21h45, o palco do Estaleiro Teatral \u2013 EF\u00c9MERO (Parque de Aveiro) abre-se para o policial \u201cAmoc (Arranha mesmo os C\u00e9us)\u201d, de Jacinto Lucas Pires. Com encena\u00e7\u00e3o de Teresa Grancho, o espect\u00e1culo resulta de um trabalho final da oficina de teatro iniciada em Outubro de 2006. \u201cSomos &#8211; portanto! \u2013 amadores, mas queremos tratar o palco por tu\u201d, afirma a encenadora.<\/p>\n<p>A pe\u00e7a retrata o percurso de J\u00falio C\u00e9sar a caminho da trag\u00e9dia total: a morte. Perdidos o emprego e a namorada, o protagonista, que vive com a av\u00f3 austera, deambula pela cidade, perseguido pela ang\u00fastia e por um desejo de vingan\u00e7a. Compra mesmo uma arma, que a dada altura aponta \u00e0 antiga namorada e ao seu \u201cboyfriend\u201d. Nada lhe corre bem, at\u00e9 que surge a mulher-pol\u00edcia\u2026<\/p>\n","protected":false},"excerpt":{"rendered":"<p>Representa\u00e7\u00e3o de &#8220;Amoc (Arranha mesmo os C\u00e9us)&#8221;<\/p>\n","protected":false},"author":1,"featured_media":0,"comment_status":"open","ping_status":"open","sticky":false,"template":"","format":"standard","meta":{"footnotes":""},"categories":[51],"tags":[],"class_list":["post-9744","post","type-post","status-publish","format-standard","hentry","category-jovens"],"_links":{"self":[{"href":"https:\/\/sites.ecclesia.pt\/cv\/wp-json\/wp\/v2\/posts\/9744","targetHints":{"allow":["GET"]}}],"collection":[{"href":"https:\/\/sites.ecclesia.pt\/cv\/wp-json\/wp\/v2\/posts"}],"about":[{"href":"https:\/\/sites.ecclesia.pt\/cv\/wp-json\/wp\/v2\/types\/post"}],"author":[{"embeddable":true,"href":"https:\/\/sites.ecclesia.pt\/cv\/wp-json\/wp\/v2\/users\/1"}],"replies":[{"embeddable":true,"href":"https:\/\/sites.ecclesia.pt\/cv\/wp-json\/wp\/v2\/comments?post=9744"}],"version-history":[{"count":0,"href":"https:\/\/sites.ecclesia.pt\/cv\/wp-json\/wp\/v2\/posts\/9744\/revisions"}],"wp:attachment":[{"href":"https:\/\/sites.ecclesia.pt\/cv\/wp-json\/wp\/v2\/media?parent=9744"}],"wp:term":[{"taxonomy":"category","embeddable":true,"href":"https:\/\/sites.ecclesia.pt\/cv\/wp-json\/wp\/v2\/categories?post=9744"},{"taxonomy":"post_tag","embeddable":true,"href":"https:\/\/sites.ecclesia.pt\/cv\/wp-json\/wp\/v2\/tags?post=9744"}],"curies":[{"name":"wp","href":"https:\/\/api.w.org\/{rel}","templated":true}]}}