{"id":9745,"date":"2007-05-16T15:00:00","date_gmt":"2007-05-16T15:00:00","guid":{"rendered":"http:\/\/localhost:81\/wp1\/?p=9745"},"modified":"2007-05-16T15:00:00","modified_gmt":"2007-05-16T15:00:00","slug":"programa-ferias-em-movimento-2","status":"publish","type":"post","link":"https:\/\/sites.ecclesia.pt\/cv\/programa-ferias-em-movimento-2\/","title":{"rendered":"Programa F\u00e9rias em Movimento"},"content":{"rendered":"<p>Inscri\u00e7\u00f5es abertas em www.juventude.gov.pt <!--more--> Decorrem at\u00e9 27 de Maio as inscri\u00e7\u00f5es para o programa \u201cF\u00e9rias em Movimento\u201d. Este programa, promovido pelo Instituto Portugu\u00eas da Juventude, tem como objectivo promover a ocupa\u00e7\u00e3o saud\u00e1vel dos tempos livres dos jovens, atrav\u00e9s de actividades l\u00fadico-formativas de desporto, ambiente, cultura, patrim\u00f3nio hist\u00f3rico e cultural, multim\u00e9dia e outras de relevante interesse.<\/p>\n<p>As entidades interessadas (grupos informais de jovens, clubes desportivos, associa\u00e7\u00f5es de modalidade, federa\u00e7\u00f5es desportivas e outras entidades privadas sem fins lucrativos, detentores de licen\u00e7a titulada por alvar\u00e1, emitida pelo IPJ) podem apresentar as candidaturas, at\u00e9 27 de Maio de 2007, em www. juventude.gov.pt, devendo para tal solicitar ao IPJ de Aveiro o login e password de acesso.<\/p>\n","protected":false},"excerpt":{"rendered":"<p>Inscri\u00e7\u00f5es abertas em www.juventude.gov.pt<\/p>\n","protected":false},"author":1,"featured_media":0,"comment_status":"open","ping_status":"open","sticky":false,"template":"","format":"standard","meta":{"footnotes":""},"categories":[51],"tags":[],"class_list":["post-9745","post","type-post","status-publish","format-standard","hentry","category-jovens"],"_links":{"self":[{"href":"https:\/\/sites.ecclesia.pt\/cv\/wp-json\/wp\/v2\/posts\/9745","targetHints":{"allow":["GET"]}}],"collection":[{"href":"https:\/\/sites.ecclesia.pt\/cv\/wp-json\/wp\/v2\/posts"}],"about":[{"href":"https:\/\/sites.ecclesia.pt\/cv\/wp-json\/wp\/v2\/types\/post"}],"author":[{"embeddable":true,"href":"https:\/\/sites.ecclesia.pt\/cv\/wp-json\/wp\/v2\/users\/1"}],"replies":[{"embeddable":true,"href":"https:\/\/sites.ecclesia.pt\/cv\/wp-json\/wp\/v2\/comments?post=9745"}],"version-history":[{"count":0,"href":"https:\/\/sites.ecclesia.pt\/cv\/wp-json\/wp\/v2\/posts\/9745\/revisions"}],"wp:attachment":[{"href":"https:\/\/sites.ecclesia.pt\/cv\/wp-json\/wp\/v2\/media?parent=9745"}],"wp:term":[{"taxonomy":"category","embeddable":true,"href":"https:\/\/sites.ecclesia.pt\/cv\/wp-json\/wp\/v2\/categories?post=9745"},{"taxonomy":"post_tag","embeddable":true,"href":"https:\/\/sites.ecclesia.pt\/cv\/wp-json\/wp\/v2\/tags?post=9745"}],"curies":[{"name":"wp","href":"https:\/\/api.w.org\/{rel}","templated":true}]}}