{"id":9746,"date":"2007-05-16T15:01:00","date_gmt":"2007-05-16T15:01:00","guid":{"rendered":"http:\/\/localhost:81\/wp1\/?p=9746"},"modified":"2007-05-16T15:01:00","modified_gmt":"2007-05-16T15:01:00","slug":"actividades-episcopais-18","status":"publish","type":"post","link":"https:\/\/sites.ecclesia.pt\/cv\/actividades-episcopais-18\/","title":{"rendered":"Actividades Episcopais"},"content":{"rendered":"<p>Dia 10:<\/p>\n<p>D. Ant\u00f3nio Francisco dos Santos proferiu uma confer\u00eancia na Biblioteca Municipal de Aveiro sobre \u201cF\u00e9 e Raz\u00e3o, duas asas da Liberdade\u201d.<\/p>\n<p>Dia11:<\/p>\n<p>Participou no Inter-Escolas de Educa\u00e7\u00e3o Moral e Religiosa Cat\u00f3lica da Diocese, em Albergaria; participou na jornada promovida pelo Voluntariado Diocesano \u201cVida Mais\u201d destinado \u00e0s Institui\u00e7\u00f5es de Solidariedade Social da Diocese, na Par\u00f3quia de Santa Joana.<\/p>\n<p>Dia 12:<\/p>\n<p>Celebrou a Eucaristia na S\u00e9 Catedral na Solenidade de Santa Joana Princesa, Padroeira da Cidade e da Diocese; presidiu \u00e0 investidura dos novos Cavaleiros, Damas e Aias da Irmandade de Santa Joana de Aveiro; participou na Sess\u00e3o Solene do Munic\u00edpio, no Dia da Cidade, no Teatro Aveirense; presidiu \u00e0 Solene Prociss\u00e3o em honra de Santa Joana, nossa Padroeira; participou na vig\u00edlia de ora\u00e7\u00e3o, no Santu\u00e1rio de F\u00e1tima.<\/p>\n<p>Dia 13:<\/p>\n<p>Participou nas Celebra\u00e7\u00f5es da Peregrina\u00e7\u00e3o anivers\u00e1ria dos 90 anos das Apari\u00e7\u00f5es de Nossa Senhora em F\u00e1tima.<\/p>\n<p>Dia15:<\/p>\n<p>Participou na Reuni\u00e3o da Comiss\u00e3o Episcopal da Educa\u00e7\u00e3o Crist\u00e3, em Lisboa.<\/p>\n<p>Dia16:<\/p>\n<p>Re\u00fane com a Superiora Geral das Irm\u00e3s Auxiliadoras da Caridade; re\u00fane com o Secret\u00e1rio Diocesano da Pastoral Juvenil e Vocacional e com a Equipa da Pastoral Vocacional; re\u00fane com os crismandos da Par\u00f3quia de S. Miguel de Oliveira do Bairro.<\/p>\n","protected":false},"excerpt":{"rendered":"<p>Dia 10: D. Ant\u00f3nio Francisco dos Santos proferiu uma confer\u00eancia na Biblioteca Municipal de Aveiro sobre \u201cF\u00e9 e Raz\u00e3o, duas asas da Liberdade\u201d. Dia11: Participou no Inter-Escolas de Educa\u00e7\u00e3o Moral e Religiosa Cat\u00f3lica da Diocese, em Albergaria; participou na jornada promovida pelo Voluntariado Diocesano \u201cVida Mais\u201d destinado \u00e0s Institui\u00e7\u00f5es de Solidariedade Social da Diocese, na [&hellip;]<\/p>\n","protected":false},"author":1,"featured_media":0,"comment_status":"open","ping_status":"open","sticky":false,"template":"","format":"standard","meta":{"footnotes":""},"categories":[70],"tags":[],"class_list":["post-9746","post","type-post","status-publish","format-standard","hentry","category-diocese"],"_links":{"self":[{"href":"https:\/\/sites.ecclesia.pt\/cv\/wp-json\/wp\/v2\/posts\/9746","targetHints":{"allow":["GET"]}}],"collection":[{"href":"https:\/\/sites.ecclesia.pt\/cv\/wp-json\/wp\/v2\/posts"}],"about":[{"href":"https:\/\/sites.ecclesia.pt\/cv\/wp-json\/wp\/v2\/types\/post"}],"author":[{"embeddable":true,"href":"https:\/\/sites.ecclesia.pt\/cv\/wp-json\/wp\/v2\/users\/1"}],"replies":[{"embeddable":true,"href":"https:\/\/sites.ecclesia.pt\/cv\/wp-json\/wp\/v2\/comments?post=9746"}],"version-history":[{"count":0,"href":"https:\/\/sites.ecclesia.pt\/cv\/wp-json\/wp\/v2\/posts\/9746\/revisions"}],"wp:attachment":[{"href":"https:\/\/sites.ecclesia.pt\/cv\/wp-json\/wp\/v2\/media?parent=9746"}],"wp:term":[{"taxonomy":"category","embeddable":true,"href":"https:\/\/sites.ecclesia.pt\/cv\/wp-json\/wp\/v2\/categories?post=9746"},{"taxonomy":"post_tag","embeddable":true,"href":"https:\/\/sites.ecclesia.pt\/cv\/wp-json\/wp\/v2\/tags?post=9746"}],"curies":[{"name":"wp","href":"https:\/\/api.w.org\/{rel}","templated":true}]}}