{"id":9747,"date":"2007-05-16T15:02:00","date_gmt":"2007-05-16T15:02:00","guid":{"rendered":"http:\/\/localhost:81\/wp1\/?p=9747"},"modified":"2007-05-16T15:02:00","modified_gmt":"2007-05-16T15:02:00","slug":"padre-zbigniew-gielczowski","status":"publish","type":"post","link":"https:\/\/sites.ecclesia.pt\/cv\/padre-zbigniew-gielczowski\/","title":{"rendered":"Padre Zbigniew Gielczowski"},"content":{"rendered":"<p>Hoje mesmo, 16 de Maio, o Padre Zbigniew Gielczowski, entre n\u00f3s conhecido pelo nome de Padre Francisco, completa o 25\u00ba anivers\u00e1rio da sua ordena\u00e7\u00e3o sacerdotal.<\/p>\n<p>\u00c9 sacerdote da Diocese de Opole (Pol\u00f3nia), mas tem exercido o minist\u00e9rio pastoral em Aveiro. Primeiro, entre Outubro de 1995 e Agosto de 2003, esteve no arciprestado de Sever do Vouga, onde foi p\u00e1roco de Silva Escura e de Dornelas. A partir de Novembro de 2006, depois de uma aus\u00eancia no Santu\u00e1rio de F\u00e1tima (2003-2006), \u00e9 p\u00e1roco \u201cin solidum\u201d da Moita, de Vila Nova de Monsarros e de Tamengos, no arciprestado de Anadia, juntamente com o Padre V\u00edtor Espadilha.<\/p>\n<p>Cumprimentamos o Padre Zbigniew na ocorr\u00eancia festiva das suas bodas de prata sacerdotais.<\/p>\n","protected":false},"excerpt":{"rendered":"<p>Hoje mesmo, 16 de Maio, o Padre Zbigniew Gielczowski, entre n\u00f3s conhecido pelo nome de Padre Francisco, completa o 25\u00ba anivers\u00e1rio da sua ordena\u00e7\u00e3o sacerdotal. \u00c9 sacerdote da Diocese de Opole (Pol\u00f3nia), mas tem exercido o minist\u00e9rio pastoral em Aveiro. Primeiro, entre Outubro de 1995 e Agosto de 2003, esteve no arciprestado de Sever do [&hellip;]<\/p>\n","protected":false},"author":1,"featured_media":0,"comment_status":"open","ping_status":"open","sticky":false,"template":"","format":"standard","meta":{"footnotes":""},"categories":[70],"tags":[],"class_list":["post-9747","post","type-post","status-publish","format-standard","hentry","category-diocese"],"_links":{"self":[{"href":"https:\/\/sites.ecclesia.pt\/cv\/wp-json\/wp\/v2\/posts\/9747","targetHints":{"allow":["GET"]}}],"collection":[{"href":"https:\/\/sites.ecclesia.pt\/cv\/wp-json\/wp\/v2\/posts"}],"about":[{"href":"https:\/\/sites.ecclesia.pt\/cv\/wp-json\/wp\/v2\/types\/post"}],"author":[{"embeddable":true,"href":"https:\/\/sites.ecclesia.pt\/cv\/wp-json\/wp\/v2\/users\/1"}],"replies":[{"embeddable":true,"href":"https:\/\/sites.ecclesia.pt\/cv\/wp-json\/wp\/v2\/comments?post=9747"}],"version-history":[{"count":0,"href":"https:\/\/sites.ecclesia.pt\/cv\/wp-json\/wp\/v2\/posts\/9747\/revisions"}],"wp:attachment":[{"href":"https:\/\/sites.ecclesia.pt\/cv\/wp-json\/wp\/v2\/media?parent=9747"}],"wp:term":[{"taxonomy":"category","embeddable":true,"href":"https:\/\/sites.ecclesia.pt\/cv\/wp-json\/wp\/v2\/categories?post=9747"},{"taxonomy":"post_tag","embeddable":true,"href":"https:\/\/sites.ecclesia.pt\/cv\/wp-json\/wp\/v2\/tags?post=9747"}],"curies":[{"name":"wp","href":"https:\/\/api.w.org\/{rel}","templated":true}]}}