{"id":1857,"date":"2017-10-07T08:07:08","date_gmt":"2017-10-07T08:07:08","guid":{"rendered":"http:\/\/sites.ecclesia.pt\/loc-mtc\/?p=1857"},"modified":"2017-10-07T08:07:08","modified_gmt":"2017-10-07T08:07:08","slug":"07-de-outubro-rendimento-basico-universal","status":"publish","type":"post","link":"https:\/\/sites.ecclesia.pt\/loc-mtc\/07-de-outubro-rendimento-basico-universal\/","title":{"rendered":"07 DE OUTUBRO &#8211; RENDIMENTO B\u00c1SICO UNIVERSAL"},"content":{"rendered":"<p>O 7 de Outubro tem de ser um marco imperativo na luta pelo trabalho digno, tal como o prop\u00f5e a OIT \u2013 Organiza\u00e7\u00e3o Internacional do Trabalho. Perante os avan\u00e7os da tecnologia, afirmamos que o trabalho, hoje e no futuro, pode ser exercido em liberdade e com criatividade, tem que corresponder \u00e0s necessidades das pessoas e das comunidades, necessita de respeitar o ambiente e os recursos naturais e deve ser factor de coes\u00e3o, integra\u00e7\u00e3o e justa distribui\u00e7\u00e3o da riqueza.<br \/>\nN\u00f3s, militantes do Movimento Mundial de Trabalhadores Crist\u00e3os &#8211; MMTC, manifestamos a nossa preocupa\u00e7\u00e3o, a nossa indigna\u00e7\u00e3o e o nosso desassossego diante do modo como as classes dominantes, pol\u00edticas e econ\u00f3micas, conduzem as crises sociais e laborais que assolam os trabalhadores no mundo e afectam as popula\u00e7\u00f5es sem distin\u00e7\u00e3o, mas sobretudo os mais pobres. Com altas taxas de desemprego, com empregos cada vez mais prec\u00e1rios, com os direitos laborais e protec\u00e7\u00e3o social em regress\u00e3o em tantos pa\u00edses e inexistentes em muitos outros, somos voz de den\u00fancia e de compromisso no combate \u00e0 desvaloriza\u00e7\u00e3o do trabalho humano e ao descarte de trabalhadores e trabalhadoras.<br \/>\nA desigualdade socioecon\u00f3mica, nos \u00faltimos anos, tem-se agravado significativamente. Trabalhadores que em parte haviam superado a mis\u00e9ria e a pobreza, hoje est\u00e3o a regressar aos apoios sociais. Percebe-se que, juntamente com as desigualdades sociais, est\u00e1 a aumentar em todas as sociedades a viol\u00eancia, viol\u00eancia de todos os tipos: contra a pessoa e a vida, contra as fam\u00edlias, tr\u00e1fico de drogas, armas e outros neg\u00f3cios il\u00edcitos; excessos no uso da for\u00e7a policial, corrup\u00e7\u00e3o e evas\u00e3o fiscal, \u201cm\u00e1 administra\u00e7\u00e3o\u201d dos bens p\u00fablicos, abuso de poder econ\u00f3mico e pol\u00edtico; manipula\u00e7\u00e3o por parte dos meios de comunica\u00e7\u00e3o e os crimes ambientais.<br \/>\nO papa Francisco faz um forte alerta ao que vem sucedendo com a prioridade dada ao dinheiro, ao consumo, aos bens materiais, que contrasta fortemente com o desprezo e abandono em rela\u00e7\u00e3o \u00e0s pessoas e fam\u00edlias. Cremos que n\u00e3o \u00e9 justo submeter\/escravizar o Estado de direito ao mercado neoliberal em nome da renova\u00e7\u00e3o do desenvolvimento. Quando \u00e9 o mercado que governa, o Estado torna-se d\u00e9bil e termina submetido a uma perversa l\u00f3gica do capital financeiro. Como nos adverte o papa Francisco, \u201co dinheiro \u00e9 para servir e n\u00e3o para governar\u201d (EG 58).<br \/>\nNo esfor\u00e7o de supera\u00e7\u00e3o do grave momento que a classe trabalhadora est\u00e1 a viver, s\u00e3o necess\u00e1rias mudan\u00e7as que se legitimam quando obedecem \u00e0 l\u00f3gica do di\u00e1logo com toda a sociedade, tendo em vista o bem comum. Os movimentos sindicais, sociais e populares, como todas as institui\u00e7\u00f5es que lutam em favor das popula\u00e7\u00f5es mais pobres e exclu\u00eddas, que est\u00e3o a ser criminalizadas e falsamente denunciadas, s\u00e3o fundamentais para estas mudan\u00e7as. A cria\u00e7\u00e3o de redes e associa\u00e7\u00f5es torna-nos mais fortes, mais incisivos e eficientes nesta interven\u00e7\u00e3o c\u00edvica.<br \/>\nComo movimento de Forma\u00e7\u00e3o e Evangeliza\u00e7\u00e3o, acreditamos que o direito a um rendimento m\u00ednimo (b\u00e1sico) contribuir\u00e1 para que o trabalhador tenha melhores condi\u00e7\u00f5es de negociar no mercado de trabalho, tendo uma \u00edntima rela\u00e7\u00e3o com o trabalho digno. Este rendimento m\u00ednimo (b\u00e1sico) deve ser assumido pelos Estados, como um direito acess\u00edvel e sem restri\u00e7\u00f5es a quem n\u00e3o tem trabalho. Este direito permitir\u00e1 que trabalhadores e trabalhadoras n\u00e3o necessitem de se submeter a certos tipos de trabalho para obter algum rendimento. Com um rendimento m\u00ednimo (b\u00e1sico) este trabalhador teria a capacidade de escolher melhor onde trabalhar, podendo rejeitar ocupa\u00e7\u00f5es prec\u00e1rias ou de muito baixa remunera\u00e7\u00e3o.<br \/>\nComo Movimento Mundial de Trabalhadores Crist\u00e3os, reafirmamos o nosso compromisso de continuar firmes na nossa miss\u00e3o. Atrav\u00e9s de reflex\u00f5es, propostas e ac\u00e7\u00f5es, continuamos no compromisso com os trabalhadores, principalmente com os que t\u00eam trabalhos prec\u00e1rios, mal remunerados, os mais pobres e exclu\u00eddos, na promo\u00e7\u00e3o da vida digna e da \u201cvida em abund\u00e2ncia\u201d (Jo 10,10).<br \/>\nEstamos chamados a permanecer fi\u00e9is ao Evangelho, que nos impele a denunciar e lutar contra todas as injusti\u00e7as estruturais e hist\u00f3ricas, sobretudo na grande d\u00edvida social em rela\u00e7\u00e3o aos mais d\u00e9beis e vulner\u00e1veis. \u00c9 assim que renovamos constantemente o compromisso de levar o Evangelho ao Mundo do Trabalho.<\/p>\n<p>MOVIMENTO MUNDIAL DE TRABALHADORES CRIST\u00c3OS<\/p>\n","protected":false},"excerpt":{"rendered":"<p>A LUTA DOS TRABALHADORES NO MUNDO<br \/>\n&#8220;Quero ver o direito brotar como fonte e a justi\u00e7a correr como corrente que n\u00e3o seca&#8230;&#8221;<br \/>\n(Am 5, 24).<\/p>\n","protected":false},"author":2,"featured_media":1855,"comment_status":"closed","ping_status":"closed","sticky":false,"template":"","format":"standard","meta":{"_et_pb_use_builder":"","_et_pb_old_content":"","_et_gb_content_width":"","footnotes":""},"categories":[2],"tags":[],"class_list":["post-1857","post","type-post","status-publish","format-standard","has-post-thumbnail","hentry","category-noticias"],"yoast_head":"<!-- This site is optimized with the Yoast SEO plugin v26.9 - https:\/\/yoast.com\/product\/yoast-seo-wordpress\/ -->\n<title>07 DE OUTUBRO - RENDIMENTO B\u00c1SICO UNIVERSAL - LOC-MTC<\/title>\n<meta name=\"robots\" content=\"index, follow, max-snippet:-1, max-image-preview:large, max-video-preview:-1\" \/>\n<link rel=\"canonical\" href=\"https:\/\/sites.ecclesia.pt\/loc-mtc\/07-de-outubro-rendimento-basico-universal\/\" \/>\n<meta property=\"og:locale\" content=\"pt_PT\" \/>\n<meta property=\"og:type\" content=\"article\" \/>\n<meta property=\"og:title\" content=\"07 DE OUTUBRO - RENDIMENTO B\u00c1SICO UNIVERSAL - LOC-MTC\" \/>\n<meta property=\"og:description\" content=\"A LUTA DOS TRABALHADORES NO MUNDO &quot;Quero ver o direito brotar como fonte e a justi\u00e7a correr como corrente que n\u00e3o seca...&quot; (Am 5, 24).\" \/>\n<meta property=\"og:url\" content=\"https:\/\/sites.ecclesia.pt\/loc-mtc\/07-de-outubro-rendimento-basico-universal\/\" \/>\n<meta property=\"og:site_name\" content=\"LOC-MTC\" \/>\n<meta property=\"article:published_time\" content=\"2017-10-07T08:07:08+00:00\" \/>\n<meta property=\"og:image\" content=\"https:\/\/sites.ecclesia.pt\/loc-mtc\/wp-content\/uploads\/2017\/10\/22221799_2011989199046470_5890723501315187332_n.png\" \/>\n\t<meta property=\"og:image:width\" content=\"534\" \/>\n\t<meta property=\"og:image:height\" content=\"426\" \/>\n\t<meta property=\"og:image:type\" content=\"image\/png\" \/>\n<meta name=\"author\" content=\"LOC-MTC\" \/>\n<meta name=\"twitter:card\" content=\"summary_large_image\" \/>\n<meta name=\"twitter:label1\" content=\"Escrito por\" \/>\n\t<meta name=\"twitter:data1\" content=\"LOC-MTC\" \/>\n\t<meta name=\"twitter:label2\" content=\"Tempo estimado de leitura\" \/>\n\t<meta name=\"twitter:data2\" content=\"4 minutos\" \/>\n<script type=\"application\/ld+json\" class=\"yoast-schema-graph\">{\"@context\":\"https:\/\/schema.org\",\"@graph\":[{\"@type\":\"Article\",\"@id\":\"https:\/\/sites.ecclesia.pt\/loc-mtc\/07-de-outubro-rendimento-basico-universal\/#article\",\"isPartOf\":{\"@id\":\"https:\/\/sites.ecclesia.pt\/loc-mtc\/07-de-outubro-rendimento-basico-universal\/\"},\"author\":{\"name\":\"LOC-MTC\",\"@id\":\"https:\/\/sites.ecclesia.pt\/loc-mtc\/#\/schema\/person\/8ba13a346b282ac81bddb0740218c156\"},\"headline\":\"07 DE OUTUBRO &#8211; RENDIMENTO B\u00c1SICO UNIVERSAL\",\"datePublished\":\"2017-10-07T08:07:08+00:00\",\"mainEntityOfPage\":{\"@id\":\"https:\/\/sites.ecclesia.pt\/loc-mtc\/07-de-outubro-rendimento-basico-universal\/\"},\"wordCount\":760,\"publisher\":{\"@id\":\"https:\/\/sites.ecclesia.pt\/loc-mtc\/#organization\"},\"image\":{\"@id\":\"https:\/\/sites.ecclesia.pt\/loc-mtc\/07-de-outubro-rendimento-basico-universal\/#primaryimage\"},\"thumbnailUrl\":\"https:\/\/sites.ecclesia.pt\/loc-mtc\/wp-content\/uploads\/2017\/10\/22221799_2011989199046470_5890723501315187332_n.png\",\"articleSection\":[\"Not\u00edcias\"],\"inLanguage\":\"pt-PT\"},{\"@type\":\"WebPage\",\"@id\":\"https:\/\/sites.ecclesia.pt\/loc-mtc\/07-de-outubro-rendimento-basico-universal\/\",\"url\":\"https:\/\/sites.ecclesia.pt\/loc-mtc\/07-de-outubro-rendimento-basico-universal\/\",\"name\":\"07 DE OUTUBRO - RENDIMENTO B\u00c1SICO UNIVERSAL - LOC-MTC\",\"isPartOf\":{\"@id\":\"https:\/\/sites.ecclesia.pt\/loc-mtc\/#website\"},\"primaryImageOfPage\":{\"@id\":\"https:\/\/sites.ecclesia.pt\/loc-mtc\/07-de-outubro-rendimento-basico-universal\/#primaryimage\"},\"image\":{\"@id\":\"https:\/\/sites.ecclesia.pt\/loc-mtc\/07-de-outubro-rendimento-basico-universal\/#primaryimage\"},\"thumbnailUrl\":\"https:\/\/sites.ecclesia.pt\/loc-mtc\/wp-content\/uploads\/2017\/10\/22221799_2011989199046470_5890723501315187332_n.png\",\"datePublished\":\"2017-10-07T08:07:08+00:00\",\"breadcrumb\":{\"@id\":\"https:\/\/sites.ecclesia.pt\/loc-mtc\/07-de-outubro-rendimento-basico-universal\/#breadcrumb\"},\"inLanguage\":\"pt-PT\",\"potentialAction\":[{\"@type\":\"ReadAction\",\"target\":[\"https:\/\/sites.ecclesia.pt\/loc-mtc\/07-de-outubro-rendimento-basico-universal\/\"]}]},{\"@type\":\"ImageObject\",\"inLanguage\":\"pt-PT\",\"@id\":\"https:\/\/sites.ecclesia.pt\/loc-mtc\/07-de-outubro-rendimento-basico-universal\/#primaryimage\",\"url\":\"https:\/\/sites.ecclesia.pt\/loc-mtc\/wp-content\/uploads\/2017\/10\/22221799_2011989199046470_5890723501315187332_n.png\",\"contentUrl\":\"https:\/\/sites.ecclesia.pt\/loc-mtc\/wp-content\/uploads\/2017\/10\/22221799_2011989199046470_5890723501315187332_n.png\",\"width\":534,\"height\":426},{\"@type\":\"BreadcrumbList\",\"@id\":\"https:\/\/sites.ecclesia.pt\/loc-mtc\/07-de-outubro-rendimento-basico-universal\/#breadcrumb\",\"itemListElement\":[{\"@type\":\"ListItem\",\"position\":1,\"name\":\"Home\",\"item\":\"https:\/\/sites.ecclesia.pt\/loc-mtc\/\"},{\"@type\":\"ListItem\",\"position\":2,\"name\":\"07 DE OUTUBRO &#8211; RENDIMENTO B\u00c1SICO UNIVERSAL\"}]},{\"@type\":\"WebSite\",\"@id\":\"https:\/\/sites.ecclesia.pt\/loc-mtc\/#website\",\"url\":\"https:\/\/sites.ecclesia.pt\/loc-mtc\/\",\"name\":\"LOC-MTC\",\"description\":\"Liga Oper\u00e1ria Cat\u00f3lica \u2013 Movimento de Trabalhadores Crist\u00e3os\",\"publisher\":{\"@id\":\"https:\/\/sites.ecclesia.pt\/loc-mtc\/#organization\"},\"potentialAction\":[{\"@type\":\"SearchAction\",\"target\":{\"@type\":\"EntryPoint\",\"urlTemplate\":\"https:\/\/sites.ecclesia.pt\/loc-mtc\/?s={search_term_string}\"},\"query-input\":{\"@type\":\"PropertyValueSpecification\",\"valueRequired\":true,\"valueName\":\"search_term_string\"}}],\"inLanguage\":\"pt-PT\"},{\"@type\":\"Organization\",\"@id\":\"https:\/\/sites.ecclesia.pt\/loc-mtc\/#organization\",\"name\":\"LOC\/MTC - Liga Oper\u00e1ria Cat\u00f3lica\/Movimento dos Trabalhadores Crist\u00e3os\",\"alternateName\":\"LOC\/MTC\",\"url\":\"https:\/\/sites.ecclesia.pt\/loc-mtc\/\",\"logo\":{\"@type\":\"ImageObject\",\"inLanguage\":\"pt-PT\",\"@id\":\"https:\/\/sites.ecclesia.pt\/loc-mtc\/#\/schema\/logo\/image\/\",\"url\":\"https:\/\/sites.ecclesia.pt\/loc-mtc\/wp-content\/uploads\/2021\/07\/loc-mtc-fb.jpg\",\"contentUrl\":\"https:\/\/sites.ecclesia.pt\/loc-mtc\/wp-content\/uploads\/2021\/07\/loc-mtc-fb.jpg\",\"width\":583,\"height\":552,\"caption\":\"LOC\/MTC - Liga Oper\u00e1ria Cat\u00f3lica\/Movimento dos Trabalhadores Crist\u00e3os\"},\"image\":{\"@id\":\"https:\/\/sites.ecclesia.pt\/loc-mtc\/#\/schema\/logo\/image\/\"}},{\"@type\":\"Person\",\"@id\":\"https:\/\/sites.ecclesia.pt\/loc-mtc\/#\/schema\/person\/8ba13a346b282ac81bddb0740218c156\",\"name\":\"LOC-MTC\",\"image\":{\"@type\":\"ImageObject\",\"inLanguage\":\"pt-PT\",\"@id\":\"https:\/\/sites.ecclesia.pt\/loc-mtc\/#\/schema\/person\/image\/\",\"url\":\"https:\/\/secure.gravatar.com\/avatar\/381f263bbf1376baf59211319cecf05597b65a26b86db6798bf393c99c999ed9?s=96&d=mm&r=g\",\"contentUrl\":\"https:\/\/secure.gravatar.com\/avatar\/381f263bbf1376baf59211319cecf05597b65a26b86db6798bf393c99c999ed9?s=96&d=mm&r=g\",\"caption\":\"LOC-MTC\"},\"sameAs\":[\"http:\/\/www.ecclesia.pt\/loc-mtc\"]}]}<\/script>\n<!-- \/ Yoast SEO plugin. -->","yoast_head_json":{"title":"07 DE OUTUBRO - RENDIMENTO B\u00c1SICO UNIVERSAL - LOC-MTC","robots":{"index":"index","follow":"follow","max-snippet":"max-snippet:-1","max-image-preview":"max-image-preview:large","max-video-preview":"max-video-preview:-1"},"canonical":"https:\/\/sites.ecclesia.pt\/loc-mtc\/07-de-outubro-rendimento-basico-universal\/","og_locale":"pt_PT","og_type":"article","og_title":"07 DE OUTUBRO - RENDIMENTO B\u00c1SICO UNIVERSAL - LOC-MTC","og_description":"A LUTA DOS TRABALHADORES NO MUNDO \"Quero ver o direito brotar como fonte e a justi\u00e7a correr como corrente que n\u00e3o seca...\" (Am 5, 24).","og_url":"https:\/\/sites.ecclesia.pt\/loc-mtc\/07-de-outubro-rendimento-basico-universal\/","og_site_name":"LOC-MTC","article_published_time":"2017-10-07T08:07:08+00:00","og_image":[{"width":534,"height":426,"url":"https:\/\/sites.ecclesia.pt\/loc-mtc\/wp-content\/uploads\/2017\/10\/22221799_2011989199046470_5890723501315187332_n.png","type":"image\/png"}],"author":"LOC-MTC","twitter_card":"summary_large_image","twitter_misc":{"Escrito por":"LOC-MTC","Tempo estimado de leitura":"4 minutos"},"schema":{"@context":"https:\/\/schema.org","@graph":[{"@type":"Article","@id":"https:\/\/sites.ecclesia.pt\/loc-mtc\/07-de-outubro-rendimento-basico-universal\/#article","isPartOf":{"@id":"https:\/\/sites.ecclesia.pt\/loc-mtc\/07-de-outubro-rendimento-basico-universal\/"},"author":{"name":"LOC-MTC","@id":"https:\/\/sites.ecclesia.pt\/loc-mtc\/#\/schema\/person\/8ba13a346b282ac81bddb0740218c156"},"headline":"07 DE OUTUBRO &#8211; RENDIMENTO B\u00c1SICO UNIVERSAL","datePublished":"2017-10-07T08:07:08+00:00","mainEntityOfPage":{"@id":"https:\/\/sites.ecclesia.pt\/loc-mtc\/07-de-outubro-rendimento-basico-universal\/"},"wordCount":760,"publisher":{"@id":"https:\/\/sites.ecclesia.pt\/loc-mtc\/#organization"},"image":{"@id":"https:\/\/sites.ecclesia.pt\/loc-mtc\/07-de-outubro-rendimento-basico-universal\/#primaryimage"},"thumbnailUrl":"https:\/\/sites.ecclesia.pt\/loc-mtc\/wp-content\/uploads\/2017\/10\/22221799_2011989199046470_5890723501315187332_n.png","articleSection":["Not\u00edcias"],"inLanguage":"pt-PT"},{"@type":"WebPage","@id":"https:\/\/sites.ecclesia.pt\/loc-mtc\/07-de-outubro-rendimento-basico-universal\/","url":"https:\/\/sites.ecclesia.pt\/loc-mtc\/07-de-outubro-rendimento-basico-universal\/","name":"07 DE OUTUBRO - RENDIMENTO B\u00c1SICO UNIVERSAL - LOC-MTC","isPartOf":{"@id":"https:\/\/sites.ecclesia.pt\/loc-mtc\/#website"},"primaryImageOfPage":{"@id":"https:\/\/sites.ecclesia.pt\/loc-mtc\/07-de-outubro-rendimento-basico-universal\/#primaryimage"},"image":{"@id":"https:\/\/sites.ecclesia.pt\/loc-mtc\/07-de-outubro-rendimento-basico-universal\/#primaryimage"},"thumbnailUrl":"https:\/\/sites.ecclesia.pt\/loc-mtc\/wp-content\/uploads\/2017\/10\/22221799_2011989199046470_5890723501315187332_n.png","datePublished":"2017-10-07T08:07:08+00:00","breadcrumb":{"@id":"https:\/\/sites.ecclesia.pt\/loc-mtc\/07-de-outubro-rendimento-basico-universal\/#breadcrumb"},"inLanguage":"pt-PT","potentialAction":[{"@type":"ReadAction","target":["https:\/\/sites.ecclesia.pt\/loc-mtc\/07-de-outubro-rendimento-basico-universal\/"]}]},{"@type":"ImageObject","inLanguage":"pt-PT","@id":"https:\/\/sites.ecclesia.pt\/loc-mtc\/07-de-outubro-rendimento-basico-universal\/#primaryimage","url":"https:\/\/sites.ecclesia.pt\/loc-mtc\/wp-content\/uploads\/2017\/10\/22221799_2011989199046470_5890723501315187332_n.png","contentUrl":"https:\/\/sites.ecclesia.pt\/loc-mtc\/wp-content\/uploads\/2017\/10\/22221799_2011989199046470_5890723501315187332_n.png","width":534,"height":426},{"@type":"BreadcrumbList","@id":"https:\/\/sites.ecclesia.pt\/loc-mtc\/07-de-outubro-rendimento-basico-universal\/#breadcrumb","itemListElement":[{"@type":"ListItem","position":1,"name":"Home","item":"https:\/\/sites.ecclesia.pt\/loc-mtc\/"},{"@type":"ListItem","position":2,"name":"07 DE OUTUBRO &#8211; RENDIMENTO B\u00c1SICO UNIVERSAL"}]},{"@type":"WebSite","@id":"https:\/\/sites.ecclesia.pt\/loc-mtc\/#website","url":"https:\/\/sites.ecclesia.pt\/loc-mtc\/","name":"LOC-MTC","description":"Liga Oper\u00e1ria Cat\u00f3lica \u2013 Movimento de Trabalhadores Crist\u00e3os","publisher":{"@id":"https:\/\/sites.ecclesia.pt\/loc-mtc\/#organization"},"potentialAction":[{"@type":"SearchAction","target":{"@type":"EntryPoint","urlTemplate":"https:\/\/sites.ecclesia.pt\/loc-mtc\/?s={search_term_string}"},"query-input":{"@type":"PropertyValueSpecification","valueRequired":true,"valueName":"search_term_string"}}],"inLanguage":"pt-PT"},{"@type":"Organization","@id":"https:\/\/sites.ecclesia.pt\/loc-mtc\/#organization","name":"LOC\/MTC - Liga Oper\u00e1ria Cat\u00f3lica\/Movimento dos Trabalhadores Crist\u00e3os","alternateName":"LOC\/MTC","url":"https:\/\/sites.ecclesia.pt\/loc-mtc\/","logo":{"@type":"ImageObject","inLanguage":"pt-PT","@id":"https:\/\/sites.ecclesia.pt\/loc-mtc\/#\/schema\/logo\/image\/","url":"https:\/\/sites.ecclesia.pt\/loc-mtc\/wp-content\/uploads\/2021\/07\/loc-mtc-fb.jpg","contentUrl":"https:\/\/sites.ecclesia.pt\/loc-mtc\/wp-content\/uploads\/2021\/07\/loc-mtc-fb.jpg","width":583,"height":552,"caption":"LOC\/MTC - Liga Oper\u00e1ria Cat\u00f3lica\/Movimento dos Trabalhadores Crist\u00e3os"},"image":{"@id":"https:\/\/sites.ecclesia.pt\/loc-mtc\/#\/schema\/logo\/image\/"}},{"@type":"Person","@id":"https:\/\/sites.ecclesia.pt\/loc-mtc\/#\/schema\/person\/8ba13a346b282ac81bddb0740218c156","name":"LOC-MTC","image":{"@type":"ImageObject","inLanguage":"pt-PT","@id":"https:\/\/sites.ecclesia.pt\/loc-mtc\/#\/schema\/person\/image\/","url":"https:\/\/secure.gravatar.com\/avatar\/381f263bbf1376baf59211319cecf05597b65a26b86db6798bf393c99c999ed9?s=96&d=mm&r=g","contentUrl":"https:\/\/secure.gravatar.com\/avatar\/381f263bbf1376baf59211319cecf05597b65a26b86db6798bf393c99c999ed9?s=96&d=mm&r=g","caption":"LOC-MTC"},"sameAs":["http:\/\/www.ecclesia.pt\/loc-mtc"]}]}},"_links":{"self":[{"href":"https:\/\/sites.ecclesia.pt\/loc-mtc\/wp-json\/wp\/v2\/posts\/1857","targetHints":{"allow":["GET"]}}],"collection":[{"href":"https:\/\/sites.ecclesia.pt\/loc-mtc\/wp-json\/wp\/v2\/posts"}],"about":[{"href":"https:\/\/sites.ecclesia.pt\/loc-mtc\/wp-json\/wp\/v2\/types\/post"}],"author":[{"embeddable":true,"href":"https:\/\/sites.ecclesia.pt\/loc-mtc\/wp-json\/wp\/v2\/users\/2"}],"replies":[{"embeddable":true,"href":"https:\/\/sites.ecclesia.pt\/loc-mtc\/wp-json\/wp\/v2\/comments?post=1857"}],"version-history":[{"count":1,"href":"https:\/\/sites.ecclesia.pt\/loc-mtc\/wp-json\/wp\/v2\/posts\/1857\/revisions"}],"predecessor-version":[{"id":1858,"href":"https:\/\/sites.ecclesia.pt\/loc-mtc\/wp-json\/wp\/v2\/posts\/1857\/revisions\/1858"}],"wp:featuredmedia":[{"embeddable":true,"href":"https:\/\/sites.ecclesia.pt\/loc-mtc\/wp-json\/wp\/v2\/media\/1855"}],"wp:attachment":[{"href":"https:\/\/sites.ecclesia.pt\/loc-mtc\/wp-json\/wp\/v2\/media?parent=1857"}],"wp:term":[{"taxonomy":"category","embeddable":true,"href":"https:\/\/sites.ecclesia.pt\/loc-mtc\/wp-json\/wp\/v2\/categories?post=1857"},{"taxonomy":"post_tag","embeddable":true,"href":"https:\/\/sites.ecclesia.pt\/loc-mtc\/wp-json\/wp\/v2\/tags?post=1857"}],"curies":[{"name":"wp","href":"https:\/\/api.w.org\/{rel}","templated":true}]}}