{"id":1962,"date":"2018-06-15T21:27:44","date_gmt":"2018-06-15T21:27:44","guid":{"rendered":"http:\/\/sites.ecclesia.pt\/loc-mtc\/?p=1962"},"modified":"2018-06-15T21:27:44","modified_gmt":"2018-06-15T21:27:44","slug":"declaracao-do-porto-evangelho-no-mundo-do-trabalho","status":"publish","type":"post","link":"https:\/\/sites.ecclesia.pt\/loc-mtc\/declaracao-do-porto-evangelho-no-mundo-do-trabalho\/","title":{"rendered":"DECLARA\u00c7\u00c3O DO PORTO &#8211; EVANGELHO NO MUNDO DO TRABALHO"},"content":{"rendered":"<p><strong>A LOC\/MTC no caminho dos trabalhadores<\/strong><\/p>\n<p>O \u00faltimo Encontro Nacional foi em 2015. Na prepara\u00e7\u00e3o e na sequ\u00eancia do XVI Congresso Nacional da LOC\/MTC, realizado em 2016, foram relatadas muitas e diversas situa\u00e7\u00f5es que identificam a grave situa\u00e7\u00e3o que se vive no mundo laboral; esgotamento, desmotiva\u00e7\u00e3o, ang\u00fastia, baixas frequentes, recurso a medicamentos antidepressivos, incapacidade de satisfazer compromissos assumidos pelo aumento do custo de vida e sem o acompanhamento dos sal\u00e1rios, requisi\u00e7\u00e3o para horas extraordin\u00e1rias no pr\u00f3prio dia, jovens licenciados a ganhar o sal\u00e1rio m\u00ednimo ou alternando emprego com desemprego, a adiar a constitui\u00e7\u00e3o de fam\u00edlia ou a decis\u00e3o de ter filhos consequ\u00eancia da desvaloriza\u00e7\u00e3o e desumaniza\u00e7\u00e3o do trabalho, da precariedade, da flexibiliza\u00e7\u00e3o, da destrui\u00e7\u00e3o das defesas dos trabalhadores, do ass\u00e9dio moral e dos medos provocados, estrat\u00e9gias usadas contra os trabalhadores; Consequ\u00eancia tamb\u00e9m do fomento da competitividade e da cultura do m\u00e9rito entre trabalhadores que s\u00e3o criadoras de injusti\u00e7as e de grupos de privilegiados, que t\u00eam todas as condi\u00e7\u00f5es, incluindo remunerat\u00f3rias, ao lado de uma grande massa de prec\u00e1rios, flexibilizados, descartados.<\/p>\n<p>Encontr\u00e1mos tamb\u00e9m maior sensibilidade e esfor\u00e7o na humaniza\u00e7\u00e3o do ambiente de trabalho, proximidade para com os trabalhadores, empenho na sua forma\u00e7\u00e3o, preocupa\u00e7\u00e3o com a sua sa\u00fade e com o bem-estar das suas fam\u00edlias.<\/p>\n<p>Nos \u00faltimos anos respira-se entre n\u00f3s algum al\u00edvio com a reposi\u00e7\u00e3o de direitos sociais, reposi\u00e7\u00e3o de feriados, aumento do sal\u00e1rio m\u00ednimo e pens\u00f5es sociais e com a descida do desemprego. No entanto a sede de lucro e a gan\u00e2ncia n\u00e3o desarmam nos seus intentos. Os investidores n\u00e3o conhecem as empresas nem os trabalhadores e n\u00e3o d\u00e3o a cara por elas. Aplicam dinheiro a pensar em dinheiro. Continuam a comprar empresas mais pequenas para as sugar e depois as deitar fora com os seus trabalhadores, como se fora lixo.<\/p>\n<p>A economia est\u00e1 focada no lucro e n\u00e3o nas pessoas trabalhadoras. O modelo de organiza\u00e7\u00e3o de trabalho, da sociedade e da economia n\u00e3o est\u00e1 conforme a dignidade da pessoa humana. E o Estado, ao lado e a precisar dos investidores, d\u00e1 mostras de impot\u00eancia, \u201cdomesticado\u201d e inoperante na defesa dos trabalhadores e do bem comum, a par de muitos sinais de corrup\u00e7\u00e3o.<\/p>\n<p>\u00c9 tudo isto que torna necess\u00e1rio e urgente \u201cHumanizar e Evangelizar o Mundo do Trabalho\u201d (Lema do Congresso da LOC\/MTC para estes tr\u00eas anos).<\/p>\n<p>&nbsp;<\/p>\n<p><strong>Trabalhadores Crist\u00e3os reunidos na Par\u00f3quia de Le\u00e7a do Balio, Diocese do Porto, <\/strong><\/p>\n<p><strong>\u00a0<\/strong><\/p>\n<p><strong>Declaramos:<\/strong><\/p>\n<p>-Que o trabalho marca e determina a vida pessoal, familiar e social. Tem a ver com o afecto, com o desenvolvimento da intelig\u00eancia, com a capacidade de acolher as fraquezas, com a maturidade. Tem a ver com o relacionamento familiar esponsal e paternal\/maternal. Tem a ver com a constru\u00e7\u00e3o da democracia, com a participa\u00e7\u00e3o nas diversas coletividades, com a cultura. Trabalho n\u00e3o \u00e9 uma mercadoria. O trabalho \u00e9 insepar\u00e1vel da vida. Trabalho digno \u00e9 felicidade.<\/p>\n<p>&nbsp;<\/p>\n<p>-Que os Evangelhos nos transmitem a import\u00e2ncia de caminhar juntos: Jesus enviou dois a dois, constituiu uma equipa de doze, e as primeiras comunidades crist\u00e3s eram conhecidas pela sua rela\u00e7\u00e3o de amor e entreajuda: <em>\u201cVede como eles se amam\u201d.<\/em> A acrescentar a isto a preocupa\u00e7\u00e3o em cuidar dos mais pobres, das vi\u00favas, dos \u00f3rf\u00e3os, dos estrangeiros. Ningu\u00e9m era deixado para tr\u00e1s. O associativismo em geral, e o sindicalismo em particular, est\u00e3o pr\u00f3ximos deste ideal, pois a for\u00e7a dos fracos \u00e9 a uni\u00e3o. A presen\u00e7a do Evangelho na vida dos militantes da LOC orienta-nos para a partilha de vida em pequenos grupos (Equipas de base), para a reflex\u00e3o e para a a\u00e7\u00e3o na aten\u00e7\u00e3o aos mais pobres e prec\u00e1rios, de modo que ningu\u00e9m fique de fora dos bens que Deus d\u00e1 para todos.<\/p>\n<p>&nbsp;<\/p>\n<p>-Que a nossa miss\u00e3o crist\u00e3 se realiza no mundo, e concretamente no mundo do trabalho, pois acreditamos que Jesus Cristo \u00e9 Boa Not\u00edcia para o mundo do trabalho. A f\u00e9 em Jesus Cristo tem a ver com a vida concreta das pessoas, com a sua felicidade, com o seu bem-estar, tamb\u00e9m no trabalho. A f\u00e9 d\u00e1 \u00e0 pessoa consci\u00eancia da sua dignidade, d\u00e1 for\u00e7a para n\u00e3o se deixar escravizar e para levar esse alento aos colegas trabalhadores.<\/p>\n<p>&nbsp;<\/p>\n<p>-Que vamos prosseguir com aud\u00e1cia, humildade e persist\u00eancia, \u00e0 maneira de fermento na massa (Mt 13,33), enfrentando medos e incertezas, na busca de uma vida melhor para todos, porque sonhamos um mundo onde todos tenham lugar e dignidade, vida em abund\u00e2ncia (Jo 10,10), onde o sucesso e o desenvolvimento consistam em que ningu\u00e9m fique para tr\u00e1s, apesar de todo um ambiente adverso que remete a f\u00e9 para o privado, para a \u201csacristia\u201d, e apesar de muitas vezes incompreendidos, at\u00e9 no interior da Igreja e das comunidades a que pertencemos. Actuaremos perante as tribula\u00e7\u00f5es e injusti\u00e7as cometidas contra os mais desfavorecidos da sociedade. Seremos cidad\u00e3os mais ativos e empenhados na den\u00fancia das causas que provocam uma sociedade t\u00e3o desigual.<\/p>\n<p>&nbsp;<\/p>\n<p>-Que vamos continuar a participar na vida p\u00fablica com sentido de miss\u00e3o: em comiss\u00f5es de utentes, sindicatos e demais organiza\u00e7\u00f5es de trabalhadores, associa\u00e7\u00f5es culturais e desportivas, autarquias locais, partidos. Participaremos na transforma\u00e7\u00e3o do mundo e na a\u00e7\u00e3o pela justi\u00e7a como dever c\u00edvico e pol\u00edtico e numa dimens\u00e3o constitutiva do nosso ser crist\u00e3o. Como trabalhadores crist\u00e3os queremos estimular o envolvimento e compromisso na dinamiza\u00e7\u00e3o das organiza\u00e7\u00f5es da sociedade e na democratiza\u00e7\u00e3o das institui\u00e7\u00f5es p\u00fablicas, participar e acompanhar as suas decis\u00f5es. A constru\u00e7\u00e3o da democracia n\u00e3o est\u00e1 acabada e as solu\u00e7\u00f5es governativas e, concretamente as leis laborais, n\u00e3o s\u00e3o indiferentes para a vida das pessoas.<\/p>\n<p><strong>\u00a0<\/strong><\/p>\n<p><strong>Saudamos:<\/strong><\/p>\n<p>-Os avan\u00e7os nas novas tecnologias da Rob\u00f3tica, da Digitaliza\u00e7\u00e3o, da intelig\u00eancia artificial pelo bem que trazem \u00e0 vida humana e concretamente ao trabalho, mas afirmamos que, na cria\u00e7\u00e3o de Deus, em primeiro lugar h\u00e1 que cuidar e guardar o humano e defender o bem comum. Este \u00e9 um contributo da f\u00e9 crist\u00e3 para a constru\u00e7\u00e3o da pessoa e da sociedade. As tecnologias s\u00e3o o que s\u00e3o, s\u00e3o ferramentas ao servi\u00e7o do homem, da vida familiar e social, n\u00e3o podem sobrepor-se \u00e0s pessoas.<\/p>\n<p>-O papa Francisco. Ele est\u00e1 a fazer do Trabalho um pilar do seu Pontificado. Na sua reflex\u00e3o, den\u00fancias e propostas, os trabalhadores est\u00e3o no centro das suas preocupa\u00e7\u00f5es. E ligadas a estas, as quest\u00f5es da economia, da participa\u00e7\u00e3o na constru\u00e7\u00e3o da democracia, do papel das Organiza\u00e7\u00f5es dos trabalhadores, da distribui\u00e7\u00e3o das riquezas, do cuidado e da dignidade dos pobres. No meio de tudo isto a miss\u00e3o dos crist\u00e3os no mundo. Queremos participar de uma Igreja prof\u00e9tica, ao lado do Papa Francisco, denunciando esta economia que exclui e mata, e os seus protagonistas, bem como os processos que usam para amedrontar e continuar a acumular, sem que ningu\u00e9m os incomode.<\/p>\n<p>&nbsp;<\/p>\n<p><strong>Apelamos:<\/strong><\/p>\n<p>Que todos os cidad\u00e3os de boa vontade se comprometam tamb\u00e9m nesta transforma\u00e7\u00e3o, porque acreditamos que outra sociedade \u00e9 poss\u00edvel.<\/p>\n<p><strong><em>Porto, 10 de junho de 2018<\/em><\/strong><\/p>\n","protected":false},"excerpt":{"rendered":"<p>A LOC\/MTC &#8211; Liga Oper\u00e1ria Cat\u00f3lica\/Movimento de Trabalhadores Crist\u00e3os promoveu, na Par\u00f3quia de Le\u00e7a do Balio, Diocese do Porto, no dia 10 de Junho de 2018, um Encontro Nacional, com o objetivo de partilhar, num ambiente familiar e solid\u00e1rio, a vivencia da LOC\/MTC e as suas angustias e esperan\u00e7as, procurando identificar a presen\u00e7a de Deus no meio das contradi\u00e7\u00f5es do mundo laboral de hoje, e de estimular o compromisso de participa\u00e7\u00e3o mais ativa dos trabalhadores crist\u00e3os nas organiza\u00e7\u00f5es da sociedade e na democratiza\u00e7\u00e3o das institui\u00e7\u00f5es p\u00fablicas e privadas, na busca de uma Sociedade mais justa e fraterna.<\/p>\n","protected":false},"author":2,"featured_media":1963,"comment_status":"closed","ping_status":"closed","sticky":false,"template":"","format":"standard","meta":{"_et_pb_use_builder":"","_et_pb_old_content":"","_et_gb_content_width":"","footnotes":""},"categories":[4,2],"tags":[],"class_list":["post-1962","post","type-post","status-publish","format-standard","has-post-thumbnail","hentry","category-comunicados","category-noticias"],"yoast_head":"<!-- This site is optimized with the Yoast SEO plugin v26.9 - https:\/\/yoast.com\/product\/yoast-seo-wordpress\/ -->\n<title>DECLARA\u00c7\u00c3O DO PORTO - EVANGELHO NO MUNDO DO TRABALHO - LOC-MTC<\/title>\n<meta name=\"robots\" content=\"index, follow, max-snippet:-1, max-image-preview:large, max-video-preview:-1\" \/>\n<link rel=\"canonical\" href=\"https:\/\/sites.ecclesia.pt\/loc-mtc\/declaracao-do-porto-evangelho-no-mundo-do-trabalho\/\" \/>\n<meta property=\"og:locale\" content=\"pt_PT\" \/>\n<meta property=\"og:type\" content=\"article\" \/>\n<meta property=\"og:title\" content=\"DECLARA\u00c7\u00c3O DO PORTO - EVANGELHO NO MUNDO DO TRABALHO - LOC-MTC\" \/>\n<meta property=\"og:description\" content=\"A LOC\/MTC - Liga Oper\u00e1ria Cat\u00f3lica\/Movimento de Trabalhadores Crist\u00e3os promoveu, na Par\u00f3quia de Le\u00e7a do Balio, Diocese do Porto, no dia 10 de Junho de 2018, um Encontro Nacional, com o objetivo de partilhar, num ambiente familiar e solid\u00e1rio, a vivencia da LOC\/MTC e as suas angustias e esperan\u00e7as, procurando identificar a presen\u00e7a de Deus no meio das contradi\u00e7\u00f5es do mundo laboral de hoje, e de estimular o compromisso de participa\u00e7\u00e3o mais ativa dos trabalhadores crist\u00e3os nas organiza\u00e7\u00f5es da sociedade e na democratiza\u00e7\u00e3o das institui\u00e7\u00f5es p\u00fablicas e privadas, na busca de uma Sociedade mais justa e fraterna.\" \/>\n<meta property=\"og:url\" content=\"https:\/\/sites.ecclesia.pt\/loc-mtc\/declaracao-do-porto-evangelho-no-mundo-do-trabalho\/\" \/>\n<meta property=\"og:site_name\" content=\"LOC-MTC\" \/>\n<meta property=\"article:published_time\" content=\"2018-06-15T21:27:44+00:00\" \/>\n<meta property=\"og:image\" content=\"https:\/\/sites.ecclesia.pt\/loc-mtc\/wp-content\/uploads\/2018\/06\/bbbb.gif\" \/>\n\t<meta property=\"og:image:width\" content=\"639\" \/>\n\t<meta property=\"og:image:height\" content=\"425\" \/>\n\t<meta property=\"og:image:type\" content=\"image\/gif\" \/>\n<meta name=\"author\" content=\"LOC-MTC\" \/>\n<meta name=\"twitter:card\" content=\"summary_large_image\" \/>\n<meta name=\"twitter:label1\" content=\"Escrito por\" \/>\n\t<meta name=\"twitter:data1\" content=\"LOC-MTC\" \/>\n\t<meta name=\"twitter:label2\" content=\"Tempo estimado de leitura\" \/>\n\t<meta name=\"twitter:data2\" content=\"6 minutos\" \/>\n<script type=\"application\/ld+json\" class=\"yoast-schema-graph\">{\"@context\":\"https:\/\/schema.org\",\"@graph\":[{\"@type\":\"Article\",\"@id\":\"https:\/\/sites.ecclesia.pt\/loc-mtc\/declaracao-do-porto-evangelho-no-mundo-do-trabalho\/#article\",\"isPartOf\":{\"@id\":\"https:\/\/sites.ecclesia.pt\/loc-mtc\/declaracao-do-porto-evangelho-no-mundo-do-trabalho\/\"},\"author\":{\"name\":\"LOC-MTC\",\"@id\":\"https:\/\/sites.ecclesia.pt\/loc-mtc\/#\/schema\/person\/8ba13a346b282ac81bddb0740218c156\"},\"headline\":\"DECLARA\u00c7\u00c3O DO PORTO &#8211; EVANGELHO NO MUNDO DO TRABALHO\",\"datePublished\":\"2018-06-15T21:27:44+00:00\",\"mainEntityOfPage\":{\"@id\":\"https:\/\/sites.ecclesia.pt\/loc-mtc\/declaracao-do-porto-evangelho-no-mundo-do-trabalho\/\"},\"wordCount\":1268,\"publisher\":{\"@id\":\"https:\/\/sites.ecclesia.pt\/loc-mtc\/#organization\"},\"image\":{\"@id\":\"https:\/\/sites.ecclesia.pt\/loc-mtc\/declaracao-do-porto-evangelho-no-mundo-do-trabalho\/#primaryimage\"},\"thumbnailUrl\":\"https:\/\/sites.ecclesia.pt\/loc-mtc\/wp-content\/uploads\/2018\/06\/bbbb.gif\",\"articleSection\":[\"Comunicados\",\"Not\u00edcias\"],\"inLanguage\":\"pt-PT\"},{\"@type\":\"WebPage\",\"@id\":\"https:\/\/sites.ecclesia.pt\/loc-mtc\/declaracao-do-porto-evangelho-no-mundo-do-trabalho\/\",\"url\":\"https:\/\/sites.ecclesia.pt\/loc-mtc\/declaracao-do-porto-evangelho-no-mundo-do-trabalho\/\",\"name\":\"DECLARA\u00c7\u00c3O DO PORTO - EVANGELHO NO MUNDO DO TRABALHO - LOC-MTC\",\"isPartOf\":{\"@id\":\"https:\/\/sites.ecclesia.pt\/loc-mtc\/#website\"},\"primaryImageOfPage\":{\"@id\":\"https:\/\/sites.ecclesia.pt\/loc-mtc\/declaracao-do-porto-evangelho-no-mundo-do-trabalho\/#primaryimage\"},\"image\":{\"@id\":\"https:\/\/sites.ecclesia.pt\/loc-mtc\/declaracao-do-porto-evangelho-no-mundo-do-trabalho\/#primaryimage\"},\"thumbnailUrl\":\"https:\/\/sites.ecclesia.pt\/loc-mtc\/wp-content\/uploads\/2018\/06\/bbbb.gif\",\"datePublished\":\"2018-06-15T21:27:44+00:00\",\"breadcrumb\":{\"@id\":\"https:\/\/sites.ecclesia.pt\/loc-mtc\/declaracao-do-porto-evangelho-no-mundo-do-trabalho\/#breadcrumb\"},\"inLanguage\":\"pt-PT\",\"potentialAction\":[{\"@type\":\"ReadAction\",\"target\":[\"https:\/\/sites.ecclesia.pt\/loc-mtc\/declaracao-do-porto-evangelho-no-mundo-do-trabalho\/\"]}]},{\"@type\":\"ImageObject\",\"inLanguage\":\"pt-PT\",\"@id\":\"https:\/\/sites.ecclesia.pt\/loc-mtc\/declaracao-do-porto-evangelho-no-mundo-do-trabalho\/#primaryimage\",\"url\":\"https:\/\/sites.ecclesia.pt\/loc-mtc\/wp-content\/uploads\/2018\/06\/bbbb.gif\",\"contentUrl\":\"https:\/\/sites.ecclesia.pt\/loc-mtc\/wp-content\/uploads\/2018\/06\/bbbb.gif\",\"width\":639,\"height\":425},{\"@type\":\"BreadcrumbList\",\"@id\":\"https:\/\/sites.ecclesia.pt\/loc-mtc\/declaracao-do-porto-evangelho-no-mundo-do-trabalho\/#breadcrumb\",\"itemListElement\":[{\"@type\":\"ListItem\",\"position\":1,\"name\":\"Home\",\"item\":\"https:\/\/sites.ecclesia.pt\/loc-mtc\/\"},{\"@type\":\"ListItem\",\"position\":2,\"name\":\"DECLARA\u00c7\u00c3O DO PORTO &#8211; EVANGELHO NO MUNDO DO TRABALHO\"}]},{\"@type\":\"WebSite\",\"@id\":\"https:\/\/sites.ecclesia.pt\/loc-mtc\/#website\",\"url\":\"https:\/\/sites.ecclesia.pt\/loc-mtc\/\",\"name\":\"LOC-MTC\",\"description\":\"Liga Oper\u00e1ria Cat\u00f3lica \u2013 Movimento de Trabalhadores Crist\u00e3os\",\"publisher\":{\"@id\":\"https:\/\/sites.ecclesia.pt\/loc-mtc\/#organization\"},\"potentialAction\":[{\"@type\":\"SearchAction\",\"target\":{\"@type\":\"EntryPoint\",\"urlTemplate\":\"https:\/\/sites.ecclesia.pt\/loc-mtc\/?s={search_term_string}\"},\"query-input\":{\"@type\":\"PropertyValueSpecification\",\"valueRequired\":true,\"valueName\":\"search_term_string\"}}],\"inLanguage\":\"pt-PT\"},{\"@type\":\"Organization\",\"@id\":\"https:\/\/sites.ecclesia.pt\/loc-mtc\/#organization\",\"name\":\"LOC\/MTC - Liga Oper\u00e1ria Cat\u00f3lica\/Movimento dos Trabalhadores Crist\u00e3os\",\"alternateName\":\"LOC\/MTC\",\"url\":\"https:\/\/sites.ecclesia.pt\/loc-mtc\/\",\"logo\":{\"@type\":\"ImageObject\",\"inLanguage\":\"pt-PT\",\"@id\":\"https:\/\/sites.ecclesia.pt\/loc-mtc\/#\/schema\/logo\/image\/\",\"url\":\"https:\/\/sites.ecclesia.pt\/loc-mtc\/wp-content\/uploads\/2021\/07\/loc-mtc-fb.jpg\",\"contentUrl\":\"https:\/\/sites.ecclesia.pt\/loc-mtc\/wp-content\/uploads\/2021\/07\/loc-mtc-fb.jpg\",\"width\":583,\"height\":552,\"caption\":\"LOC\/MTC - Liga Oper\u00e1ria Cat\u00f3lica\/Movimento dos Trabalhadores Crist\u00e3os\"},\"image\":{\"@id\":\"https:\/\/sites.ecclesia.pt\/loc-mtc\/#\/schema\/logo\/image\/\"}},{\"@type\":\"Person\",\"@id\":\"https:\/\/sites.ecclesia.pt\/loc-mtc\/#\/schema\/person\/8ba13a346b282ac81bddb0740218c156\",\"name\":\"LOC-MTC\",\"image\":{\"@type\":\"ImageObject\",\"inLanguage\":\"pt-PT\",\"@id\":\"https:\/\/sites.ecclesia.pt\/loc-mtc\/#\/schema\/person\/image\/\",\"url\":\"https:\/\/secure.gravatar.com\/avatar\/381f263bbf1376baf59211319cecf05597b65a26b86db6798bf393c99c999ed9?s=96&d=mm&r=g\",\"contentUrl\":\"https:\/\/secure.gravatar.com\/avatar\/381f263bbf1376baf59211319cecf05597b65a26b86db6798bf393c99c999ed9?s=96&d=mm&r=g\",\"caption\":\"LOC-MTC\"},\"sameAs\":[\"http:\/\/www.ecclesia.pt\/loc-mtc\"]}]}<\/script>\n<!-- \/ Yoast SEO plugin. -->","yoast_head_json":{"title":"DECLARA\u00c7\u00c3O DO PORTO - EVANGELHO NO MUNDO DO TRABALHO - LOC-MTC","robots":{"index":"index","follow":"follow","max-snippet":"max-snippet:-1","max-image-preview":"max-image-preview:large","max-video-preview":"max-video-preview:-1"},"canonical":"https:\/\/sites.ecclesia.pt\/loc-mtc\/declaracao-do-porto-evangelho-no-mundo-do-trabalho\/","og_locale":"pt_PT","og_type":"article","og_title":"DECLARA\u00c7\u00c3O DO PORTO - EVANGELHO NO MUNDO DO TRABALHO - LOC-MTC","og_description":"A LOC\/MTC - Liga Oper\u00e1ria Cat\u00f3lica\/Movimento de Trabalhadores Crist\u00e3os promoveu, na Par\u00f3quia de Le\u00e7a do Balio, Diocese do Porto, no dia 10 de Junho de 2018, um Encontro Nacional, com o objetivo de partilhar, num ambiente familiar e solid\u00e1rio, a vivencia da LOC\/MTC e as suas angustias e esperan\u00e7as, procurando identificar a presen\u00e7a de Deus no meio das contradi\u00e7\u00f5es do mundo laboral de hoje, e de estimular o compromisso de participa\u00e7\u00e3o mais ativa dos trabalhadores crist\u00e3os nas organiza\u00e7\u00f5es da sociedade e na democratiza\u00e7\u00e3o das institui\u00e7\u00f5es p\u00fablicas e privadas, na busca de uma Sociedade mais justa e fraterna.","og_url":"https:\/\/sites.ecclesia.pt\/loc-mtc\/declaracao-do-porto-evangelho-no-mundo-do-trabalho\/","og_site_name":"LOC-MTC","article_published_time":"2018-06-15T21:27:44+00:00","og_image":[{"width":639,"height":425,"url":"https:\/\/sites.ecclesia.pt\/loc-mtc\/wp-content\/uploads\/2018\/06\/bbbb.gif","type":"image\/gif"}],"author":"LOC-MTC","twitter_card":"summary_large_image","twitter_misc":{"Escrito por":"LOC-MTC","Tempo estimado de leitura":"6 minutos"},"schema":{"@context":"https:\/\/schema.org","@graph":[{"@type":"Article","@id":"https:\/\/sites.ecclesia.pt\/loc-mtc\/declaracao-do-porto-evangelho-no-mundo-do-trabalho\/#article","isPartOf":{"@id":"https:\/\/sites.ecclesia.pt\/loc-mtc\/declaracao-do-porto-evangelho-no-mundo-do-trabalho\/"},"author":{"name":"LOC-MTC","@id":"https:\/\/sites.ecclesia.pt\/loc-mtc\/#\/schema\/person\/8ba13a346b282ac81bddb0740218c156"},"headline":"DECLARA\u00c7\u00c3O DO PORTO &#8211; EVANGELHO NO MUNDO DO TRABALHO","datePublished":"2018-06-15T21:27:44+00:00","mainEntityOfPage":{"@id":"https:\/\/sites.ecclesia.pt\/loc-mtc\/declaracao-do-porto-evangelho-no-mundo-do-trabalho\/"},"wordCount":1268,"publisher":{"@id":"https:\/\/sites.ecclesia.pt\/loc-mtc\/#organization"},"image":{"@id":"https:\/\/sites.ecclesia.pt\/loc-mtc\/declaracao-do-porto-evangelho-no-mundo-do-trabalho\/#primaryimage"},"thumbnailUrl":"https:\/\/sites.ecclesia.pt\/loc-mtc\/wp-content\/uploads\/2018\/06\/bbbb.gif","articleSection":["Comunicados","Not\u00edcias"],"inLanguage":"pt-PT"},{"@type":"WebPage","@id":"https:\/\/sites.ecclesia.pt\/loc-mtc\/declaracao-do-porto-evangelho-no-mundo-do-trabalho\/","url":"https:\/\/sites.ecclesia.pt\/loc-mtc\/declaracao-do-porto-evangelho-no-mundo-do-trabalho\/","name":"DECLARA\u00c7\u00c3O DO PORTO - EVANGELHO NO MUNDO DO TRABALHO - LOC-MTC","isPartOf":{"@id":"https:\/\/sites.ecclesia.pt\/loc-mtc\/#website"},"primaryImageOfPage":{"@id":"https:\/\/sites.ecclesia.pt\/loc-mtc\/declaracao-do-porto-evangelho-no-mundo-do-trabalho\/#primaryimage"},"image":{"@id":"https:\/\/sites.ecclesia.pt\/loc-mtc\/declaracao-do-porto-evangelho-no-mundo-do-trabalho\/#primaryimage"},"thumbnailUrl":"https:\/\/sites.ecclesia.pt\/loc-mtc\/wp-content\/uploads\/2018\/06\/bbbb.gif","datePublished":"2018-06-15T21:27:44+00:00","breadcrumb":{"@id":"https:\/\/sites.ecclesia.pt\/loc-mtc\/declaracao-do-porto-evangelho-no-mundo-do-trabalho\/#breadcrumb"},"inLanguage":"pt-PT","potentialAction":[{"@type":"ReadAction","target":["https:\/\/sites.ecclesia.pt\/loc-mtc\/declaracao-do-porto-evangelho-no-mundo-do-trabalho\/"]}]},{"@type":"ImageObject","inLanguage":"pt-PT","@id":"https:\/\/sites.ecclesia.pt\/loc-mtc\/declaracao-do-porto-evangelho-no-mundo-do-trabalho\/#primaryimage","url":"https:\/\/sites.ecclesia.pt\/loc-mtc\/wp-content\/uploads\/2018\/06\/bbbb.gif","contentUrl":"https:\/\/sites.ecclesia.pt\/loc-mtc\/wp-content\/uploads\/2018\/06\/bbbb.gif","width":639,"height":425},{"@type":"BreadcrumbList","@id":"https:\/\/sites.ecclesia.pt\/loc-mtc\/declaracao-do-porto-evangelho-no-mundo-do-trabalho\/#breadcrumb","itemListElement":[{"@type":"ListItem","position":1,"name":"Home","item":"https:\/\/sites.ecclesia.pt\/loc-mtc\/"},{"@type":"ListItem","position":2,"name":"DECLARA\u00c7\u00c3O DO PORTO &#8211; EVANGELHO NO MUNDO DO TRABALHO"}]},{"@type":"WebSite","@id":"https:\/\/sites.ecclesia.pt\/loc-mtc\/#website","url":"https:\/\/sites.ecclesia.pt\/loc-mtc\/","name":"LOC-MTC","description":"Liga Oper\u00e1ria Cat\u00f3lica \u2013 Movimento de Trabalhadores Crist\u00e3os","publisher":{"@id":"https:\/\/sites.ecclesia.pt\/loc-mtc\/#organization"},"potentialAction":[{"@type":"SearchAction","target":{"@type":"EntryPoint","urlTemplate":"https:\/\/sites.ecclesia.pt\/loc-mtc\/?s={search_term_string}"},"query-input":{"@type":"PropertyValueSpecification","valueRequired":true,"valueName":"search_term_string"}}],"inLanguage":"pt-PT"},{"@type":"Organization","@id":"https:\/\/sites.ecclesia.pt\/loc-mtc\/#organization","name":"LOC\/MTC - Liga Oper\u00e1ria Cat\u00f3lica\/Movimento dos Trabalhadores Crist\u00e3os","alternateName":"LOC\/MTC","url":"https:\/\/sites.ecclesia.pt\/loc-mtc\/","logo":{"@type":"ImageObject","inLanguage":"pt-PT","@id":"https:\/\/sites.ecclesia.pt\/loc-mtc\/#\/schema\/logo\/image\/","url":"https:\/\/sites.ecclesia.pt\/loc-mtc\/wp-content\/uploads\/2021\/07\/loc-mtc-fb.jpg","contentUrl":"https:\/\/sites.ecclesia.pt\/loc-mtc\/wp-content\/uploads\/2021\/07\/loc-mtc-fb.jpg","width":583,"height":552,"caption":"LOC\/MTC - Liga Oper\u00e1ria Cat\u00f3lica\/Movimento dos Trabalhadores Crist\u00e3os"},"image":{"@id":"https:\/\/sites.ecclesia.pt\/loc-mtc\/#\/schema\/logo\/image\/"}},{"@type":"Person","@id":"https:\/\/sites.ecclesia.pt\/loc-mtc\/#\/schema\/person\/8ba13a346b282ac81bddb0740218c156","name":"LOC-MTC","image":{"@type":"ImageObject","inLanguage":"pt-PT","@id":"https:\/\/sites.ecclesia.pt\/loc-mtc\/#\/schema\/person\/image\/","url":"https:\/\/secure.gravatar.com\/avatar\/381f263bbf1376baf59211319cecf05597b65a26b86db6798bf393c99c999ed9?s=96&d=mm&r=g","contentUrl":"https:\/\/secure.gravatar.com\/avatar\/381f263bbf1376baf59211319cecf05597b65a26b86db6798bf393c99c999ed9?s=96&d=mm&r=g","caption":"LOC-MTC"},"sameAs":["http:\/\/www.ecclesia.pt\/loc-mtc"]}]}},"_links":{"self":[{"href":"https:\/\/sites.ecclesia.pt\/loc-mtc\/wp-json\/wp\/v2\/posts\/1962","targetHints":{"allow":["GET"]}}],"collection":[{"href":"https:\/\/sites.ecclesia.pt\/loc-mtc\/wp-json\/wp\/v2\/posts"}],"about":[{"href":"https:\/\/sites.ecclesia.pt\/loc-mtc\/wp-json\/wp\/v2\/types\/post"}],"author":[{"embeddable":true,"href":"https:\/\/sites.ecclesia.pt\/loc-mtc\/wp-json\/wp\/v2\/users\/2"}],"replies":[{"embeddable":true,"href":"https:\/\/sites.ecclesia.pt\/loc-mtc\/wp-json\/wp\/v2\/comments?post=1962"}],"version-history":[{"count":1,"href":"https:\/\/sites.ecclesia.pt\/loc-mtc\/wp-json\/wp\/v2\/posts\/1962\/revisions"}],"predecessor-version":[{"id":1964,"href":"https:\/\/sites.ecclesia.pt\/loc-mtc\/wp-json\/wp\/v2\/posts\/1962\/revisions\/1964"}],"wp:featuredmedia":[{"embeddable":true,"href":"https:\/\/sites.ecclesia.pt\/loc-mtc\/wp-json\/wp\/v2\/media\/1963"}],"wp:attachment":[{"href":"https:\/\/sites.ecclesia.pt\/loc-mtc\/wp-json\/wp\/v2\/media?parent=1962"}],"wp:term":[{"taxonomy":"category","embeddable":true,"href":"https:\/\/sites.ecclesia.pt\/loc-mtc\/wp-json\/wp\/v2\/categories?post=1962"},{"taxonomy":"post_tag","embeddable":true,"href":"https:\/\/sites.ecclesia.pt\/loc-mtc\/wp-json\/wp\/v2\/tags?post=1962"}],"curies":[{"name":"wp","href":"https:\/\/api.w.org\/{rel}","templated":true}]}}