{"id":2045,"date":"2019-10-17T18:48:48","date_gmt":"2019-10-17T18:48:48","guid":{"rendered":"http:\/\/sites.ecclesia.pt\/loc-mtc\/?p=2045"},"modified":"2019-10-17T18:49:41","modified_gmt":"2019-10-17T18:49:41","slug":"precariedades-e-desigualdades-nas-empresas-e-no-mundo-laboral-e-protecao-social-para-todos","status":"publish","type":"post","link":"https:\/\/sites.ecclesia.pt\/loc-mtc\/precariedades-e-desigualdades-nas-empresas-e-no-mundo-laboral-e-protecao-social-para-todos\/","title":{"rendered":"\u201cPrecariedades e Desigualdades, nas Empresas e no Mundo Laboral, e Prote\u00e7\u00e3o Social para todos\u201d"},"content":{"rendered":"\n<p><strong>Conclus\u00f5es do Semin\u00e1rio Internacional<\/strong><\/p>\n\n\n\n<p>Realizou-se de\n10 a 13 de outubro de 2019, em Alfragide \u2013 Amadora, um Semin\u00e1rio de Forma\u00e7\u00e3o\npromovido e organizado pela LOC\/MTC \u2013 Liga Oper\u00e1ria Cat\u00f3lica\/Movimento de\nTrabalhadores Crist\u00e3os, com a participa\u00e7\u00e3o de membros da BASE-FUT &#8211; Frente\nUnit\u00e1ria de Trabalhadores, da JOC- Juventude Oper\u00e1ria Cat\u00f3lica, da LOC\/MTC-Movimento\nde Trabalhadores Crist\u00e3os e da Pastoral Oper\u00e1ria de Portugal, do KAB- Movimento\nOper\u00e1rio Cat\u00f3lico, da Alemanha, da HOAC-Hermandad Obrera de A\u00e7\u00e3o Cat\u00f3lica e da\nCEPI (H+D) Humaniza\u00e7\u00e3o e Democracia de Espanha, da CFTC \u2013 Confedera\u00e7\u00e3o Francesa\nde Trabalhadores Crist\u00e3os, de Fran\u00e7a, da NKOS \u2013 Sindicato Crist\u00e3os\nIndependente, da Eslov\u00e1quia, da ZD NSI- Nova Associa\u00e7\u00e3o de Trabalhadores, da Eslov\u00e9nia\ne do EZA \u2013 Centro Europeu para os Assuntos dos Trabalhadores, sob o tema: <strong>\u201c<\/strong><strong><em>Precariedades e Desigualdades nas\nEmpresas e no Mundo Laboral, e Protec\u00e7\u00e3o Social para todos<\/em><\/strong><strong>\u201d.<\/strong><\/p>\n\n\n\n<p>Na sess\u00e3o de\nabertura esteve presente Jos\u00e9 Agostinho Marques, Vereador da Cultura da Camara\nMunicipal da Amadora, Jo\u00e3o Paulo Branco, membro da Administra\u00e7\u00e3o do EZA, e Am\u00e9rico\nMonteiro, Coordenador Nacional da LOC\/MTC.<\/p>\n\n\n\n<p>O Coordenador da\nLOC\/MTC saudou os participantes nacionais e estrangeiros bem como as\norganiza\u00e7\u00f5es que representam, fez uma breve resenha da situa\u00e7\u00e3o que os\ntrabalhadores vivem em Portugal e apontou alguns objetivos do Semin\u00e1rio; Jo\u00e3o\nPaulo Branco, membro da Administra\u00e7\u00e3o do EZA falou-nos das atividades do EZA,\nda situa\u00e7\u00e3o europeia e da import\u00e2ncia destes Semin\u00e1rios; o Vereador da Camara\nda Amadora\nfelicitou e agradeceu \u00e0 LOC\/MTC ter escolhido o Concelho da Amadora para\nrealizar este semin\u00e1rio que ser\u00e1 o Concelho de Portugal mais pequeno em \u00e1rea\n(24 km2), mas onde vivem 180.000 pessoas de mais de 100 nacionalidades e fez uma ligeira apresenta\u00e7\u00e3o da situa\u00e7\u00e3o laboral e social do seu\nConcelho, que tem muitos problemas sociais, mas n\u00e3o tem desemprego.<\/p>\n\n\n\n<p>Nas outras\nsess\u00f5es participaram como oradores: Frederico Cantante, doutorado em Sociologia\ne Investigador S\u00e9nior do Laborat\u00f3rio Colaborativo para o Trabalho, o Emprego e\na Prote\u00e7\u00e3o Social; Wilfried Wienen, Respons\u00e1vel do Secretariado Europeu do KAB\nNacional da Alemanha; Vivalda Silva, Presidente do STAD-Sindicato dos\nTrabalhadores de Atividades Diversas e membro da Equipa Executiva da\nCGTP-Confedera\u00e7\u00e3o Geral dos Trabalhadores Portugueses; Maria del Pino Trejo Sanchez,\nprofessora no Instituto de educa\u00e7\u00e3o e dirigente e membro do grupo de forma\u00e7\u00e3o\nda HOAC.<\/p>\n\n\n\n<p>A primeira\nSess\u00e3o levou-nos a uma reflex\u00e3o sobre as causas e consequ\u00eancias da falta de prote\u00e7\u00e3o\nsocial dos trabalhadores e como esta realidade p\u00f5e em causa o modelo social\neuropeu, afetando a sociedade, principalmente as popula\u00e7\u00f5es mais desprotegidas.\nMudaram as rela\u00e7\u00f5es de trabalho, destacando-se que, atualmente existe cada vez\nmenos a ideia de ter uma carreira, pelas dificuldades de ter um emprego\npermanente e pela prolifera\u00e7\u00e3o das empresas sem rosto. Perspetivam-se como\ndesafios no presente e no futuro: subs\u00eddios de desemprego mais abrangentes,\nsabendo-se que mais de 50% dos desempregados em Portugal, n\u00e3o recebe subsidio;\nm\u00ednimos sociais mais generosos \u2013 Dignidade da Pessoa Humana; Melhor\nregulamenta\u00e7\u00e3o do trabalho e da prote\u00e7\u00e3o social; estreitamento das rela\u00e7\u00f5es\nentre os mais idosos e os jovens.<\/p>\n\n\n\n<p>Na segunda\nSess\u00e3o abord\u00e1mos as consequ\u00eancias da desvaloriza\u00e7\u00e3o do trabalho humano, e o que\nisso implica na vida dos trabalhadores, na falta de coes\u00e3o social, no t\u00e3o\nnecess\u00e1rio di\u00e1logo e no desenvolvimento social, nacional e europeu, tendo sido\nreferidas diversos situa\u00e7\u00f5es bastante elucidativas, mesmo nos pa\u00edses da europa\nconsiderados mais desenvolvidos, em que muitos trabalhadores vivem no seu\ntrabalho situa\u00e7\u00f5es escandalosas a ro\u00e7ar a escravatura, tamb\u00e9m em grandes\nempresas. \u00c9 crescente o recurso dos trabalhadores a psiquiatras e est\u00e1 em\naumento o uso de medicamentos antidepressivos, o que \u00e9 preocupante, fruto de\nsitua\u00e7\u00f5es laborais prec\u00e1rias e press\u00e3o cont\u00ednua sobre os trabalhadores.<\/p>\n\n\n\n<p>Na terceira\nSess\u00e3o, em mesa redonda, tom\u00e1mos consci\u00eancia do que se vive em alguns pa\u00edses da\nEuropa: Alemanha, Espanha, Fran\u00e7a, Eslov\u00e9nia, Eslov\u00e1quia e Portugal com muitas\nsitua\u00e7\u00f5es que geram desigualdades sociais e salariais. Constat\u00e1mos que em todos\nestes pa\u00edses e certamente em muitos outros, um dos fatores mais gravosos para\nos trabalhadores \u00e9 a precariedade que se manifesta de v\u00e1rias formas, com novos\nconceitos de trabalho, tanto no emprego como nas diferen\u00e7as salariais e sociais.\nAos trabalhadores \u00e9 exigida disponibilidade total, estarem permanentemente\nconectados ao trabalho, a trabalharem sob press\u00e3o, mas sem qualquer seguran\u00e7a\nem termos de v\u00ednculo laboral, com hor\u00e1rios desregulados, com abusos de horas\nsuplementares n\u00e3o pagas. <\/p>\n\n\n\n<p>A quarta sess\u00e3o veio\naprofundar ainda mais a quest\u00e3o da precariedade, do emprego e das desigualdades\nna \u00e1rea das limpezas industriais, dos espa\u00e7os p\u00fablicos, e dos servi\u00e7os\ndom\u00e9sticos, onde o sindicalismo, principalmente no sector das empregadas dom\u00e9sticas\n\u00e9 muito d\u00e9bil e muitos trabalhadores n\u00e3o est\u00e3o abrangidos pela Seguran\u00e7a\nSocial, n\u00e3o tendo por isso direito a subs\u00eddio de desemprego ou de doen\u00e7a, nem a\nsubs\u00eddios de f\u00e9rias e Natal.<\/p>\n\n\n\n<p>Na quinta Sess\u00e3o\ntent\u00e1mos descobrir como agir de forma organizada na sociedade e nas decis\u00f5es\ncoletivas, tendo em conta o desmantelamento da Contrata\u00e7\u00e3o Coletiva de\ntrabalho, com a perca dos direitos coletivos, implementada por muitos governos\nda europa, com o apoio de organiza\u00e7\u00f5es patronais. Salient\u00e1mos a import\u00e2ncia que\ncontinuam a ter os movimentos de trabalhadores, especialmente os sindicatos,\nmas tamb\u00e9m das igrejas e seus movimentos.<\/p>\n\n\n\n<p>Os participantes deste semin\u00e1rio visitaram a\nnova sede da Uni\u00e3o dos Sindicatos de Lisboa onde foram recebidos por tr\u00eas\ndirigentes daquela Uni\u00e3o e puderam tomar conhecimento da situa\u00e7\u00e3o dos muitos\nsindicatos de Lisboa que est\u00e3o ali integrados e conversar sobre o\ndesmantelamento da contrata\u00e7\u00e3o coletiva de Trabalho que est\u00e1 a ser implementado\npor muitos governos da Europa, com o apoio de organiza\u00e7\u00f5es patronais. Lib\u00e9rio\nDomingues, Coordenador desta Uni\u00e3o de Sindicatos e membro da Comiss\u00e3o Executiva\nda CGTP-IN, foi o orador nesta sess\u00e3o. <\/p>\n\n\n\n<p><strong>Conclus\u00f5es: <\/strong><\/p>\n\n\n\n<p>Na certeza que\nh\u00e1 alternativas \u00e0 situa\u00e7\u00e3o vigente, e tendo em conta os desafios que nos s\u00e3o\ncolocados, como poderemos garantir os direitos sociais e salariais?<\/p>\n\n\n\n<ol class=\"wp-block-list\"><li>\u00c9 necess\u00e1rio responder ao individualismo e \u00e0 concorr\u00eancia feroz com\nsolidariedade, com responsabilidade social, tendo como horizonte o bem comum. \u00c9\nurgente criar uma cultura e formas de vida alternativas, reorganizar a vida\nhumana e o nosso sentido de humanidade. As nossas op\u00e7\u00f5es para o desenvolvimento\nsustent\u00e1vel, devem acolher a vida dos mais pobres para, a partir da\u00ed,\nconstruirmos a sociedade. Os pobres s\u00e3o para n\u00f3s, Crist\u00e3os, o caminho para\nJesus Cristo, o caminho da convers\u00e3o. Devemos coloc\u00e1-los no centro, acolher e\npartilhar formas de vida e a\u00e7\u00e3o que nos humanizem.<\/li><\/ol>\n\n\n\n<ul class=\"wp-block-list\"><li>&nbsp;A primeira grande conclus\u00e3o \u00e9 que\nt\u00eam de ser os trabalhadores a organizar-se e a lutar pela sua dignidade, pelos\nseus direitos e, em solidariedade, pelos direitos de todos.<\/li><\/ul>\n\n\n\n<ul class=\"wp-block-list\"><li>\u00c9 preciso combater todas as desigualdades, incluindo as salariais, que fazem\naumentar as assimetrias; \u00c9 um esc\u00e2ndalo que dentro da mesma empresa haja\ndiferen\u00e7as salariais de 1 para 400. Assim como discrimina\u00e7\u00e3o entre homens e\nmulheres, com as mesmas fun\u00e7\u00f5es. O mesmo acontecendo com empresas maiores que\ndevoram as mais pequenas para terem monop\u00f3lio, situa\u00e7\u00f5es ainda mais facilitadas\ncom acordos pol\u00edtico-comerciais que as deixam ainda mais fragilizadas.<\/li><\/ul>\n\n\n\n<ul class=\"wp-block-list\"><li>Defender a regulamenta\u00e7\u00e3o do trabalho para que todos os sectores\nlaborais estejam abrangidos na Contrata\u00e7\u00e3o Coletiva e que as tecnologias n\u00e3o\nsignifiquem abusos sobre a privacidade dos trabalhadores e aumento do poder. A\nprecaridade, a imprevisibilidade laboral esmaga a vida dos trabalhadores,\nespecialmente jovens, deixa-os sem futuro e sem defesas, \u00e0 merc\u00ea dos\n\u201caproveitadores\u201d.<\/li><\/ul>\n\n\n\n<ul class=\"wp-block-list\"><li>Como Movimento de Trabalhadores Crist\u00e3os continuaremos a exigir que a\nsociedade repense a economia, a pol\u00edtica e o car\u00e1ter humanizador do trabalho e\ndo descanso. \u00c9 o conceito de pessoa humana e de trabalhador que est\u00e1 em causa. Mas\n\u00e9 tamb\u00e9m a constru\u00e7\u00e3o Europeia que est\u00e1 a ficar comprometida. Temos de defender\no direito ao trabalho e as condi\u00e7\u00f5es para a a\u00e7\u00e3o coletiva dos trabalhadores,\nonde os sindicatos t\u00eam um papel fulcral, no \u00e2mbito dos direitos humanos. Desejamos\nque os outros movimentos organizados de trabalhadores se centrem nos\ntrabalhadores mais pobres e explorados, de que s\u00e3o exemplos as mulheres e os\nmigrantes.<\/li><\/ul>\n\n\n\n<p>Este Semin\u00e1rio organizado\npela LOC\/MTC, contou com o apoio financeiro do EZA-Centro Europeu para os\nAssuntos dos Trabalhadores e da UE-Uni\u00e3o Europeia.<strong>Equipa Executiva Nacional da LOC\/MTC<\/strong><\/p>\n","protected":false},"excerpt":{"rendered":"<p>Conclus\u00f5es do Semin\u00e1rio Internacional Realizou-se de 10 a 13 de outubro de 2019, em Alfragide \u2013 Amadora, um Semin\u00e1rio de Forma\u00e7\u00e3o promovido e organizado pela LOC\/MTC \u2013 Liga Oper\u00e1ria Cat\u00f3lica\/Movimento de Trabalhadores Crist\u00e3os, com a participa\u00e7\u00e3o de membros da BASE-FUT &#8211; Frente Unit\u00e1ria de Trabalhadores, da JOC- Juventude Oper\u00e1ria Cat\u00f3lica, da LOC\/MTC-Movimento de Trabalhadores Crist\u00e3os [&hellip;]<\/p>\n","protected":false},"author":2,"featured_media":2046,"comment_status":"closed","ping_status":"closed","sticky":false,"template":"","format":"standard","meta":{"_et_pb_use_builder":"","_et_pb_old_content":"","_et_gb_content_width":"","footnotes":""},"categories":[2],"tags":[],"class_list":["post-2045","post","type-post","status-publish","format-standard","has-post-thumbnail","hentry","category-noticias"],"yoast_head":"<!-- This site is optimized with the Yoast SEO plugin v26.9 - https:\/\/yoast.com\/product\/yoast-seo-wordpress\/ -->\n<title>\u201cPrecariedades e Desigualdades, nas Empresas e no Mundo Laboral, e Prote\u00e7\u00e3o Social para todos\u201d - LOC-MTC<\/title>\n<meta name=\"robots\" content=\"index, follow, max-snippet:-1, max-image-preview:large, max-video-preview:-1\" \/>\n<link rel=\"canonical\" href=\"https:\/\/sites.ecclesia.pt\/loc-mtc\/precariedades-e-desigualdades-nas-empresas-e-no-mundo-laboral-e-protecao-social-para-todos\/\" \/>\n<meta property=\"og:locale\" content=\"pt_PT\" \/>\n<meta property=\"og:type\" content=\"article\" \/>\n<meta property=\"og:title\" content=\"\u201cPrecariedades e Desigualdades, nas Empresas e no Mundo Laboral, e Prote\u00e7\u00e3o Social para todos\u201d - LOC-MTC\" \/>\n<meta property=\"og:description\" content=\"Conclus\u00f5es do Semin\u00e1rio Internacional Realizou-se de 10 a 13 de outubro de 2019, em Alfragide \u2013 Amadora, um Semin\u00e1rio de Forma\u00e7\u00e3o promovido e organizado pela LOC\/MTC \u2013 Liga Oper\u00e1ria Cat\u00f3lica\/Movimento de Trabalhadores Crist\u00e3os, com a participa\u00e7\u00e3o de membros da BASE-FUT &#8211; Frente Unit\u00e1ria de Trabalhadores, da JOC- Juventude Oper\u00e1ria Cat\u00f3lica, da LOC\/MTC-Movimento de Trabalhadores Crist\u00e3os [&hellip;]\" \/>\n<meta property=\"og:url\" content=\"https:\/\/sites.ecclesia.pt\/loc-mtc\/precariedades-e-desigualdades-nas-empresas-e-no-mundo-laboral-e-protecao-social-para-todos\/\" \/>\n<meta property=\"og:site_name\" content=\"LOC-MTC\" \/>\n<meta property=\"article:published_time\" content=\"2019-10-17T18:48:48+00:00\" \/>\n<meta property=\"article:modified_time\" content=\"2019-10-17T18:49:41+00:00\" \/>\n<meta property=\"og:image\" content=\"https:\/\/sites.ecclesia.pt\/loc-mtc\/wp-content\/uploads\/2019\/10\/72559855_500823403982824_2180489848899502080_n.jpg\" \/>\n\t<meta property=\"og:image:width\" content=\"955\" \/>\n\t<meta property=\"og:image:height\" content=\"455\" \/>\n\t<meta property=\"og:image:type\" content=\"image\/jpeg\" \/>\n<meta name=\"author\" content=\"LOC-MTC\" \/>\n<meta name=\"twitter:card\" content=\"summary_large_image\" \/>\n<meta name=\"twitter:label1\" content=\"Escrito por\" \/>\n\t<meta name=\"twitter:data1\" content=\"LOC-MTC\" \/>\n\t<meta name=\"twitter:label2\" content=\"Tempo estimado de leitura\" \/>\n\t<meta name=\"twitter:data2\" content=\"7 minutos\" \/>\n<script type=\"application\/ld+json\" class=\"yoast-schema-graph\">{\"@context\":\"https:\/\/schema.org\",\"@graph\":[{\"@type\":\"Article\",\"@id\":\"https:\/\/sites.ecclesia.pt\/loc-mtc\/precariedades-e-desigualdades-nas-empresas-e-no-mundo-laboral-e-protecao-social-para-todos\/#article\",\"isPartOf\":{\"@id\":\"https:\/\/sites.ecclesia.pt\/loc-mtc\/precariedades-e-desigualdades-nas-empresas-e-no-mundo-laboral-e-protecao-social-para-todos\/\"},\"author\":{\"name\":\"LOC-MTC\",\"@id\":\"https:\/\/sites.ecclesia.pt\/loc-mtc\/#\/schema\/person\/8ba13a346b282ac81bddb0740218c156\"},\"headline\":\"\u201cPrecariedades e Desigualdades, nas Empresas e no Mundo Laboral, e Prote\u00e7\u00e3o Social para todos\u201d\",\"datePublished\":\"2019-10-17T18:48:48+00:00\",\"dateModified\":\"2019-10-17T18:49:41+00:00\",\"mainEntityOfPage\":{\"@id\":\"https:\/\/sites.ecclesia.pt\/loc-mtc\/precariedades-e-desigualdades-nas-empresas-e-no-mundo-laboral-e-protecao-social-para-todos\/\"},\"wordCount\":1476,\"publisher\":{\"@id\":\"https:\/\/sites.ecclesia.pt\/loc-mtc\/#organization\"},\"image\":{\"@id\":\"https:\/\/sites.ecclesia.pt\/loc-mtc\/precariedades-e-desigualdades-nas-empresas-e-no-mundo-laboral-e-protecao-social-para-todos\/#primaryimage\"},\"thumbnailUrl\":\"https:\/\/sites.ecclesia.pt\/loc-mtc\/wp-content\/uploads\/2019\/10\/72559855_500823403982824_2180489848899502080_n.jpg\",\"articleSection\":[\"Not\u00edcias\"],\"inLanguage\":\"pt-PT\"},{\"@type\":\"WebPage\",\"@id\":\"https:\/\/sites.ecclesia.pt\/loc-mtc\/precariedades-e-desigualdades-nas-empresas-e-no-mundo-laboral-e-protecao-social-para-todos\/\",\"url\":\"https:\/\/sites.ecclesia.pt\/loc-mtc\/precariedades-e-desigualdades-nas-empresas-e-no-mundo-laboral-e-protecao-social-para-todos\/\",\"name\":\"\u201cPrecariedades e Desigualdades, nas Empresas e no Mundo Laboral, e Prote\u00e7\u00e3o Social para todos\u201d - LOC-MTC\",\"isPartOf\":{\"@id\":\"https:\/\/sites.ecclesia.pt\/loc-mtc\/#website\"},\"primaryImageOfPage\":{\"@id\":\"https:\/\/sites.ecclesia.pt\/loc-mtc\/precariedades-e-desigualdades-nas-empresas-e-no-mundo-laboral-e-protecao-social-para-todos\/#primaryimage\"},\"image\":{\"@id\":\"https:\/\/sites.ecclesia.pt\/loc-mtc\/precariedades-e-desigualdades-nas-empresas-e-no-mundo-laboral-e-protecao-social-para-todos\/#primaryimage\"},\"thumbnailUrl\":\"https:\/\/sites.ecclesia.pt\/loc-mtc\/wp-content\/uploads\/2019\/10\/72559855_500823403982824_2180489848899502080_n.jpg\",\"datePublished\":\"2019-10-17T18:48:48+00:00\",\"dateModified\":\"2019-10-17T18:49:41+00:00\",\"breadcrumb\":{\"@id\":\"https:\/\/sites.ecclesia.pt\/loc-mtc\/precariedades-e-desigualdades-nas-empresas-e-no-mundo-laboral-e-protecao-social-para-todos\/#breadcrumb\"},\"inLanguage\":\"pt-PT\",\"potentialAction\":[{\"@type\":\"ReadAction\",\"target\":[\"https:\/\/sites.ecclesia.pt\/loc-mtc\/precariedades-e-desigualdades-nas-empresas-e-no-mundo-laboral-e-protecao-social-para-todos\/\"]}]},{\"@type\":\"ImageObject\",\"inLanguage\":\"pt-PT\",\"@id\":\"https:\/\/sites.ecclesia.pt\/loc-mtc\/precariedades-e-desigualdades-nas-empresas-e-no-mundo-laboral-e-protecao-social-para-todos\/#primaryimage\",\"url\":\"https:\/\/sites.ecclesia.pt\/loc-mtc\/wp-content\/uploads\/2019\/10\/72559855_500823403982824_2180489848899502080_n.jpg\",\"contentUrl\":\"https:\/\/sites.ecclesia.pt\/loc-mtc\/wp-content\/uploads\/2019\/10\/72559855_500823403982824_2180489848899502080_n.jpg\",\"width\":955,\"height\":455},{\"@type\":\"BreadcrumbList\",\"@id\":\"https:\/\/sites.ecclesia.pt\/loc-mtc\/precariedades-e-desigualdades-nas-empresas-e-no-mundo-laboral-e-protecao-social-para-todos\/#breadcrumb\",\"itemListElement\":[{\"@type\":\"ListItem\",\"position\":1,\"name\":\"Home\",\"item\":\"https:\/\/sites.ecclesia.pt\/loc-mtc\/\"},{\"@type\":\"ListItem\",\"position\":2,\"name\":\"\u201cPrecariedades e Desigualdades, nas Empresas e no Mundo Laboral, e Prote\u00e7\u00e3o Social para todos\u201d\"}]},{\"@type\":\"WebSite\",\"@id\":\"https:\/\/sites.ecclesia.pt\/loc-mtc\/#website\",\"url\":\"https:\/\/sites.ecclesia.pt\/loc-mtc\/\",\"name\":\"LOC-MTC\",\"description\":\"Liga Oper\u00e1ria Cat\u00f3lica \u2013 Movimento de Trabalhadores Crist\u00e3os\",\"publisher\":{\"@id\":\"https:\/\/sites.ecclesia.pt\/loc-mtc\/#organization\"},\"potentialAction\":[{\"@type\":\"SearchAction\",\"target\":{\"@type\":\"EntryPoint\",\"urlTemplate\":\"https:\/\/sites.ecclesia.pt\/loc-mtc\/?s={search_term_string}\"},\"query-input\":{\"@type\":\"PropertyValueSpecification\",\"valueRequired\":true,\"valueName\":\"search_term_string\"}}],\"inLanguage\":\"pt-PT\"},{\"@type\":\"Organization\",\"@id\":\"https:\/\/sites.ecclesia.pt\/loc-mtc\/#organization\",\"name\":\"LOC\/MTC - Liga Oper\u00e1ria Cat\u00f3lica\/Movimento dos Trabalhadores Crist\u00e3os\",\"alternateName\":\"LOC\/MTC\",\"url\":\"https:\/\/sites.ecclesia.pt\/loc-mtc\/\",\"logo\":{\"@type\":\"ImageObject\",\"inLanguage\":\"pt-PT\",\"@id\":\"https:\/\/sites.ecclesia.pt\/loc-mtc\/#\/schema\/logo\/image\/\",\"url\":\"https:\/\/sites.ecclesia.pt\/loc-mtc\/wp-content\/uploads\/2021\/07\/loc-mtc-fb.jpg\",\"contentUrl\":\"https:\/\/sites.ecclesia.pt\/loc-mtc\/wp-content\/uploads\/2021\/07\/loc-mtc-fb.jpg\",\"width\":583,\"height\":552,\"caption\":\"LOC\/MTC - Liga Oper\u00e1ria Cat\u00f3lica\/Movimento dos Trabalhadores Crist\u00e3os\"},\"image\":{\"@id\":\"https:\/\/sites.ecclesia.pt\/loc-mtc\/#\/schema\/logo\/image\/\"}},{\"@type\":\"Person\",\"@id\":\"https:\/\/sites.ecclesia.pt\/loc-mtc\/#\/schema\/person\/8ba13a346b282ac81bddb0740218c156\",\"name\":\"LOC-MTC\",\"image\":{\"@type\":\"ImageObject\",\"inLanguage\":\"pt-PT\",\"@id\":\"https:\/\/sites.ecclesia.pt\/loc-mtc\/#\/schema\/person\/image\/\",\"url\":\"https:\/\/secure.gravatar.com\/avatar\/381f263bbf1376baf59211319cecf05597b65a26b86db6798bf393c99c999ed9?s=96&d=mm&r=g\",\"contentUrl\":\"https:\/\/secure.gravatar.com\/avatar\/381f263bbf1376baf59211319cecf05597b65a26b86db6798bf393c99c999ed9?s=96&d=mm&r=g\",\"caption\":\"LOC-MTC\"},\"sameAs\":[\"http:\/\/www.ecclesia.pt\/loc-mtc\"]}]}<\/script>\n<!-- \/ Yoast SEO plugin. -->","yoast_head_json":{"title":"\u201cPrecariedades e Desigualdades, nas Empresas e no Mundo Laboral, e Prote\u00e7\u00e3o Social para todos\u201d - LOC-MTC","robots":{"index":"index","follow":"follow","max-snippet":"max-snippet:-1","max-image-preview":"max-image-preview:large","max-video-preview":"max-video-preview:-1"},"canonical":"https:\/\/sites.ecclesia.pt\/loc-mtc\/precariedades-e-desigualdades-nas-empresas-e-no-mundo-laboral-e-protecao-social-para-todos\/","og_locale":"pt_PT","og_type":"article","og_title":"\u201cPrecariedades e Desigualdades, nas Empresas e no Mundo Laboral, e Prote\u00e7\u00e3o Social para todos\u201d - LOC-MTC","og_description":"Conclus\u00f5es do Semin\u00e1rio Internacional Realizou-se de 10 a 13 de outubro de 2019, em Alfragide \u2013 Amadora, um Semin\u00e1rio de Forma\u00e7\u00e3o promovido e organizado pela LOC\/MTC \u2013 Liga Oper\u00e1ria Cat\u00f3lica\/Movimento de Trabalhadores Crist\u00e3os, com a participa\u00e7\u00e3o de membros da BASE-FUT &#8211; Frente Unit\u00e1ria de Trabalhadores, da JOC- Juventude Oper\u00e1ria Cat\u00f3lica, da LOC\/MTC-Movimento de Trabalhadores Crist\u00e3os [&hellip;]","og_url":"https:\/\/sites.ecclesia.pt\/loc-mtc\/precariedades-e-desigualdades-nas-empresas-e-no-mundo-laboral-e-protecao-social-para-todos\/","og_site_name":"LOC-MTC","article_published_time":"2019-10-17T18:48:48+00:00","article_modified_time":"2019-10-17T18:49:41+00:00","og_image":[{"width":955,"height":455,"url":"https:\/\/sites.ecclesia.pt\/loc-mtc\/wp-content\/uploads\/2019\/10\/72559855_500823403982824_2180489848899502080_n.jpg","type":"image\/jpeg"}],"author":"LOC-MTC","twitter_card":"summary_large_image","twitter_misc":{"Escrito por":"LOC-MTC","Tempo estimado de leitura":"7 minutos"},"schema":{"@context":"https:\/\/schema.org","@graph":[{"@type":"Article","@id":"https:\/\/sites.ecclesia.pt\/loc-mtc\/precariedades-e-desigualdades-nas-empresas-e-no-mundo-laboral-e-protecao-social-para-todos\/#article","isPartOf":{"@id":"https:\/\/sites.ecclesia.pt\/loc-mtc\/precariedades-e-desigualdades-nas-empresas-e-no-mundo-laboral-e-protecao-social-para-todos\/"},"author":{"name":"LOC-MTC","@id":"https:\/\/sites.ecclesia.pt\/loc-mtc\/#\/schema\/person\/8ba13a346b282ac81bddb0740218c156"},"headline":"\u201cPrecariedades e Desigualdades, nas Empresas e no Mundo Laboral, e Prote\u00e7\u00e3o Social para todos\u201d","datePublished":"2019-10-17T18:48:48+00:00","dateModified":"2019-10-17T18:49:41+00:00","mainEntityOfPage":{"@id":"https:\/\/sites.ecclesia.pt\/loc-mtc\/precariedades-e-desigualdades-nas-empresas-e-no-mundo-laboral-e-protecao-social-para-todos\/"},"wordCount":1476,"publisher":{"@id":"https:\/\/sites.ecclesia.pt\/loc-mtc\/#organization"},"image":{"@id":"https:\/\/sites.ecclesia.pt\/loc-mtc\/precariedades-e-desigualdades-nas-empresas-e-no-mundo-laboral-e-protecao-social-para-todos\/#primaryimage"},"thumbnailUrl":"https:\/\/sites.ecclesia.pt\/loc-mtc\/wp-content\/uploads\/2019\/10\/72559855_500823403982824_2180489848899502080_n.jpg","articleSection":["Not\u00edcias"],"inLanguage":"pt-PT"},{"@type":"WebPage","@id":"https:\/\/sites.ecclesia.pt\/loc-mtc\/precariedades-e-desigualdades-nas-empresas-e-no-mundo-laboral-e-protecao-social-para-todos\/","url":"https:\/\/sites.ecclesia.pt\/loc-mtc\/precariedades-e-desigualdades-nas-empresas-e-no-mundo-laboral-e-protecao-social-para-todos\/","name":"\u201cPrecariedades e Desigualdades, nas Empresas e no Mundo Laboral, e Prote\u00e7\u00e3o Social para todos\u201d - LOC-MTC","isPartOf":{"@id":"https:\/\/sites.ecclesia.pt\/loc-mtc\/#website"},"primaryImageOfPage":{"@id":"https:\/\/sites.ecclesia.pt\/loc-mtc\/precariedades-e-desigualdades-nas-empresas-e-no-mundo-laboral-e-protecao-social-para-todos\/#primaryimage"},"image":{"@id":"https:\/\/sites.ecclesia.pt\/loc-mtc\/precariedades-e-desigualdades-nas-empresas-e-no-mundo-laboral-e-protecao-social-para-todos\/#primaryimage"},"thumbnailUrl":"https:\/\/sites.ecclesia.pt\/loc-mtc\/wp-content\/uploads\/2019\/10\/72559855_500823403982824_2180489848899502080_n.jpg","datePublished":"2019-10-17T18:48:48+00:00","dateModified":"2019-10-17T18:49:41+00:00","breadcrumb":{"@id":"https:\/\/sites.ecclesia.pt\/loc-mtc\/precariedades-e-desigualdades-nas-empresas-e-no-mundo-laboral-e-protecao-social-para-todos\/#breadcrumb"},"inLanguage":"pt-PT","potentialAction":[{"@type":"ReadAction","target":["https:\/\/sites.ecclesia.pt\/loc-mtc\/precariedades-e-desigualdades-nas-empresas-e-no-mundo-laboral-e-protecao-social-para-todos\/"]}]},{"@type":"ImageObject","inLanguage":"pt-PT","@id":"https:\/\/sites.ecclesia.pt\/loc-mtc\/precariedades-e-desigualdades-nas-empresas-e-no-mundo-laboral-e-protecao-social-para-todos\/#primaryimage","url":"https:\/\/sites.ecclesia.pt\/loc-mtc\/wp-content\/uploads\/2019\/10\/72559855_500823403982824_2180489848899502080_n.jpg","contentUrl":"https:\/\/sites.ecclesia.pt\/loc-mtc\/wp-content\/uploads\/2019\/10\/72559855_500823403982824_2180489848899502080_n.jpg","width":955,"height":455},{"@type":"BreadcrumbList","@id":"https:\/\/sites.ecclesia.pt\/loc-mtc\/precariedades-e-desigualdades-nas-empresas-e-no-mundo-laboral-e-protecao-social-para-todos\/#breadcrumb","itemListElement":[{"@type":"ListItem","position":1,"name":"Home","item":"https:\/\/sites.ecclesia.pt\/loc-mtc\/"},{"@type":"ListItem","position":2,"name":"\u201cPrecariedades e Desigualdades, nas Empresas e no Mundo Laboral, e Prote\u00e7\u00e3o Social para todos\u201d"}]},{"@type":"WebSite","@id":"https:\/\/sites.ecclesia.pt\/loc-mtc\/#website","url":"https:\/\/sites.ecclesia.pt\/loc-mtc\/","name":"LOC-MTC","description":"Liga Oper\u00e1ria Cat\u00f3lica \u2013 Movimento de Trabalhadores Crist\u00e3os","publisher":{"@id":"https:\/\/sites.ecclesia.pt\/loc-mtc\/#organization"},"potentialAction":[{"@type":"SearchAction","target":{"@type":"EntryPoint","urlTemplate":"https:\/\/sites.ecclesia.pt\/loc-mtc\/?s={search_term_string}"},"query-input":{"@type":"PropertyValueSpecification","valueRequired":true,"valueName":"search_term_string"}}],"inLanguage":"pt-PT"},{"@type":"Organization","@id":"https:\/\/sites.ecclesia.pt\/loc-mtc\/#organization","name":"LOC\/MTC - Liga Oper\u00e1ria Cat\u00f3lica\/Movimento dos Trabalhadores Crist\u00e3os","alternateName":"LOC\/MTC","url":"https:\/\/sites.ecclesia.pt\/loc-mtc\/","logo":{"@type":"ImageObject","inLanguage":"pt-PT","@id":"https:\/\/sites.ecclesia.pt\/loc-mtc\/#\/schema\/logo\/image\/","url":"https:\/\/sites.ecclesia.pt\/loc-mtc\/wp-content\/uploads\/2021\/07\/loc-mtc-fb.jpg","contentUrl":"https:\/\/sites.ecclesia.pt\/loc-mtc\/wp-content\/uploads\/2021\/07\/loc-mtc-fb.jpg","width":583,"height":552,"caption":"LOC\/MTC - Liga Oper\u00e1ria Cat\u00f3lica\/Movimento dos Trabalhadores Crist\u00e3os"},"image":{"@id":"https:\/\/sites.ecclesia.pt\/loc-mtc\/#\/schema\/logo\/image\/"}},{"@type":"Person","@id":"https:\/\/sites.ecclesia.pt\/loc-mtc\/#\/schema\/person\/8ba13a346b282ac81bddb0740218c156","name":"LOC-MTC","image":{"@type":"ImageObject","inLanguage":"pt-PT","@id":"https:\/\/sites.ecclesia.pt\/loc-mtc\/#\/schema\/person\/image\/","url":"https:\/\/secure.gravatar.com\/avatar\/381f263bbf1376baf59211319cecf05597b65a26b86db6798bf393c99c999ed9?s=96&d=mm&r=g","contentUrl":"https:\/\/secure.gravatar.com\/avatar\/381f263bbf1376baf59211319cecf05597b65a26b86db6798bf393c99c999ed9?s=96&d=mm&r=g","caption":"LOC-MTC"},"sameAs":["http:\/\/www.ecclesia.pt\/loc-mtc"]}]}},"_links":{"self":[{"href":"https:\/\/sites.ecclesia.pt\/loc-mtc\/wp-json\/wp\/v2\/posts\/2045","targetHints":{"allow":["GET"]}}],"collection":[{"href":"https:\/\/sites.ecclesia.pt\/loc-mtc\/wp-json\/wp\/v2\/posts"}],"about":[{"href":"https:\/\/sites.ecclesia.pt\/loc-mtc\/wp-json\/wp\/v2\/types\/post"}],"author":[{"embeddable":true,"href":"https:\/\/sites.ecclesia.pt\/loc-mtc\/wp-json\/wp\/v2\/users\/2"}],"replies":[{"embeddable":true,"href":"https:\/\/sites.ecclesia.pt\/loc-mtc\/wp-json\/wp\/v2\/comments?post=2045"}],"version-history":[{"count":2,"href":"https:\/\/sites.ecclesia.pt\/loc-mtc\/wp-json\/wp\/v2\/posts\/2045\/revisions"}],"predecessor-version":[{"id":2048,"href":"https:\/\/sites.ecclesia.pt\/loc-mtc\/wp-json\/wp\/v2\/posts\/2045\/revisions\/2048"}],"wp:featuredmedia":[{"embeddable":true,"href":"https:\/\/sites.ecclesia.pt\/loc-mtc\/wp-json\/wp\/v2\/media\/2046"}],"wp:attachment":[{"href":"https:\/\/sites.ecclesia.pt\/loc-mtc\/wp-json\/wp\/v2\/media?parent=2045"}],"wp:term":[{"taxonomy":"category","embeddable":true,"href":"https:\/\/sites.ecclesia.pt\/loc-mtc\/wp-json\/wp\/v2\/categories?post=2045"},{"taxonomy":"post_tag","embeddable":true,"href":"https:\/\/sites.ecclesia.pt\/loc-mtc\/wp-json\/wp\/v2\/tags?post=2045"}],"curies":[{"name":"wp","href":"https:\/\/api.w.org\/{rel}","templated":true}]}}