{"id":2054,"date":"2019-12-10T21:21:57","date_gmt":"2019-12-10T21:21:57","guid":{"rendered":"http:\/\/sites.ecclesia.pt\/loc-mtc\/?p=2054"},"modified":"2019-12-10T21:21:58","modified_gmt":"2019-12-10T21:21:58","slug":"jose-levantou-se-de-noite-e-pos-se-a-caminho-mt-213-15","status":"publish","type":"post","link":"https:\/\/sites.ecclesia.pt\/loc-mtc\/jose-levantou-se-de-noite-e-pos-se-a-caminho-mt-213-15\/","title":{"rendered":"Jos\u00e9 levantou-se de noite e p\u00f4s-se a caminho (Mt 2,13-15)"},"content":{"rendered":"\n<p> Mensagem de Natal da LOC\/MTC <\/p>\n\n\n\n<p>S\u00e3o muitas as pessoas e fam\u00edlias por esse mundo fora, que em\nvez de respirarem serenidade e dormirem tranquilas passam noites a magicar\ncaminhos. As amarguras n\u00e3o deixam dormir.<\/p>\n\n\n\n<p>S\u00e3o fam\u00edlias sem meios, que se\nv\u00eaem obrigadas a deixar a sua terra \u00e0 procura de formas de subsist\u00eancia noutro\nlugar; s\u00e3o \u00f3rf\u00e3os, que perderam os pais ou foram violentamente separados deles\npara uma explora\u00e7\u00e3o brutal; s\u00e3o jovens sob press\u00e3o, em busca duma realiza\u00e7\u00e3o\nprofissional, cujo acesso lhes \u00e9 vedado por m\u00edopes pol\u00edticas econ\u00f3micas; s\u00e3o\nv\u00edtimas de tantas formas de viol\u00eancia: desde a prostitui\u00e7\u00e3o, \u00e0 droga, \u00e0\nviol\u00eancia dom\u00e9stica e crian\u00e7as abusadas por aqueles em quem confiavam, pessoas\nhumilhadas no seu corpo e no seu \u00edntimo; s\u00e3o trabalhadores, com hor\u00e1rios\nincomport\u00e1veis para darem aten\u00e7\u00e3o aos filhos; s\u00e3o os milh\u00f5es de migrantes,\nv\u00edtimas de tantos interesses ocultos, muitas vezes instrumentalizados para uso\npol\u00edtico, a quem se nega a solidariedade e a igualdade, e tantas pessoas\nsem-abrigo e marginalizadas que vagueiam pelas ruas das nossas cidades. <\/p>\n\n\n\n<p>Depois da adora\u00e7\u00e3o dos Magos,\nJos\u00e9, Maria e o Menino Jesus partiram para o Egipto. Herodes mandara matar os\nrec\u00e9m-nascidos, n\u00e3o fosse algum amea\u00e7ar o seu reinado, o seu poder. Dirigem-se\npara o Egipto quando, na hist\u00f3ria B\u00edblica, o Egipto representa repress\u00e3o,\ntrabalho de escravos, sangue e morte! S\u00e3o Mateus tem as suas inten\u00e7\u00f5es! No\nEgipto, <strong>Deus ouviu o clamor do Seu povo oprimido e desceu para caminhar com\nele<\/strong>. O Evangelista quer mostrar que aquele Menino, reconhecido e adorado\ncomo Filho de Deus, vem assumir toda a caminhada do povo B\u00edblico, com as suas\namarguras e experi\u00eancias de liberta\u00e7\u00e3o, vem encontrar-se com os pobres,\ncaminhar com eles, experimentando a precariedade de quem s\u00f3 tem Deus por\naux\u00edlio.<\/p>\n\n\n\n<p>A condi\u00e7\u00e3o de marginaliza\u00e7\u00e3o e\ndes\u00e2nimo, em que vivem hoje milh\u00f5es de pessoas violentadas e pobres, n\u00e3o poder\u00e1\ndurar por muito tempo. O seu clamor aumenta e abra\u00e7a a terra inteira. <\/p>\n\n\n\n<p>Somos chamados a tocar a sua carne, entender seus sofrimentos, para nos comprometermos pessoalmente num servi\u00e7o que \u00e9\naut\u00eantica evangeliza\u00e7\u00e3o. Nem sempre a maior necessidade \u00e9 de\nordem material, mesmo que esta seja a primeira a manifestar-se. Por isso a\npromo\u00e7\u00e3o, mesmo social, dos pobres n\u00e3o \u00e9 um compromisso exterior ao an\u00fancio do\nEvangelho; pelo contr\u00e1rio, manifesta o realismo da f\u00e9 crist\u00e3 e a sua validade\nhist\u00f3rica. O amor que d\u00e1\nvida \u00e0 f\u00e9 em Jesus n\u00e3o permite que os seus disc\u00edpulos se fechem num\nindividualismo asfixiador, oculto nas pregas duma intimidade espiritual, sem\nqualquer efeito na vida social(cf.\nFrancisco, <em>EG<\/em>, 183).<\/p>\n\n\n\n<p>A LOC\/MTC escuta o clamor dos\npobres, especialmente dos trabalhadores e suas fam\u00edlias, com as vidas\nprecarizadas pela falta de felicidade e realiza\u00e7\u00e3o, que o seu trabalho lhes\ndeveria proporcionar. Na noite que ensombra as nossas vidas, todos precisamos\nser solid\u00e1rios, nos levantarmos e pormo-nos a caminho. \u00c9 o nosso compromisso e\no nosso desafio.<\/p>\n\n\n\n<p>H\u00e1 uma certeza, este MENINO \u00e9 luz que nasce para todos! E \u201c<em>a esperan\u00e7a dos pobres jamais se frustrar\u00e1\u00bb\n(Sl 9,19)&nbsp;&nbsp;&nbsp;&nbsp;&nbsp;&nbsp;&nbsp;&nbsp;&nbsp;&nbsp;&nbsp;&nbsp;&nbsp;&nbsp;&nbsp;&nbsp;&nbsp;&nbsp;&nbsp;&nbsp;&nbsp;&nbsp;&nbsp;&nbsp;&nbsp;&nbsp;&nbsp;&nbsp;&nbsp;&nbsp;&nbsp;&nbsp;&nbsp;&nbsp;&nbsp;&nbsp;&nbsp;&nbsp;&nbsp;&nbsp;&nbsp;&nbsp;&nbsp;&nbsp;&nbsp;&nbsp;&nbsp;&nbsp;&nbsp;&nbsp;&nbsp;&nbsp;&nbsp;&nbsp;&nbsp;&nbsp;&nbsp;&nbsp;&nbsp;&nbsp;&nbsp;&nbsp;&nbsp;&nbsp;&nbsp;&nbsp;&nbsp;&nbsp;&nbsp;&nbsp;&nbsp;&nbsp;&nbsp;&nbsp;&nbsp;&nbsp;&nbsp;&nbsp;&nbsp;&nbsp;&nbsp;&nbsp;&nbsp;&nbsp;&nbsp;&nbsp;&nbsp;&nbsp;&nbsp;&nbsp;&nbsp;&nbsp;&nbsp;&nbsp;&nbsp;&nbsp;&nbsp;&nbsp;&nbsp;&nbsp;&nbsp;&nbsp;&nbsp;&nbsp;&nbsp; <\/em><strong><\/strong><strong>&nbsp;&nbsp;&nbsp;&nbsp;&nbsp;&nbsp;&nbsp;&nbsp;&nbsp; Dezembro de 2019&nbsp; <\/strong><\/p>\n","protected":false},"excerpt":{"rendered":"<p>Mensagem de Natal da LOC\/MTC S\u00e3o muitas as pessoas e fam\u00edlias por esse mundo fora, que em vez de respirarem serenidade e dormirem tranquilas passam noites a magicar caminhos. As amarguras n\u00e3o deixam dormir. S\u00e3o fam\u00edlias sem meios, que se v\u00eaem obrigadas a deixar a sua terra \u00e0 procura de formas de subsist\u00eancia noutro lugar; [&hellip;]<\/p>\n","protected":false},"author":2,"featured_media":2055,"comment_status":"closed","ping_status":"closed","sticky":false,"template":"","format":"standard","meta":{"_et_pb_use_builder":"","_et_pb_old_content":"","_et_gb_content_width":"","footnotes":""},"categories":[4,2],"tags":[],"class_list":["post-2054","post","type-post","status-publish","format-standard","has-post-thumbnail","hentry","category-comunicados","category-noticias"],"yoast_head":"<!-- This site is optimized with the Yoast SEO plugin v26.9 - https:\/\/yoast.com\/product\/yoast-seo-wordpress\/ -->\n<title>Jos\u00e9 levantou-se de noite e p\u00f4s-se a caminho (Mt 2,13-15) - LOC-MTC<\/title>\n<meta name=\"robots\" content=\"index, follow, max-snippet:-1, max-image-preview:large, max-video-preview:-1\" \/>\n<link rel=\"canonical\" href=\"https:\/\/sites.ecclesia.pt\/loc-mtc\/jose-levantou-se-de-noite-e-pos-se-a-caminho-mt-213-15\/\" \/>\n<meta property=\"og:locale\" content=\"pt_PT\" \/>\n<meta property=\"og:type\" content=\"article\" \/>\n<meta property=\"og:title\" content=\"Jos\u00e9 levantou-se de noite e p\u00f4s-se a caminho (Mt 2,13-15) - LOC-MTC\" \/>\n<meta property=\"og:description\" content=\"Mensagem de Natal da LOC\/MTC S\u00e3o muitas as pessoas e fam\u00edlias por esse mundo fora, que em vez de respirarem serenidade e dormirem tranquilas passam noites a magicar caminhos. As amarguras n\u00e3o deixam dormir. S\u00e3o fam\u00edlias sem meios, que se v\u00eaem obrigadas a deixar a sua terra \u00e0 procura de formas de subsist\u00eancia noutro lugar; [&hellip;]\" \/>\n<meta property=\"og:url\" content=\"https:\/\/sites.ecclesia.pt\/loc-mtc\/jose-levantou-se-de-noite-e-pos-se-a-caminho-mt-213-15\/\" \/>\n<meta property=\"og:site_name\" content=\"LOC-MTC\" \/>\n<meta property=\"article:published_time\" content=\"2019-12-10T21:21:57+00:00\" \/>\n<meta property=\"article:modified_time\" content=\"2019-12-10T21:21:58+00:00\" \/>\n<meta property=\"og:image\" content=\"https:\/\/sites.ecclesia.pt\/loc-mtc\/wp-content\/uploads\/2019\/12\/11.jpg\" \/>\n\t<meta property=\"og:image:width\" content=\"669\" \/>\n\t<meta property=\"og:image:height\" content=\"652\" \/>\n\t<meta property=\"og:image:type\" content=\"image\/jpeg\" \/>\n<meta name=\"author\" content=\"LOC-MTC\" \/>\n<meta name=\"twitter:card\" content=\"summary_large_image\" \/>\n<meta name=\"twitter:label1\" content=\"Escrito por\" \/>\n\t<meta name=\"twitter:data1\" content=\"LOC-MTC\" \/>\n\t<meta name=\"twitter:label2\" content=\"Tempo estimado de leitura\" \/>\n\t<meta name=\"twitter:data2\" content=\"3 minutos\" \/>\n<script type=\"application\/ld+json\" class=\"yoast-schema-graph\">{\"@context\":\"https:\/\/schema.org\",\"@graph\":[{\"@type\":\"Article\",\"@id\":\"https:\/\/sites.ecclesia.pt\/loc-mtc\/jose-levantou-se-de-noite-e-pos-se-a-caminho-mt-213-15\/#article\",\"isPartOf\":{\"@id\":\"https:\/\/sites.ecclesia.pt\/loc-mtc\/jose-levantou-se-de-noite-e-pos-se-a-caminho-mt-213-15\/\"},\"author\":{\"name\":\"LOC-MTC\",\"@id\":\"https:\/\/sites.ecclesia.pt\/loc-mtc\/#\/schema\/person\/8ba13a346b282ac81bddb0740218c156\"},\"headline\":\"Jos\u00e9 levantou-se de noite e p\u00f4s-se a caminho (Mt 2,13-15)\",\"datePublished\":\"2019-12-10T21:21:57+00:00\",\"dateModified\":\"2019-12-10T21:21:58+00:00\",\"mainEntityOfPage\":{\"@id\":\"https:\/\/sites.ecclesia.pt\/loc-mtc\/jose-levantou-se-de-noite-e-pos-se-a-caminho-mt-213-15\/\"},\"wordCount\":678,\"publisher\":{\"@id\":\"https:\/\/sites.ecclesia.pt\/loc-mtc\/#organization\"},\"image\":{\"@id\":\"https:\/\/sites.ecclesia.pt\/loc-mtc\/jose-levantou-se-de-noite-e-pos-se-a-caminho-mt-213-15\/#primaryimage\"},\"thumbnailUrl\":\"https:\/\/sites.ecclesia.pt\/loc-mtc\/wp-content\/uploads\/2019\/12\/11.jpg\",\"articleSection\":[\"Comunicados\",\"Not\u00edcias\"],\"inLanguage\":\"pt-PT\"},{\"@type\":\"WebPage\",\"@id\":\"https:\/\/sites.ecclesia.pt\/loc-mtc\/jose-levantou-se-de-noite-e-pos-se-a-caminho-mt-213-15\/\",\"url\":\"https:\/\/sites.ecclesia.pt\/loc-mtc\/jose-levantou-se-de-noite-e-pos-se-a-caminho-mt-213-15\/\",\"name\":\"Jos\u00e9 levantou-se de noite e p\u00f4s-se a caminho (Mt 2,13-15) - LOC-MTC\",\"isPartOf\":{\"@id\":\"https:\/\/sites.ecclesia.pt\/loc-mtc\/#website\"},\"primaryImageOfPage\":{\"@id\":\"https:\/\/sites.ecclesia.pt\/loc-mtc\/jose-levantou-se-de-noite-e-pos-se-a-caminho-mt-213-15\/#primaryimage\"},\"image\":{\"@id\":\"https:\/\/sites.ecclesia.pt\/loc-mtc\/jose-levantou-se-de-noite-e-pos-se-a-caminho-mt-213-15\/#primaryimage\"},\"thumbnailUrl\":\"https:\/\/sites.ecclesia.pt\/loc-mtc\/wp-content\/uploads\/2019\/12\/11.jpg\",\"datePublished\":\"2019-12-10T21:21:57+00:00\",\"dateModified\":\"2019-12-10T21:21:58+00:00\",\"breadcrumb\":{\"@id\":\"https:\/\/sites.ecclesia.pt\/loc-mtc\/jose-levantou-se-de-noite-e-pos-se-a-caminho-mt-213-15\/#breadcrumb\"},\"inLanguage\":\"pt-PT\",\"potentialAction\":[{\"@type\":\"ReadAction\",\"target\":[\"https:\/\/sites.ecclesia.pt\/loc-mtc\/jose-levantou-se-de-noite-e-pos-se-a-caminho-mt-213-15\/\"]}]},{\"@type\":\"ImageObject\",\"inLanguage\":\"pt-PT\",\"@id\":\"https:\/\/sites.ecclesia.pt\/loc-mtc\/jose-levantou-se-de-noite-e-pos-se-a-caminho-mt-213-15\/#primaryimage\",\"url\":\"https:\/\/sites.ecclesia.pt\/loc-mtc\/wp-content\/uploads\/2019\/12\/11.jpg\",\"contentUrl\":\"https:\/\/sites.ecclesia.pt\/loc-mtc\/wp-content\/uploads\/2019\/12\/11.jpg\",\"width\":669,\"height\":652},{\"@type\":\"BreadcrumbList\",\"@id\":\"https:\/\/sites.ecclesia.pt\/loc-mtc\/jose-levantou-se-de-noite-e-pos-se-a-caminho-mt-213-15\/#breadcrumb\",\"itemListElement\":[{\"@type\":\"ListItem\",\"position\":1,\"name\":\"Home\",\"item\":\"https:\/\/sites.ecclesia.pt\/loc-mtc\/\"},{\"@type\":\"ListItem\",\"position\":2,\"name\":\"Jos\u00e9 levantou-se de noite e p\u00f4s-se a caminho (Mt 2,13-15)\"}]},{\"@type\":\"WebSite\",\"@id\":\"https:\/\/sites.ecclesia.pt\/loc-mtc\/#website\",\"url\":\"https:\/\/sites.ecclesia.pt\/loc-mtc\/\",\"name\":\"LOC-MTC\",\"description\":\"Liga Oper\u00e1ria Cat\u00f3lica \u2013 Movimento de Trabalhadores Crist\u00e3os\",\"publisher\":{\"@id\":\"https:\/\/sites.ecclesia.pt\/loc-mtc\/#organization\"},\"potentialAction\":[{\"@type\":\"SearchAction\",\"target\":{\"@type\":\"EntryPoint\",\"urlTemplate\":\"https:\/\/sites.ecclesia.pt\/loc-mtc\/?s={search_term_string}\"},\"query-input\":{\"@type\":\"PropertyValueSpecification\",\"valueRequired\":true,\"valueName\":\"search_term_string\"}}],\"inLanguage\":\"pt-PT\"},{\"@type\":\"Organization\",\"@id\":\"https:\/\/sites.ecclesia.pt\/loc-mtc\/#organization\",\"name\":\"LOC\/MTC - Liga Oper\u00e1ria Cat\u00f3lica\/Movimento dos Trabalhadores Crist\u00e3os\",\"alternateName\":\"LOC\/MTC\",\"url\":\"https:\/\/sites.ecclesia.pt\/loc-mtc\/\",\"logo\":{\"@type\":\"ImageObject\",\"inLanguage\":\"pt-PT\",\"@id\":\"https:\/\/sites.ecclesia.pt\/loc-mtc\/#\/schema\/logo\/image\/\",\"url\":\"https:\/\/sites.ecclesia.pt\/loc-mtc\/wp-content\/uploads\/2021\/07\/loc-mtc-fb.jpg\",\"contentUrl\":\"https:\/\/sites.ecclesia.pt\/loc-mtc\/wp-content\/uploads\/2021\/07\/loc-mtc-fb.jpg\",\"width\":583,\"height\":552,\"caption\":\"LOC\/MTC - Liga Oper\u00e1ria Cat\u00f3lica\/Movimento dos Trabalhadores Crist\u00e3os\"},\"image\":{\"@id\":\"https:\/\/sites.ecclesia.pt\/loc-mtc\/#\/schema\/logo\/image\/\"}},{\"@type\":\"Person\",\"@id\":\"https:\/\/sites.ecclesia.pt\/loc-mtc\/#\/schema\/person\/8ba13a346b282ac81bddb0740218c156\",\"name\":\"LOC-MTC\",\"image\":{\"@type\":\"ImageObject\",\"inLanguage\":\"pt-PT\",\"@id\":\"https:\/\/sites.ecclesia.pt\/loc-mtc\/#\/schema\/person\/image\/\",\"url\":\"https:\/\/secure.gravatar.com\/avatar\/381f263bbf1376baf59211319cecf05597b65a26b86db6798bf393c99c999ed9?s=96&d=mm&r=g\",\"contentUrl\":\"https:\/\/secure.gravatar.com\/avatar\/381f263bbf1376baf59211319cecf05597b65a26b86db6798bf393c99c999ed9?s=96&d=mm&r=g\",\"caption\":\"LOC-MTC\"},\"sameAs\":[\"http:\/\/www.ecclesia.pt\/loc-mtc\"]}]}<\/script>\n<!-- \/ Yoast SEO plugin. -->","yoast_head_json":{"title":"Jos\u00e9 levantou-se de noite e p\u00f4s-se a caminho (Mt 2,13-15) - LOC-MTC","robots":{"index":"index","follow":"follow","max-snippet":"max-snippet:-1","max-image-preview":"max-image-preview:large","max-video-preview":"max-video-preview:-1"},"canonical":"https:\/\/sites.ecclesia.pt\/loc-mtc\/jose-levantou-se-de-noite-e-pos-se-a-caminho-mt-213-15\/","og_locale":"pt_PT","og_type":"article","og_title":"Jos\u00e9 levantou-se de noite e p\u00f4s-se a caminho (Mt 2,13-15) - LOC-MTC","og_description":"Mensagem de Natal da LOC\/MTC S\u00e3o muitas as pessoas e fam\u00edlias por esse mundo fora, que em vez de respirarem serenidade e dormirem tranquilas passam noites a magicar caminhos. As amarguras n\u00e3o deixam dormir. S\u00e3o fam\u00edlias sem meios, que se v\u00eaem obrigadas a deixar a sua terra \u00e0 procura de formas de subsist\u00eancia noutro lugar; [&hellip;]","og_url":"https:\/\/sites.ecclesia.pt\/loc-mtc\/jose-levantou-se-de-noite-e-pos-se-a-caminho-mt-213-15\/","og_site_name":"LOC-MTC","article_published_time":"2019-12-10T21:21:57+00:00","article_modified_time":"2019-12-10T21:21:58+00:00","og_image":[{"width":669,"height":652,"url":"https:\/\/sites.ecclesia.pt\/loc-mtc\/wp-content\/uploads\/2019\/12\/11.jpg","type":"image\/jpeg"}],"author":"LOC-MTC","twitter_card":"summary_large_image","twitter_misc":{"Escrito por":"LOC-MTC","Tempo estimado de leitura":"3 minutos"},"schema":{"@context":"https:\/\/schema.org","@graph":[{"@type":"Article","@id":"https:\/\/sites.ecclesia.pt\/loc-mtc\/jose-levantou-se-de-noite-e-pos-se-a-caminho-mt-213-15\/#article","isPartOf":{"@id":"https:\/\/sites.ecclesia.pt\/loc-mtc\/jose-levantou-se-de-noite-e-pos-se-a-caminho-mt-213-15\/"},"author":{"name":"LOC-MTC","@id":"https:\/\/sites.ecclesia.pt\/loc-mtc\/#\/schema\/person\/8ba13a346b282ac81bddb0740218c156"},"headline":"Jos\u00e9 levantou-se de noite e p\u00f4s-se a caminho (Mt 2,13-15)","datePublished":"2019-12-10T21:21:57+00:00","dateModified":"2019-12-10T21:21:58+00:00","mainEntityOfPage":{"@id":"https:\/\/sites.ecclesia.pt\/loc-mtc\/jose-levantou-se-de-noite-e-pos-se-a-caminho-mt-213-15\/"},"wordCount":678,"publisher":{"@id":"https:\/\/sites.ecclesia.pt\/loc-mtc\/#organization"},"image":{"@id":"https:\/\/sites.ecclesia.pt\/loc-mtc\/jose-levantou-se-de-noite-e-pos-se-a-caminho-mt-213-15\/#primaryimage"},"thumbnailUrl":"https:\/\/sites.ecclesia.pt\/loc-mtc\/wp-content\/uploads\/2019\/12\/11.jpg","articleSection":["Comunicados","Not\u00edcias"],"inLanguage":"pt-PT"},{"@type":"WebPage","@id":"https:\/\/sites.ecclesia.pt\/loc-mtc\/jose-levantou-se-de-noite-e-pos-se-a-caminho-mt-213-15\/","url":"https:\/\/sites.ecclesia.pt\/loc-mtc\/jose-levantou-se-de-noite-e-pos-se-a-caminho-mt-213-15\/","name":"Jos\u00e9 levantou-se de noite e p\u00f4s-se a caminho (Mt 2,13-15) - LOC-MTC","isPartOf":{"@id":"https:\/\/sites.ecclesia.pt\/loc-mtc\/#website"},"primaryImageOfPage":{"@id":"https:\/\/sites.ecclesia.pt\/loc-mtc\/jose-levantou-se-de-noite-e-pos-se-a-caminho-mt-213-15\/#primaryimage"},"image":{"@id":"https:\/\/sites.ecclesia.pt\/loc-mtc\/jose-levantou-se-de-noite-e-pos-se-a-caminho-mt-213-15\/#primaryimage"},"thumbnailUrl":"https:\/\/sites.ecclesia.pt\/loc-mtc\/wp-content\/uploads\/2019\/12\/11.jpg","datePublished":"2019-12-10T21:21:57+00:00","dateModified":"2019-12-10T21:21:58+00:00","breadcrumb":{"@id":"https:\/\/sites.ecclesia.pt\/loc-mtc\/jose-levantou-se-de-noite-e-pos-se-a-caminho-mt-213-15\/#breadcrumb"},"inLanguage":"pt-PT","potentialAction":[{"@type":"ReadAction","target":["https:\/\/sites.ecclesia.pt\/loc-mtc\/jose-levantou-se-de-noite-e-pos-se-a-caminho-mt-213-15\/"]}]},{"@type":"ImageObject","inLanguage":"pt-PT","@id":"https:\/\/sites.ecclesia.pt\/loc-mtc\/jose-levantou-se-de-noite-e-pos-se-a-caminho-mt-213-15\/#primaryimage","url":"https:\/\/sites.ecclesia.pt\/loc-mtc\/wp-content\/uploads\/2019\/12\/11.jpg","contentUrl":"https:\/\/sites.ecclesia.pt\/loc-mtc\/wp-content\/uploads\/2019\/12\/11.jpg","width":669,"height":652},{"@type":"BreadcrumbList","@id":"https:\/\/sites.ecclesia.pt\/loc-mtc\/jose-levantou-se-de-noite-e-pos-se-a-caminho-mt-213-15\/#breadcrumb","itemListElement":[{"@type":"ListItem","position":1,"name":"Home","item":"https:\/\/sites.ecclesia.pt\/loc-mtc\/"},{"@type":"ListItem","position":2,"name":"Jos\u00e9 levantou-se de noite e p\u00f4s-se a caminho (Mt 2,13-15)"}]},{"@type":"WebSite","@id":"https:\/\/sites.ecclesia.pt\/loc-mtc\/#website","url":"https:\/\/sites.ecclesia.pt\/loc-mtc\/","name":"LOC-MTC","description":"Liga Oper\u00e1ria Cat\u00f3lica \u2013 Movimento de Trabalhadores Crist\u00e3os","publisher":{"@id":"https:\/\/sites.ecclesia.pt\/loc-mtc\/#organization"},"potentialAction":[{"@type":"SearchAction","target":{"@type":"EntryPoint","urlTemplate":"https:\/\/sites.ecclesia.pt\/loc-mtc\/?s={search_term_string}"},"query-input":{"@type":"PropertyValueSpecification","valueRequired":true,"valueName":"search_term_string"}}],"inLanguage":"pt-PT"},{"@type":"Organization","@id":"https:\/\/sites.ecclesia.pt\/loc-mtc\/#organization","name":"LOC\/MTC - Liga Oper\u00e1ria Cat\u00f3lica\/Movimento dos Trabalhadores Crist\u00e3os","alternateName":"LOC\/MTC","url":"https:\/\/sites.ecclesia.pt\/loc-mtc\/","logo":{"@type":"ImageObject","inLanguage":"pt-PT","@id":"https:\/\/sites.ecclesia.pt\/loc-mtc\/#\/schema\/logo\/image\/","url":"https:\/\/sites.ecclesia.pt\/loc-mtc\/wp-content\/uploads\/2021\/07\/loc-mtc-fb.jpg","contentUrl":"https:\/\/sites.ecclesia.pt\/loc-mtc\/wp-content\/uploads\/2021\/07\/loc-mtc-fb.jpg","width":583,"height":552,"caption":"LOC\/MTC - Liga Oper\u00e1ria Cat\u00f3lica\/Movimento dos Trabalhadores Crist\u00e3os"},"image":{"@id":"https:\/\/sites.ecclesia.pt\/loc-mtc\/#\/schema\/logo\/image\/"}},{"@type":"Person","@id":"https:\/\/sites.ecclesia.pt\/loc-mtc\/#\/schema\/person\/8ba13a346b282ac81bddb0740218c156","name":"LOC-MTC","image":{"@type":"ImageObject","inLanguage":"pt-PT","@id":"https:\/\/sites.ecclesia.pt\/loc-mtc\/#\/schema\/person\/image\/","url":"https:\/\/secure.gravatar.com\/avatar\/381f263bbf1376baf59211319cecf05597b65a26b86db6798bf393c99c999ed9?s=96&d=mm&r=g","contentUrl":"https:\/\/secure.gravatar.com\/avatar\/381f263bbf1376baf59211319cecf05597b65a26b86db6798bf393c99c999ed9?s=96&d=mm&r=g","caption":"LOC-MTC"},"sameAs":["http:\/\/www.ecclesia.pt\/loc-mtc"]}]}},"_links":{"self":[{"href":"https:\/\/sites.ecclesia.pt\/loc-mtc\/wp-json\/wp\/v2\/posts\/2054","targetHints":{"allow":["GET"]}}],"collection":[{"href":"https:\/\/sites.ecclesia.pt\/loc-mtc\/wp-json\/wp\/v2\/posts"}],"about":[{"href":"https:\/\/sites.ecclesia.pt\/loc-mtc\/wp-json\/wp\/v2\/types\/post"}],"author":[{"embeddable":true,"href":"https:\/\/sites.ecclesia.pt\/loc-mtc\/wp-json\/wp\/v2\/users\/2"}],"replies":[{"embeddable":true,"href":"https:\/\/sites.ecclesia.pt\/loc-mtc\/wp-json\/wp\/v2\/comments?post=2054"}],"version-history":[{"count":1,"href":"https:\/\/sites.ecclesia.pt\/loc-mtc\/wp-json\/wp\/v2\/posts\/2054\/revisions"}],"predecessor-version":[{"id":2056,"href":"https:\/\/sites.ecclesia.pt\/loc-mtc\/wp-json\/wp\/v2\/posts\/2054\/revisions\/2056"}],"wp:featuredmedia":[{"embeddable":true,"href":"https:\/\/sites.ecclesia.pt\/loc-mtc\/wp-json\/wp\/v2\/media\/2055"}],"wp:attachment":[{"href":"https:\/\/sites.ecclesia.pt\/loc-mtc\/wp-json\/wp\/v2\/media?parent=2054"}],"wp:term":[{"taxonomy":"category","embeddable":true,"href":"https:\/\/sites.ecclesia.pt\/loc-mtc\/wp-json\/wp\/v2\/categories?post=2054"},{"taxonomy":"post_tag","embeddable":true,"href":"https:\/\/sites.ecclesia.pt\/loc-mtc\/wp-json\/wp\/v2\/tags?post=2054"}],"curies":[{"name":"wp","href":"https:\/\/api.w.org\/{rel}","templated":true}]}}