{"id":2058,"date":"2019-12-14T13:41:43","date_gmt":"2019-12-14T13:41:43","guid":{"rendered":"http:\/\/sites.ecclesia.pt\/loc-mtc\/?p=2058"},"modified":"2019-12-14T13:42:14","modified_gmt":"2019-12-14T13:42:14","slug":"discurso-do-papa-francisco-aos-participantes-no-iv-forum-mundial-das-ong-de-inspiracao-catolica","status":"publish","type":"post","link":"https:\/\/sites.ecclesia.pt\/loc-mtc\/discurso-do-papa-francisco-aos-participantes-no-iv-forum-mundial-das-ong-de-inspiracao-catolica\/","title":{"rendered":"DISCURSO DO PAPA FRANCISCO AOS PARTICIPANTES NO  IV FORUM MUNDIAL DAS ONG DE INSPIRA\u00c7\u00c3O CAT\u00d3LICA"},"content":{"rendered":"\n<p> Decorreu no Vaticano o IV F\u00f3rum das Organiza\u00e7\u00f5es N\u00e3o-Governamentais  de inspira\u00e7\u00e3o Cat\u00f3lica.<br> No S\u00e1bado dia 7 de Dezembro, na Sala do Consist\u00f3rio, o Papa  Francisco esteve no encerramento, onde fez este breve discurso e  cumprimentou os presentes.<br> O Discurso \u00e9 de conte\u00fado riqu\u00edssimo para muitas das nossas inquieta\u00e7\u00f5es de dirigentes de uma organiza\u00e7\u00e3o cat\u00f3lica. <\/p>\n\n\n\n<p>Vaticano, Sala do\nConsist\u00f3rio, 7 de dezembro de 2019<\/p>\n\n\n\n<p><strong>Queridos\nrepresentantes da Santa S\u00e9 nos Organismos Internacionais,<\/strong><\/p>\n\n\n\n<p><strong>Queridos\namigos, Respons\u00e1veis e Dirigentes das Organiza\u00e7\u00f5es <\/strong><\/p>\n\n\n\n<p><strong>n\u00e3o-governamentais\nde inspira\u00e7\u00e3o cat\u00f3lica:<\/strong><\/p>\n\n\n\n<p>Alegro-me\npor poderdes vir a esta sede de Pedro, s\u00edmbolo da comunh\u00e3o com a Igreja\nuniversal. Obrigado por virdes de v\u00e1rios pa\u00edses do mundo para partilhar\nexperi\u00eancias e reflex\u00f5es \u00e0 volta do tema da inclus\u00e3o. Obrigado pelo esfor\u00e7o.\nCom isto v\u00f3s quereis transmitir um testemunho concreto para favorecer o\nacolhimento dos mais vulner\u00e1veis, inclu\u00eddos, para fazer do mundo uma \u201ccasa\ncomum\u201d. Tudo isto realizais com experi\u00eancias no terreno e tamb\u00e9m no \u00e2mbito\npol\u00edtico internacional. Muitos de v\u00f3s vos interessais e tratais de estar\npresentes nos lugares onde se debatem os direitos humanos das pessoas, a suas\ncondi\u00e7\u00f5es de vida, o seu habitat, a sua educa\u00e7\u00e3o, o seu desenvolvimento e\noutros problemas sociais. Deste modo dais vida a quanto afirmou o Conc\u00edlio\nVaticano II: a Igreja <em>\u201ccaminha juntamente\ncom toda a humanidade e participa da mesma sorte terrena do mundo\u201d <\/em>(GS 40).<\/p>\n\n\n\n<p>Trata-se\nde uma \u201cfronteira\u201d para a Igreja na qual podeis realizar uma miss\u00e3o not\u00e1vel, como\nrecordava o mesmo Conc\u00edlio ao falar da coopera\u00e7\u00e3o dos crist\u00e3os com as\ninstitui\u00e7\u00f5es internacionais: <em>\u201cUma das\nmelhores formas de atua\u00e7\u00e3o internacional dos crist\u00e3os consiste certamente na\ncoopera\u00e7\u00e3o que, isoladamente ou em grupo, prestam nas pr\u00f3prias institui\u00e7\u00f5es\ncriadas ou a criar para o desenvolvimento da coopera\u00e7\u00e3o entre as na\u00e7\u00f5es. Tamb\u00e9m\npodem contribuir muito para a edifica\u00e7\u00e3o da comunidade dos povos, na paz e\nfraternidade, as v\u00e1rias associa\u00e7\u00f5es cat\u00f3licas internacionais, as quais devem\nser consolidadas com o aumento de colaboradores bem formados e dos meios que\nnecessitam e com uma adequada coordena\u00e7\u00e3o de energias\u201d<\/em> (GS 90). Esta\nafirma\u00e7\u00e3o conciliar tem uma grande atualidade e desejo destacar dela tr\u00eas\naspetos: 1) forma\u00e7\u00e3o dos membros; 2) Ter os meios necess\u00e1rios; 3) partilhar\niniciativas sabendo trabalhar em \u201cequipa\u201d. <\/p>\n\n\n\n<p>Primeiro\na forma\u00e7\u00e3o. A complexidade de mundo e a crise antropol\u00f3gica em que estamos\nmergulhados hoje exigem um testemunho coerente de vida para poder suscitar um\ndi\u00e1logo e uma reflex\u00e3o positiva sobre a dignidade humana. Este testemunho sup\u00f5e\nduas exig\u00eancias: por um lado uma grande f\u00e9 e confian\u00e7a em nos sabermos\ninstrumentos da ac\u00e7\u00e3o de Deus no mundo; n\u00e3o \u00e9 a nossa efic\u00e1cia a primeira coisa\nque conta; por outro lado \u00e9 necess\u00e1rio ter a prepara\u00e7\u00e3o profissional adequada\nnas mat\u00e9rias cient\u00edficas e humanas para as saber apresentar a partir da\nperspectiva crist\u00e3; neste sentido, a Doutrina Social da Igreja oferece uma\nrefer\u00eancia de princ\u00edpios eclesiais adequados para servir melhor a humanidade. Recomendo-lhes\nconhec\u00ea-la, formar-se bem nela, para de seguida a poderdes \u201ctraduzir\u201d nos\nvossos projectos. <\/p>\n\n\n\n<p>A\nforma\u00e7\u00e3o adequada e a educa\u00e7\u00e3o, como dimens\u00f5es transversais dos problemas da\nvida sociopol\u00edtica s\u00e3o, hoje em dia, um compromisso priorit\u00e1rio para a Igreja.\nN\u00e3o podemos \u201cfalar de cor\u201d. \u00c9 por isso que quis lan\u00e7ar um chamamento mundial,\npara reconstruir um Alian\u00e7a global sobre a educa\u00e7\u00e3o, um passo adiante que forme\npara a paz e a justi\u00e7a, que forme para o acolhimento entre os povos e a\nsolidariedade universal, para al\u00e9m de ter em conta o cuidado da \u201ccasa comum\u201d,\nno sentido expresso na Enc\u00edclica Laudato Si. Portanto, animo-vos a incrementar,\nainda mais, o vosso profissionalismo e a vossa identidade eclesial.<\/p>\n\n\n\n<p>Em\nsegundo lugar: Ter os meios materiais necess\u00e1rios para levar a cabo os fins\nindicados. Recordemos a par\u00e1bola dos talentos. Os meios s\u00e3o importantes, s\u00e3o\nnecess\u00e1rios, sim, mas pode acontecer que, \u00e0s vezes, sejam insuficientes para\nalcan\u00e7ar os objectivos propostos. \u00c9 necess\u00e1rio recordar que a Igreja fez sempre\ngrandes obras com meios pobres. H\u00e1 que procura-los, certamente, e fazer render\nao m\u00e1ximo os pr\u00f3prios talentos, mas demonstrando com isso que todo o poder nos\nvem de Deus, que todo o poder n\u00e3o \u00e9 nosso. \u00c9 a\u00ed que radica toda a sua riqueza;\nquanto ao mais, diz S. Paulo: \u201c<em>Deus tem\npoder para vos cumular de toda a esp\u00e9cie de gra\u00e7a, para que, tendo sempre e em\ntudo quanto vos \u00e9 necess\u00e1rio, ainda vos sobre para as boas obras de todo o\ng\u00e9nero<\/em> (2Cor 9,8). \u00c0s vezes o excesso de meios materiais para levar por diante\numa obra \u00e9 contraproducente porque anestesia a criatividade. E isso, tanto no\nque toca \u00e0 administra\u00e7\u00e3o de uma ama de casa como nas grandes ind\u00fastrias ou nas\ngrandes institui\u00e7\u00f5es de benefic\u00eancia. O ter que puxar pela cabe\u00e7a para ver como\ndou de comer a seis mil, com a por\u00e7\u00e3o prevista para quatro mil, aumenta a\ncriatividade, se quereis um exemplo. Mais ainda, h\u00e1 uma enfermidade nisto dos\nmeios materiais nas institui\u00e7\u00f5es: \u00e0s vezes os recursos quando s\u00e3o abundantes\nn\u00e3o chegam aonde deviam chegar. Porque, como temos recursos, contratamos uma\nsubsecret\u00e1ria e a uma sub-subsecret\u00e1ria e por a\u00ed adiante e ent\u00e3o cresce o\norganigrama administrativo, o que faz com que 40, 50, 60% das ajudas que se\nrecebem fiquem ref\u00e9ns do aparato administrativo e n\u00e3o cheguem onde deviam\nchegar. N\u00e3o estou a inventar. Isto sucede hoje em muitas institui\u00e7\u00f5es da Igreja\nque v\u00f3s conheceis bem.<\/p>\n\n\n\n<p>Por\n\u00faltimo, a partilha de iniciativas para trabalhar em equipa. A experi\u00eancia de\nf\u00e9, o sabermo-nos portadores da gra\u00e7a do Senhor, diz-nos que \u00e9 poss\u00edvel.\nColaborar em projectos comuns faz resplandecer ainda mais o valor das obras,\nporque se p\u00f5e em evid\u00eancia algo que \u00e9 conatural \u00e0 Igreja, a sua comunh\u00e3o, o\ncaminhar juntos na mesma miss\u00e3o (syn-odos) ao servi\u00e7o do bem comum, mediante a\nco-responsabilidade e os contributos de cada um. O vosso F\u00f3rum quer ser um\nexemplo disso. Por isso, os projectos que realizais em cada lugar, unindo\nfor\u00e7as com outras organiza\u00e7\u00f5es cat\u00f3licas, e em comum com os seus pastores e com\nos representantes da Santa S\u00e9 nos organismos internacionais, t\u00eam o efeito\nmultiplicador do fermento do Evangelho, e a luz e a for\u00e7a dos primeiros\ncrist\u00e3os. O mundo de hoje est\u00e1 reclamando nova aud\u00e1cia e nova imagina\u00e7\u00e3o para\nabrir outras vias de di\u00e1logo e de coopera\u00e7\u00e3o, para favorecer uma cultura do encontro,\nonde a dignidade do humano, segundo o plano criador de Deus, se coloque no\ncentro.\n\nQueridos\namigos: a Igreja e o Papa necessitam do vosso trabalho, do vosso compromisso e\ndo vosso testemunho na fonteira do \u00e2mbito internacional. A palavra fronteira\npara v\u00f3s tem que ter muito significado: Sigam em frente com valentia e com a\nesperan\u00e7a sempre renovada. Obrigado.\n\n\n\n<\/p>\n","protected":false},"excerpt":{"rendered":"<p>Decorreu no Vaticano o IV F\u00f3rum das Organiza\u00e7\u00f5es N\u00e3o-Governamentais de inspira\u00e7\u00e3o Cat\u00f3lica. No S\u00e1bado dia 7 de Dezembro, na Sala do Consist\u00f3rio, o Papa Francisco esteve no encerramento, onde fez este breve discurso e cumprimentou os presentes. O Discurso \u00e9 de conte\u00fado riqu\u00edssimo para muitas das nossas inquieta\u00e7\u00f5es de dirigentes de uma organiza\u00e7\u00e3o cat\u00f3lica. Vaticano, [&hellip;]<\/p>\n","protected":false},"author":2,"featured_media":2059,"comment_status":"closed","ping_status":"closed","sticky":false,"template":"","format":"standard","meta":{"_et_pb_use_builder":"","_et_pb_old_content":"","_et_gb_content_width":"","footnotes":""},"categories":[2],"tags":[],"class_list":["post-2058","post","type-post","status-publish","format-standard","has-post-thumbnail","hentry","category-noticias"],"yoast_head":"<!-- This site is optimized with the Yoast SEO plugin v26.9 - https:\/\/yoast.com\/product\/yoast-seo-wordpress\/ -->\n<title>DISCURSO DO PAPA FRANCISCO AOS PARTICIPANTES NO IV FORUM MUNDIAL DAS ONG DE INSPIRA\u00c7\u00c3O CAT\u00d3LICA - LOC-MTC<\/title>\n<meta name=\"robots\" content=\"index, follow, max-snippet:-1, max-image-preview:large, max-video-preview:-1\" \/>\n<link rel=\"canonical\" href=\"https:\/\/sites.ecclesia.pt\/loc-mtc\/discurso-do-papa-francisco-aos-participantes-no-iv-forum-mundial-das-ong-de-inspiracao-catolica\/\" \/>\n<meta property=\"og:locale\" content=\"pt_PT\" \/>\n<meta property=\"og:type\" content=\"article\" \/>\n<meta property=\"og:title\" content=\"DISCURSO DO PAPA FRANCISCO AOS PARTICIPANTES NO IV FORUM MUNDIAL DAS ONG DE INSPIRA\u00c7\u00c3O CAT\u00d3LICA - LOC-MTC\" \/>\n<meta property=\"og:description\" content=\"Decorreu no Vaticano o IV F\u00f3rum das Organiza\u00e7\u00f5es N\u00e3o-Governamentais de inspira\u00e7\u00e3o Cat\u00f3lica. No S\u00e1bado dia 7 de Dezembro, na Sala do Consist\u00f3rio, o Papa Francisco esteve no encerramento, onde fez este breve discurso e cumprimentou os presentes. O Discurso \u00e9 de conte\u00fado riqu\u00edssimo para muitas das nossas inquieta\u00e7\u00f5es de dirigentes de uma organiza\u00e7\u00e3o cat\u00f3lica. Vaticano, [&hellip;]\" \/>\n<meta property=\"og:url\" content=\"https:\/\/sites.ecclesia.pt\/loc-mtc\/discurso-do-papa-francisco-aos-participantes-no-iv-forum-mundial-das-ong-de-inspiracao-catolica\/\" \/>\n<meta property=\"og:site_name\" content=\"LOC-MTC\" \/>\n<meta property=\"article:published_time\" content=\"2019-12-14T13:41:43+00:00\" \/>\n<meta property=\"article:modified_time\" content=\"2019-12-14T13:42:14+00:00\" \/>\n<meta property=\"og:image\" content=\"https:\/\/sites.ecclesia.pt\/loc-mtc\/wp-content\/uploads\/2019\/12\/Forum-Roma-Audi-P.-Francisco-e1576330866177.jpeg\" \/>\n\t<meta property=\"og:image:width\" content=\"500\" \/>\n\t<meta property=\"og:image:height\" content=\"282\" \/>\n\t<meta property=\"og:image:type\" content=\"image\/jpeg\" \/>\n<meta name=\"author\" content=\"LOC-MTC\" \/>\n<meta name=\"twitter:card\" content=\"summary_large_image\" \/>\n<meta name=\"twitter:label1\" content=\"Escrito por\" \/>\n\t<meta name=\"twitter:data1\" content=\"LOC-MTC\" \/>\n\t<meta name=\"twitter:label2\" content=\"Tempo estimado de leitura\" \/>\n\t<meta name=\"twitter:data2\" content=\"6 minutos\" \/>\n<script type=\"application\/ld+json\" class=\"yoast-schema-graph\">{\"@context\":\"https:\/\/schema.org\",\"@graph\":[{\"@type\":\"Article\",\"@id\":\"https:\/\/sites.ecclesia.pt\/loc-mtc\/discurso-do-papa-francisco-aos-participantes-no-iv-forum-mundial-das-ong-de-inspiracao-catolica\/#article\",\"isPartOf\":{\"@id\":\"https:\/\/sites.ecclesia.pt\/loc-mtc\/discurso-do-papa-francisco-aos-participantes-no-iv-forum-mundial-das-ong-de-inspiracao-catolica\/\"},\"author\":{\"name\":\"LOC-MTC\",\"@id\":\"https:\/\/sites.ecclesia.pt\/loc-mtc\/#\/schema\/person\/8ba13a346b282ac81bddb0740218c156\"},\"headline\":\"DISCURSO DO PAPA FRANCISCO AOS PARTICIPANTES NO IV FORUM MUNDIAL DAS ONG DE INSPIRA\u00c7\u00c3O CAT\u00d3LICA\",\"datePublished\":\"2019-12-14T13:41:43+00:00\",\"dateModified\":\"2019-12-14T13:42:14+00:00\",\"mainEntityOfPage\":{\"@id\":\"https:\/\/sites.ecclesia.pt\/loc-mtc\/discurso-do-papa-francisco-aos-participantes-no-iv-forum-mundial-das-ong-de-inspiracao-catolica\/\"},\"wordCount\":1223,\"publisher\":{\"@id\":\"https:\/\/sites.ecclesia.pt\/loc-mtc\/#organization\"},\"image\":{\"@id\":\"https:\/\/sites.ecclesia.pt\/loc-mtc\/discurso-do-papa-francisco-aos-participantes-no-iv-forum-mundial-das-ong-de-inspiracao-catolica\/#primaryimage\"},\"thumbnailUrl\":\"https:\/\/sites.ecclesia.pt\/loc-mtc\/wp-content\/uploads\/2019\/12\/Forum-Roma-Audi-P.-Francisco-e1576330866177.jpeg\",\"articleSection\":[\"Not\u00edcias\"],\"inLanguage\":\"pt-PT\"},{\"@type\":\"WebPage\",\"@id\":\"https:\/\/sites.ecclesia.pt\/loc-mtc\/discurso-do-papa-francisco-aos-participantes-no-iv-forum-mundial-das-ong-de-inspiracao-catolica\/\",\"url\":\"https:\/\/sites.ecclesia.pt\/loc-mtc\/discurso-do-papa-francisco-aos-participantes-no-iv-forum-mundial-das-ong-de-inspiracao-catolica\/\",\"name\":\"DISCURSO DO PAPA FRANCISCO AOS PARTICIPANTES NO IV FORUM MUNDIAL DAS ONG DE INSPIRA\u00c7\u00c3O CAT\u00d3LICA - LOC-MTC\",\"isPartOf\":{\"@id\":\"https:\/\/sites.ecclesia.pt\/loc-mtc\/#website\"},\"primaryImageOfPage\":{\"@id\":\"https:\/\/sites.ecclesia.pt\/loc-mtc\/discurso-do-papa-francisco-aos-participantes-no-iv-forum-mundial-das-ong-de-inspiracao-catolica\/#primaryimage\"},\"image\":{\"@id\":\"https:\/\/sites.ecclesia.pt\/loc-mtc\/discurso-do-papa-francisco-aos-participantes-no-iv-forum-mundial-das-ong-de-inspiracao-catolica\/#primaryimage\"},\"thumbnailUrl\":\"https:\/\/sites.ecclesia.pt\/loc-mtc\/wp-content\/uploads\/2019\/12\/Forum-Roma-Audi-P.-Francisco-e1576330866177.jpeg\",\"datePublished\":\"2019-12-14T13:41:43+00:00\",\"dateModified\":\"2019-12-14T13:42:14+00:00\",\"breadcrumb\":{\"@id\":\"https:\/\/sites.ecclesia.pt\/loc-mtc\/discurso-do-papa-francisco-aos-participantes-no-iv-forum-mundial-das-ong-de-inspiracao-catolica\/#breadcrumb\"},\"inLanguage\":\"pt-PT\",\"potentialAction\":[{\"@type\":\"ReadAction\",\"target\":[\"https:\/\/sites.ecclesia.pt\/loc-mtc\/discurso-do-papa-francisco-aos-participantes-no-iv-forum-mundial-das-ong-de-inspiracao-catolica\/\"]}]},{\"@type\":\"ImageObject\",\"inLanguage\":\"pt-PT\",\"@id\":\"https:\/\/sites.ecclesia.pt\/loc-mtc\/discurso-do-papa-francisco-aos-participantes-no-iv-forum-mundial-das-ong-de-inspiracao-catolica\/#primaryimage\",\"url\":\"https:\/\/sites.ecclesia.pt\/loc-mtc\/wp-content\/uploads\/2019\/12\/Forum-Roma-Audi-P.-Francisco-e1576330866177.jpeg\",\"contentUrl\":\"https:\/\/sites.ecclesia.pt\/loc-mtc\/wp-content\/uploads\/2019\/12\/Forum-Roma-Audi-P.-Francisco-e1576330866177.jpeg\",\"width\":500,\"height\":282},{\"@type\":\"BreadcrumbList\",\"@id\":\"https:\/\/sites.ecclesia.pt\/loc-mtc\/discurso-do-papa-francisco-aos-participantes-no-iv-forum-mundial-das-ong-de-inspiracao-catolica\/#breadcrumb\",\"itemListElement\":[{\"@type\":\"ListItem\",\"position\":1,\"name\":\"Home\",\"item\":\"https:\/\/sites.ecclesia.pt\/loc-mtc\/\"},{\"@type\":\"ListItem\",\"position\":2,\"name\":\"DISCURSO DO PAPA FRANCISCO AOS PARTICIPANTES NO IV FORUM MUNDIAL DAS ONG DE INSPIRA\u00c7\u00c3O CAT\u00d3LICA\"}]},{\"@type\":\"WebSite\",\"@id\":\"https:\/\/sites.ecclesia.pt\/loc-mtc\/#website\",\"url\":\"https:\/\/sites.ecclesia.pt\/loc-mtc\/\",\"name\":\"LOC-MTC\",\"description\":\"Liga Oper\u00e1ria Cat\u00f3lica \u2013 Movimento de Trabalhadores Crist\u00e3os\",\"publisher\":{\"@id\":\"https:\/\/sites.ecclesia.pt\/loc-mtc\/#organization\"},\"potentialAction\":[{\"@type\":\"SearchAction\",\"target\":{\"@type\":\"EntryPoint\",\"urlTemplate\":\"https:\/\/sites.ecclesia.pt\/loc-mtc\/?s={search_term_string}\"},\"query-input\":{\"@type\":\"PropertyValueSpecification\",\"valueRequired\":true,\"valueName\":\"search_term_string\"}}],\"inLanguage\":\"pt-PT\"},{\"@type\":\"Organization\",\"@id\":\"https:\/\/sites.ecclesia.pt\/loc-mtc\/#organization\",\"name\":\"LOC\/MTC - Liga Oper\u00e1ria Cat\u00f3lica\/Movimento dos Trabalhadores Crist\u00e3os\",\"alternateName\":\"LOC\/MTC\",\"url\":\"https:\/\/sites.ecclesia.pt\/loc-mtc\/\",\"logo\":{\"@type\":\"ImageObject\",\"inLanguage\":\"pt-PT\",\"@id\":\"https:\/\/sites.ecclesia.pt\/loc-mtc\/#\/schema\/logo\/image\/\",\"url\":\"https:\/\/sites.ecclesia.pt\/loc-mtc\/wp-content\/uploads\/2021\/07\/loc-mtc-fb.jpg\",\"contentUrl\":\"https:\/\/sites.ecclesia.pt\/loc-mtc\/wp-content\/uploads\/2021\/07\/loc-mtc-fb.jpg\",\"width\":583,\"height\":552,\"caption\":\"LOC\/MTC - Liga Oper\u00e1ria Cat\u00f3lica\/Movimento dos Trabalhadores Crist\u00e3os\"},\"image\":{\"@id\":\"https:\/\/sites.ecclesia.pt\/loc-mtc\/#\/schema\/logo\/image\/\"}},{\"@type\":\"Person\",\"@id\":\"https:\/\/sites.ecclesia.pt\/loc-mtc\/#\/schema\/person\/8ba13a346b282ac81bddb0740218c156\",\"name\":\"LOC-MTC\",\"image\":{\"@type\":\"ImageObject\",\"inLanguage\":\"pt-PT\",\"@id\":\"https:\/\/sites.ecclesia.pt\/loc-mtc\/#\/schema\/person\/image\/\",\"url\":\"https:\/\/secure.gravatar.com\/avatar\/381f263bbf1376baf59211319cecf05597b65a26b86db6798bf393c99c999ed9?s=96&d=mm&r=g\",\"contentUrl\":\"https:\/\/secure.gravatar.com\/avatar\/381f263bbf1376baf59211319cecf05597b65a26b86db6798bf393c99c999ed9?s=96&d=mm&r=g\",\"caption\":\"LOC-MTC\"},\"sameAs\":[\"http:\/\/www.ecclesia.pt\/loc-mtc\"]}]}<\/script>\n<!-- \/ Yoast SEO plugin. -->","yoast_head_json":{"title":"DISCURSO DO PAPA FRANCISCO AOS PARTICIPANTES NO IV FORUM MUNDIAL DAS ONG DE INSPIRA\u00c7\u00c3O CAT\u00d3LICA - LOC-MTC","robots":{"index":"index","follow":"follow","max-snippet":"max-snippet:-1","max-image-preview":"max-image-preview:large","max-video-preview":"max-video-preview:-1"},"canonical":"https:\/\/sites.ecclesia.pt\/loc-mtc\/discurso-do-papa-francisco-aos-participantes-no-iv-forum-mundial-das-ong-de-inspiracao-catolica\/","og_locale":"pt_PT","og_type":"article","og_title":"DISCURSO DO PAPA FRANCISCO AOS PARTICIPANTES NO IV FORUM MUNDIAL DAS ONG DE INSPIRA\u00c7\u00c3O CAT\u00d3LICA - LOC-MTC","og_description":"Decorreu no Vaticano o IV F\u00f3rum das Organiza\u00e7\u00f5es N\u00e3o-Governamentais de inspira\u00e7\u00e3o Cat\u00f3lica. No S\u00e1bado dia 7 de Dezembro, na Sala do Consist\u00f3rio, o Papa Francisco esteve no encerramento, onde fez este breve discurso e cumprimentou os presentes. O Discurso \u00e9 de conte\u00fado riqu\u00edssimo para muitas das nossas inquieta\u00e7\u00f5es de dirigentes de uma organiza\u00e7\u00e3o cat\u00f3lica. Vaticano, [&hellip;]","og_url":"https:\/\/sites.ecclesia.pt\/loc-mtc\/discurso-do-papa-francisco-aos-participantes-no-iv-forum-mundial-das-ong-de-inspiracao-catolica\/","og_site_name":"LOC-MTC","article_published_time":"2019-12-14T13:41:43+00:00","article_modified_time":"2019-12-14T13:42:14+00:00","og_image":[{"width":500,"height":282,"url":"https:\/\/sites.ecclesia.pt\/loc-mtc\/wp-content\/uploads\/2019\/12\/Forum-Roma-Audi-P.-Francisco-e1576330866177.jpeg","type":"image\/jpeg"}],"author":"LOC-MTC","twitter_card":"summary_large_image","twitter_misc":{"Escrito por":"LOC-MTC","Tempo estimado de leitura":"6 minutos"},"schema":{"@context":"https:\/\/schema.org","@graph":[{"@type":"Article","@id":"https:\/\/sites.ecclesia.pt\/loc-mtc\/discurso-do-papa-francisco-aos-participantes-no-iv-forum-mundial-das-ong-de-inspiracao-catolica\/#article","isPartOf":{"@id":"https:\/\/sites.ecclesia.pt\/loc-mtc\/discurso-do-papa-francisco-aos-participantes-no-iv-forum-mundial-das-ong-de-inspiracao-catolica\/"},"author":{"name":"LOC-MTC","@id":"https:\/\/sites.ecclesia.pt\/loc-mtc\/#\/schema\/person\/8ba13a346b282ac81bddb0740218c156"},"headline":"DISCURSO DO PAPA FRANCISCO AOS PARTICIPANTES NO IV FORUM MUNDIAL DAS ONG DE INSPIRA\u00c7\u00c3O CAT\u00d3LICA","datePublished":"2019-12-14T13:41:43+00:00","dateModified":"2019-12-14T13:42:14+00:00","mainEntityOfPage":{"@id":"https:\/\/sites.ecclesia.pt\/loc-mtc\/discurso-do-papa-francisco-aos-participantes-no-iv-forum-mundial-das-ong-de-inspiracao-catolica\/"},"wordCount":1223,"publisher":{"@id":"https:\/\/sites.ecclesia.pt\/loc-mtc\/#organization"},"image":{"@id":"https:\/\/sites.ecclesia.pt\/loc-mtc\/discurso-do-papa-francisco-aos-participantes-no-iv-forum-mundial-das-ong-de-inspiracao-catolica\/#primaryimage"},"thumbnailUrl":"https:\/\/sites.ecclesia.pt\/loc-mtc\/wp-content\/uploads\/2019\/12\/Forum-Roma-Audi-P.-Francisco-e1576330866177.jpeg","articleSection":["Not\u00edcias"],"inLanguage":"pt-PT"},{"@type":"WebPage","@id":"https:\/\/sites.ecclesia.pt\/loc-mtc\/discurso-do-papa-francisco-aos-participantes-no-iv-forum-mundial-das-ong-de-inspiracao-catolica\/","url":"https:\/\/sites.ecclesia.pt\/loc-mtc\/discurso-do-papa-francisco-aos-participantes-no-iv-forum-mundial-das-ong-de-inspiracao-catolica\/","name":"DISCURSO DO PAPA FRANCISCO AOS PARTICIPANTES NO IV FORUM MUNDIAL DAS ONG DE INSPIRA\u00c7\u00c3O CAT\u00d3LICA - LOC-MTC","isPartOf":{"@id":"https:\/\/sites.ecclesia.pt\/loc-mtc\/#website"},"primaryImageOfPage":{"@id":"https:\/\/sites.ecclesia.pt\/loc-mtc\/discurso-do-papa-francisco-aos-participantes-no-iv-forum-mundial-das-ong-de-inspiracao-catolica\/#primaryimage"},"image":{"@id":"https:\/\/sites.ecclesia.pt\/loc-mtc\/discurso-do-papa-francisco-aos-participantes-no-iv-forum-mundial-das-ong-de-inspiracao-catolica\/#primaryimage"},"thumbnailUrl":"https:\/\/sites.ecclesia.pt\/loc-mtc\/wp-content\/uploads\/2019\/12\/Forum-Roma-Audi-P.-Francisco-e1576330866177.jpeg","datePublished":"2019-12-14T13:41:43+00:00","dateModified":"2019-12-14T13:42:14+00:00","breadcrumb":{"@id":"https:\/\/sites.ecclesia.pt\/loc-mtc\/discurso-do-papa-francisco-aos-participantes-no-iv-forum-mundial-das-ong-de-inspiracao-catolica\/#breadcrumb"},"inLanguage":"pt-PT","potentialAction":[{"@type":"ReadAction","target":["https:\/\/sites.ecclesia.pt\/loc-mtc\/discurso-do-papa-francisco-aos-participantes-no-iv-forum-mundial-das-ong-de-inspiracao-catolica\/"]}]},{"@type":"ImageObject","inLanguage":"pt-PT","@id":"https:\/\/sites.ecclesia.pt\/loc-mtc\/discurso-do-papa-francisco-aos-participantes-no-iv-forum-mundial-das-ong-de-inspiracao-catolica\/#primaryimage","url":"https:\/\/sites.ecclesia.pt\/loc-mtc\/wp-content\/uploads\/2019\/12\/Forum-Roma-Audi-P.-Francisco-e1576330866177.jpeg","contentUrl":"https:\/\/sites.ecclesia.pt\/loc-mtc\/wp-content\/uploads\/2019\/12\/Forum-Roma-Audi-P.-Francisco-e1576330866177.jpeg","width":500,"height":282},{"@type":"BreadcrumbList","@id":"https:\/\/sites.ecclesia.pt\/loc-mtc\/discurso-do-papa-francisco-aos-participantes-no-iv-forum-mundial-das-ong-de-inspiracao-catolica\/#breadcrumb","itemListElement":[{"@type":"ListItem","position":1,"name":"Home","item":"https:\/\/sites.ecclesia.pt\/loc-mtc\/"},{"@type":"ListItem","position":2,"name":"DISCURSO DO PAPA FRANCISCO AOS PARTICIPANTES NO IV FORUM MUNDIAL DAS ONG DE INSPIRA\u00c7\u00c3O CAT\u00d3LICA"}]},{"@type":"WebSite","@id":"https:\/\/sites.ecclesia.pt\/loc-mtc\/#website","url":"https:\/\/sites.ecclesia.pt\/loc-mtc\/","name":"LOC-MTC","description":"Liga Oper\u00e1ria Cat\u00f3lica \u2013 Movimento de Trabalhadores Crist\u00e3os","publisher":{"@id":"https:\/\/sites.ecclesia.pt\/loc-mtc\/#organization"},"potentialAction":[{"@type":"SearchAction","target":{"@type":"EntryPoint","urlTemplate":"https:\/\/sites.ecclesia.pt\/loc-mtc\/?s={search_term_string}"},"query-input":{"@type":"PropertyValueSpecification","valueRequired":true,"valueName":"search_term_string"}}],"inLanguage":"pt-PT"},{"@type":"Organization","@id":"https:\/\/sites.ecclesia.pt\/loc-mtc\/#organization","name":"LOC\/MTC - Liga Oper\u00e1ria Cat\u00f3lica\/Movimento dos Trabalhadores Crist\u00e3os","alternateName":"LOC\/MTC","url":"https:\/\/sites.ecclesia.pt\/loc-mtc\/","logo":{"@type":"ImageObject","inLanguage":"pt-PT","@id":"https:\/\/sites.ecclesia.pt\/loc-mtc\/#\/schema\/logo\/image\/","url":"https:\/\/sites.ecclesia.pt\/loc-mtc\/wp-content\/uploads\/2021\/07\/loc-mtc-fb.jpg","contentUrl":"https:\/\/sites.ecclesia.pt\/loc-mtc\/wp-content\/uploads\/2021\/07\/loc-mtc-fb.jpg","width":583,"height":552,"caption":"LOC\/MTC - Liga Oper\u00e1ria Cat\u00f3lica\/Movimento dos Trabalhadores Crist\u00e3os"},"image":{"@id":"https:\/\/sites.ecclesia.pt\/loc-mtc\/#\/schema\/logo\/image\/"}},{"@type":"Person","@id":"https:\/\/sites.ecclesia.pt\/loc-mtc\/#\/schema\/person\/8ba13a346b282ac81bddb0740218c156","name":"LOC-MTC","image":{"@type":"ImageObject","inLanguage":"pt-PT","@id":"https:\/\/sites.ecclesia.pt\/loc-mtc\/#\/schema\/person\/image\/","url":"https:\/\/secure.gravatar.com\/avatar\/381f263bbf1376baf59211319cecf05597b65a26b86db6798bf393c99c999ed9?s=96&d=mm&r=g","contentUrl":"https:\/\/secure.gravatar.com\/avatar\/381f263bbf1376baf59211319cecf05597b65a26b86db6798bf393c99c999ed9?s=96&d=mm&r=g","caption":"LOC-MTC"},"sameAs":["http:\/\/www.ecclesia.pt\/loc-mtc"]}]}},"_links":{"self":[{"href":"https:\/\/sites.ecclesia.pt\/loc-mtc\/wp-json\/wp\/v2\/posts\/2058","targetHints":{"allow":["GET"]}}],"collection":[{"href":"https:\/\/sites.ecclesia.pt\/loc-mtc\/wp-json\/wp\/v2\/posts"}],"about":[{"href":"https:\/\/sites.ecclesia.pt\/loc-mtc\/wp-json\/wp\/v2\/types\/post"}],"author":[{"embeddable":true,"href":"https:\/\/sites.ecclesia.pt\/loc-mtc\/wp-json\/wp\/v2\/users\/2"}],"replies":[{"embeddable":true,"href":"https:\/\/sites.ecclesia.pt\/loc-mtc\/wp-json\/wp\/v2\/comments?post=2058"}],"version-history":[{"count":1,"href":"https:\/\/sites.ecclesia.pt\/loc-mtc\/wp-json\/wp\/v2\/posts\/2058\/revisions"}],"predecessor-version":[{"id":2062,"href":"https:\/\/sites.ecclesia.pt\/loc-mtc\/wp-json\/wp\/v2\/posts\/2058\/revisions\/2062"}],"wp:featuredmedia":[{"embeddable":true,"href":"https:\/\/sites.ecclesia.pt\/loc-mtc\/wp-json\/wp\/v2\/media\/2059"}],"wp:attachment":[{"href":"https:\/\/sites.ecclesia.pt\/loc-mtc\/wp-json\/wp\/v2\/media?parent=2058"}],"wp:term":[{"taxonomy":"category","embeddable":true,"href":"https:\/\/sites.ecclesia.pt\/loc-mtc\/wp-json\/wp\/v2\/categories?post=2058"},{"taxonomy":"post_tag","embeddable":true,"href":"https:\/\/sites.ecclesia.pt\/loc-mtc\/wp-json\/wp\/v2\/tags?post=2058"}],"curies":[{"name":"wp","href":"https:\/\/api.w.org\/{rel}","templated":true}]}}