{"id":2064,"date":"2020-01-21T21:37:37","date_gmt":"2020-01-21T21:37:37","guid":{"rendered":"http:\/\/sites.ecclesia.pt\/loc-mtc\/?p=2064"},"modified":"2020-01-21T21:49:57","modified_gmt":"2020-01-21T21:49:57","slug":"jornal-voz-do-trabalho-inicia-o-ano-70-da-sua-publicacao","status":"publish","type":"post","link":"https:\/\/sites.ecclesia.pt\/loc-mtc\/jornal-voz-do-trabalho-inicia-o-ano-70-da-sua-publicacao\/","title":{"rendered":"Jornal VOZ do TRABALHO inicia o ano 70 da sua publica\u00e7\u00e3o"},"content":{"rendered":"\n<p> O  VOZ do TRABALHO, jornal da LOC\/MTC (Liga Oper\u00e1ria Cat\u00f3lica\/Movimento de  Trabalhadores Crist\u00e3os) de Portugal, com a edi\u00e7\u00e3o do n\u00famero 645, entra  em 2020 no seu Ano 70.<br> A\u00ed est\u00e1 a sua primeira p\u00e1gina que est\u00e1 a chegar a casa dos seus  assinantes, aos grupos de base e outros amigos que recebem uma  quantidade deles para vender junto de outros amigos.<br> Bom trabalho de divulga\u00e7\u00e3o e venda e obrigados pelo vosso esfor\u00e7o.<br> Queremos existir e resistir por muitos mais anos. <\/p>\n\n\n\n<figure class=\"wp-block-image size-large\"><img loading=\"lazy\" decoding=\"async\" width=\"714\" height=\"1024\" src=\"https:\/\/sites.ecclesia.pt\/loc-mtc\/wp-content\/uploads\/2020\/01\/VT-645-1-714x1024.gif\" alt=\"\" class=\"wp-image-2067\" srcset=\"https:\/\/sites.ecclesia.pt\/loc-mtc\/wp-content\/uploads\/2020\/01\/VT-645-1-714x1024.gif 714w, https:\/\/sites.ecclesia.pt\/loc-mtc\/wp-content\/uploads\/2020\/01\/VT-645-1-209x300.gif 209w, https:\/\/sites.ecclesia.pt\/loc-mtc\/wp-content\/uploads\/2020\/01\/VT-645-1-768x1102.gif 768w, https:\/\/sites.ecclesia.pt\/loc-mtc\/wp-content\/uploads\/2020\/01\/VT-645-1-1071x1536.gif 1071w, https:\/\/sites.ecclesia.pt\/loc-mtc\/wp-content\/uploads\/2020\/01\/VT-645-1-1080x1550.gif 1080w\" sizes=\"(max-width: 714px) 100vw, 714px\" \/><\/figure>\n","protected":false},"excerpt":{"rendered":"<p>O VOZ do TRABALHO, jornal da LOC\/MTC (Liga Oper\u00e1ria Cat\u00f3lica\/Movimento de Trabalhadores Crist\u00e3os) de Portugal, com a edi\u00e7\u00e3o do n\u00famero 645, entra em 2020 no seu Ano 70. A\u00ed est\u00e1 a sua primeira p\u00e1gina que est\u00e1 a chegar a casa dos seus assinantes, aos grupos de base e outros amigos que recebem uma quantidade deles [&hellip;]<\/p>\n","protected":false},"author":2,"featured_media":0,"comment_status":"closed","ping_status":"closed","sticky":false,"template":"","format":"standard","meta":{"_et_pb_use_builder":"","_et_pb_old_content":"","_et_gb_content_width":"","footnotes":""},"categories":[24,2],"tags":[],"class_list":["post-2064","post","type-post","status-publish","format-standard","hentry","category-jornal-voz-do-trabalho","category-noticias"],"yoast_head":"<!-- This site is optimized with the Yoast SEO plugin v26.9 - https:\/\/yoast.com\/product\/yoast-seo-wordpress\/ -->\n<title>Jornal VOZ do TRABALHO inicia o ano 70 da sua publica\u00e7\u00e3o - LOC-MTC<\/title>\n<meta name=\"robots\" content=\"index, follow, max-snippet:-1, max-image-preview:large, max-video-preview:-1\" \/>\n<link rel=\"canonical\" href=\"https:\/\/sites.ecclesia.pt\/loc-mtc\/jornal-voz-do-trabalho-inicia-o-ano-70-da-sua-publicacao\/\" \/>\n<meta property=\"og:locale\" content=\"pt_PT\" \/>\n<meta property=\"og:type\" content=\"article\" \/>\n<meta property=\"og:title\" content=\"Jornal VOZ do TRABALHO inicia o ano 70 da sua publica\u00e7\u00e3o - LOC-MTC\" \/>\n<meta property=\"og:description\" content=\"O VOZ do TRABALHO, jornal da LOC\/MTC (Liga Oper\u00e1ria Cat\u00f3lica\/Movimento de Trabalhadores Crist\u00e3os) de Portugal, com a edi\u00e7\u00e3o do n\u00famero 645, entra em 2020 no seu Ano 70. A\u00ed est\u00e1 a sua primeira p\u00e1gina que est\u00e1 a chegar a casa dos seus assinantes, aos grupos de base e outros amigos que recebem uma quantidade deles [&hellip;]\" \/>\n<meta property=\"og:url\" content=\"https:\/\/sites.ecclesia.pt\/loc-mtc\/jornal-voz-do-trabalho-inicia-o-ano-70-da-sua-publicacao\/\" \/>\n<meta property=\"og:site_name\" content=\"LOC-MTC\" \/>\n<meta property=\"article:published_time\" content=\"2020-01-21T21:37:37+00:00\" \/>\n<meta property=\"article:modified_time\" content=\"2020-01-21T21:49:57+00:00\" \/>\n<meta property=\"og:image\" content=\"https:\/\/sites.ecclesia.pt\/loc-mtc\/wp-content\/uploads\/2020\/01\/VT-645-1-714x1024.gif\" \/>\n<meta name=\"author\" content=\"LOC-MTC\" \/>\n<meta name=\"twitter:card\" content=\"summary_large_image\" \/>\n<meta name=\"twitter:label1\" content=\"Escrito por\" \/>\n\t<meta name=\"twitter:data1\" content=\"LOC-MTC\" \/>\n<script type=\"application\/ld+json\" class=\"yoast-schema-graph\">{\"@context\":\"https:\/\/schema.org\",\"@graph\":[{\"@type\":\"Article\",\"@id\":\"https:\/\/sites.ecclesia.pt\/loc-mtc\/jornal-voz-do-trabalho-inicia-o-ano-70-da-sua-publicacao\/#article\",\"isPartOf\":{\"@id\":\"https:\/\/sites.ecclesia.pt\/loc-mtc\/jornal-voz-do-trabalho-inicia-o-ano-70-da-sua-publicacao\/\"},\"author\":{\"name\":\"LOC-MTC\",\"@id\":\"https:\/\/sites.ecclesia.pt\/loc-mtc\/#\/schema\/person\/8ba13a346b282ac81bddb0740218c156\"},\"headline\":\"Jornal VOZ do TRABALHO inicia o ano 70 da sua publica\u00e7\u00e3o\",\"datePublished\":\"2020-01-21T21:37:37+00:00\",\"dateModified\":\"2020-01-21T21:49:57+00:00\",\"mainEntityOfPage\":{\"@id\":\"https:\/\/sites.ecclesia.pt\/loc-mtc\/jornal-voz-do-trabalho-inicia-o-ano-70-da-sua-publicacao\/\"},\"wordCount\":98,\"publisher\":{\"@id\":\"https:\/\/sites.ecclesia.pt\/loc-mtc\/#organization\"},\"image\":{\"@id\":\"https:\/\/sites.ecclesia.pt\/loc-mtc\/jornal-voz-do-trabalho-inicia-o-ano-70-da-sua-publicacao\/#primaryimage\"},\"thumbnailUrl\":\"https:\/\/sites.ecclesia.pt\/loc-mtc\/wp-content\/uploads\/2020\/01\/VT-645-1-714x1024.gif\",\"articleSection\":[\"Jornal Voz do Trabalho\",\"Not\u00edcias\"],\"inLanguage\":\"pt-PT\"},{\"@type\":\"WebPage\",\"@id\":\"https:\/\/sites.ecclesia.pt\/loc-mtc\/jornal-voz-do-trabalho-inicia-o-ano-70-da-sua-publicacao\/\",\"url\":\"https:\/\/sites.ecclesia.pt\/loc-mtc\/jornal-voz-do-trabalho-inicia-o-ano-70-da-sua-publicacao\/\",\"name\":\"Jornal VOZ do TRABALHO inicia o ano 70 da sua publica\u00e7\u00e3o - LOC-MTC\",\"isPartOf\":{\"@id\":\"https:\/\/sites.ecclesia.pt\/loc-mtc\/#website\"},\"primaryImageOfPage\":{\"@id\":\"https:\/\/sites.ecclesia.pt\/loc-mtc\/jornal-voz-do-trabalho-inicia-o-ano-70-da-sua-publicacao\/#primaryimage\"},\"image\":{\"@id\":\"https:\/\/sites.ecclesia.pt\/loc-mtc\/jornal-voz-do-trabalho-inicia-o-ano-70-da-sua-publicacao\/#primaryimage\"},\"thumbnailUrl\":\"https:\/\/sites.ecclesia.pt\/loc-mtc\/wp-content\/uploads\/2020\/01\/VT-645-1-714x1024.gif\",\"datePublished\":\"2020-01-21T21:37:37+00:00\",\"dateModified\":\"2020-01-21T21:49:57+00:00\",\"breadcrumb\":{\"@id\":\"https:\/\/sites.ecclesia.pt\/loc-mtc\/jornal-voz-do-trabalho-inicia-o-ano-70-da-sua-publicacao\/#breadcrumb\"},\"inLanguage\":\"pt-PT\",\"potentialAction\":[{\"@type\":\"ReadAction\",\"target\":[\"https:\/\/sites.ecclesia.pt\/loc-mtc\/jornal-voz-do-trabalho-inicia-o-ano-70-da-sua-publicacao\/\"]}]},{\"@type\":\"ImageObject\",\"inLanguage\":\"pt-PT\",\"@id\":\"https:\/\/sites.ecclesia.pt\/loc-mtc\/jornal-voz-do-trabalho-inicia-o-ano-70-da-sua-publicacao\/#primaryimage\",\"url\":\"https:\/\/sites.ecclesia.pt\/loc-mtc\/wp-content\/uploads\/2020\/01\/VT-645-1.gif\",\"contentUrl\":\"https:\/\/sites.ecclesia.pt\/loc-mtc\/wp-content\/uploads\/2020\/01\/VT-645-1.gif\",\"width\":1235,\"height\":1772},{\"@type\":\"BreadcrumbList\",\"@id\":\"https:\/\/sites.ecclesia.pt\/loc-mtc\/jornal-voz-do-trabalho-inicia-o-ano-70-da-sua-publicacao\/#breadcrumb\",\"itemListElement\":[{\"@type\":\"ListItem\",\"position\":1,\"name\":\"Home\",\"item\":\"https:\/\/sites.ecclesia.pt\/loc-mtc\/\"},{\"@type\":\"ListItem\",\"position\":2,\"name\":\"Jornal VOZ do TRABALHO inicia o ano 70 da sua publica\u00e7\u00e3o\"}]},{\"@type\":\"WebSite\",\"@id\":\"https:\/\/sites.ecclesia.pt\/loc-mtc\/#website\",\"url\":\"https:\/\/sites.ecclesia.pt\/loc-mtc\/\",\"name\":\"LOC-MTC\",\"description\":\"Liga Oper\u00e1ria Cat\u00f3lica \u2013 Movimento de Trabalhadores Crist\u00e3os\",\"publisher\":{\"@id\":\"https:\/\/sites.ecclesia.pt\/loc-mtc\/#organization\"},\"potentialAction\":[{\"@type\":\"SearchAction\",\"target\":{\"@type\":\"EntryPoint\",\"urlTemplate\":\"https:\/\/sites.ecclesia.pt\/loc-mtc\/?s={search_term_string}\"},\"query-input\":{\"@type\":\"PropertyValueSpecification\",\"valueRequired\":true,\"valueName\":\"search_term_string\"}}],\"inLanguage\":\"pt-PT\"},{\"@type\":\"Organization\",\"@id\":\"https:\/\/sites.ecclesia.pt\/loc-mtc\/#organization\",\"name\":\"LOC\/MTC - Liga Oper\u00e1ria Cat\u00f3lica\/Movimento dos Trabalhadores Crist\u00e3os\",\"alternateName\":\"LOC\/MTC\",\"url\":\"https:\/\/sites.ecclesia.pt\/loc-mtc\/\",\"logo\":{\"@type\":\"ImageObject\",\"inLanguage\":\"pt-PT\",\"@id\":\"https:\/\/sites.ecclesia.pt\/loc-mtc\/#\/schema\/logo\/image\/\",\"url\":\"https:\/\/sites.ecclesia.pt\/loc-mtc\/wp-content\/uploads\/2021\/07\/loc-mtc-fb.jpg\",\"contentUrl\":\"https:\/\/sites.ecclesia.pt\/loc-mtc\/wp-content\/uploads\/2021\/07\/loc-mtc-fb.jpg\",\"width\":583,\"height\":552,\"caption\":\"LOC\/MTC - Liga Oper\u00e1ria Cat\u00f3lica\/Movimento dos Trabalhadores Crist\u00e3os\"},\"image\":{\"@id\":\"https:\/\/sites.ecclesia.pt\/loc-mtc\/#\/schema\/logo\/image\/\"}},{\"@type\":\"Person\",\"@id\":\"https:\/\/sites.ecclesia.pt\/loc-mtc\/#\/schema\/person\/8ba13a346b282ac81bddb0740218c156\",\"name\":\"LOC-MTC\",\"image\":{\"@type\":\"ImageObject\",\"inLanguage\":\"pt-PT\",\"@id\":\"https:\/\/sites.ecclesia.pt\/loc-mtc\/#\/schema\/person\/image\/\",\"url\":\"https:\/\/secure.gravatar.com\/avatar\/381f263bbf1376baf59211319cecf05597b65a26b86db6798bf393c99c999ed9?s=96&d=mm&r=g\",\"contentUrl\":\"https:\/\/secure.gravatar.com\/avatar\/381f263bbf1376baf59211319cecf05597b65a26b86db6798bf393c99c999ed9?s=96&d=mm&r=g\",\"caption\":\"LOC-MTC\"},\"sameAs\":[\"http:\/\/www.ecclesia.pt\/loc-mtc\"]}]}<\/script>\n<!-- \/ Yoast SEO plugin. -->","yoast_head_json":{"title":"Jornal VOZ do TRABALHO inicia o ano 70 da sua publica\u00e7\u00e3o - LOC-MTC","robots":{"index":"index","follow":"follow","max-snippet":"max-snippet:-1","max-image-preview":"max-image-preview:large","max-video-preview":"max-video-preview:-1"},"canonical":"https:\/\/sites.ecclesia.pt\/loc-mtc\/jornal-voz-do-trabalho-inicia-o-ano-70-da-sua-publicacao\/","og_locale":"pt_PT","og_type":"article","og_title":"Jornal VOZ do TRABALHO inicia o ano 70 da sua publica\u00e7\u00e3o - LOC-MTC","og_description":"O VOZ do TRABALHO, jornal da LOC\/MTC (Liga Oper\u00e1ria Cat\u00f3lica\/Movimento de Trabalhadores Crist\u00e3os) de Portugal, com a edi\u00e7\u00e3o do n\u00famero 645, entra em 2020 no seu Ano 70. A\u00ed est\u00e1 a sua primeira p\u00e1gina que est\u00e1 a chegar a casa dos seus assinantes, aos grupos de base e outros amigos que recebem uma quantidade deles [&hellip;]","og_url":"https:\/\/sites.ecclesia.pt\/loc-mtc\/jornal-voz-do-trabalho-inicia-o-ano-70-da-sua-publicacao\/","og_site_name":"LOC-MTC","article_published_time":"2020-01-21T21:37:37+00:00","article_modified_time":"2020-01-21T21:49:57+00:00","og_image":[{"url":"https:\/\/sites.ecclesia.pt\/loc-mtc\/wp-content\/uploads\/2020\/01\/VT-645-1-714x1024.gif","type":"","width":"","height":""}],"author":"LOC-MTC","twitter_card":"summary_large_image","twitter_misc":{"Escrito por":"LOC-MTC"},"schema":{"@context":"https:\/\/schema.org","@graph":[{"@type":"Article","@id":"https:\/\/sites.ecclesia.pt\/loc-mtc\/jornal-voz-do-trabalho-inicia-o-ano-70-da-sua-publicacao\/#article","isPartOf":{"@id":"https:\/\/sites.ecclesia.pt\/loc-mtc\/jornal-voz-do-trabalho-inicia-o-ano-70-da-sua-publicacao\/"},"author":{"name":"LOC-MTC","@id":"https:\/\/sites.ecclesia.pt\/loc-mtc\/#\/schema\/person\/8ba13a346b282ac81bddb0740218c156"},"headline":"Jornal VOZ do TRABALHO inicia o ano 70 da sua publica\u00e7\u00e3o","datePublished":"2020-01-21T21:37:37+00:00","dateModified":"2020-01-21T21:49:57+00:00","mainEntityOfPage":{"@id":"https:\/\/sites.ecclesia.pt\/loc-mtc\/jornal-voz-do-trabalho-inicia-o-ano-70-da-sua-publicacao\/"},"wordCount":98,"publisher":{"@id":"https:\/\/sites.ecclesia.pt\/loc-mtc\/#organization"},"image":{"@id":"https:\/\/sites.ecclesia.pt\/loc-mtc\/jornal-voz-do-trabalho-inicia-o-ano-70-da-sua-publicacao\/#primaryimage"},"thumbnailUrl":"https:\/\/sites.ecclesia.pt\/loc-mtc\/wp-content\/uploads\/2020\/01\/VT-645-1-714x1024.gif","articleSection":["Jornal Voz do Trabalho","Not\u00edcias"],"inLanguage":"pt-PT"},{"@type":"WebPage","@id":"https:\/\/sites.ecclesia.pt\/loc-mtc\/jornal-voz-do-trabalho-inicia-o-ano-70-da-sua-publicacao\/","url":"https:\/\/sites.ecclesia.pt\/loc-mtc\/jornal-voz-do-trabalho-inicia-o-ano-70-da-sua-publicacao\/","name":"Jornal VOZ do TRABALHO inicia o ano 70 da sua publica\u00e7\u00e3o - LOC-MTC","isPartOf":{"@id":"https:\/\/sites.ecclesia.pt\/loc-mtc\/#website"},"primaryImageOfPage":{"@id":"https:\/\/sites.ecclesia.pt\/loc-mtc\/jornal-voz-do-trabalho-inicia-o-ano-70-da-sua-publicacao\/#primaryimage"},"image":{"@id":"https:\/\/sites.ecclesia.pt\/loc-mtc\/jornal-voz-do-trabalho-inicia-o-ano-70-da-sua-publicacao\/#primaryimage"},"thumbnailUrl":"https:\/\/sites.ecclesia.pt\/loc-mtc\/wp-content\/uploads\/2020\/01\/VT-645-1-714x1024.gif","datePublished":"2020-01-21T21:37:37+00:00","dateModified":"2020-01-21T21:49:57+00:00","breadcrumb":{"@id":"https:\/\/sites.ecclesia.pt\/loc-mtc\/jornal-voz-do-trabalho-inicia-o-ano-70-da-sua-publicacao\/#breadcrumb"},"inLanguage":"pt-PT","potentialAction":[{"@type":"ReadAction","target":["https:\/\/sites.ecclesia.pt\/loc-mtc\/jornal-voz-do-trabalho-inicia-o-ano-70-da-sua-publicacao\/"]}]},{"@type":"ImageObject","inLanguage":"pt-PT","@id":"https:\/\/sites.ecclesia.pt\/loc-mtc\/jornal-voz-do-trabalho-inicia-o-ano-70-da-sua-publicacao\/#primaryimage","url":"https:\/\/sites.ecclesia.pt\/loc-mtc\/wp-content\/uploads\/2020\/01\/VT-645-1.gif","contentUrl":"https:\/\/sites.ecclesia.pt\/loc-mtc\/wp-content\/uploads\/2020\/01\/VT-645-1.gif","width":1235,"height":1772},{"@type":"BreadcrumbList","@id":"https:\/\/sites.ecclesia.pt\/loc-mtc\/jornal-voz-do-trabalho-inicia-o-ano-70-da-sua-publicacao\/#breadcrumb","itemListElement":[{"@type":"ListItem","position":1,"name":"Home","item":"https:\/\/sites.ecclesia.pt\/loc-mtc\/"},{"@type":"ListItem","position":2,"name":"Jornal VOZ do TRABALHO inicia o ano 70 da sua publica\u00e7\u00e3o"}]},{"@type":"WebSite","@id":"https:\/\/sites.ecclesia.pt\/loc-mtc\/#website","url":"https:\/\/sites.ecclesia.pt\/loc-mtc\/","name":"LOC-MTC","description":"Liga Oper\u00e1ria Cat\u00f3lica \u2013 Movimento de Trabalhadores Crist\u00e3os","publisher":{"@id":"https:\/\/sites.ecclesia.pt\/loc-mtc\/#organization"},"potentialAction":[{"@type":"SearchAction","target":{"@type":"EntryPoint","urlTemplate":"https:\/\/sites.ecclesia.pt\/loc-mtc\/?s={search_term_string}"},"query-input":{"@type":"PropertyValueSpecification","valueRequired":true,"valueName":"search_term_string"}}],"inLanguage":"pt-PT"},{"@type":"Organization","@id":"https:\/\/sites.ecclesia.pt\/loc-mtc\/#organization","name":"LOC\/MTC - Liga Oper\u00e1ria Cat\u00f3lica\/Movimento dos Trabalhadores Crist\u00e3os","alternateName":"LOC\/MTC","url":"https:\/\/sites.ecclesia.pt\/loc-mtc\/","logo":{"@type":"ImageObject","inLanguage":"pt-PT","@id":"https:\/\/sites.ecclesia.pt\/loc-mtc\/#\/schema\/logo\/image\/","url":"https:\/\/sites.ecclesia.pt\/loc-mtc\/wp-content\/uploads\/2021\/07\/loc-mtc-fb.jpg","contentUrl":"https:\/\/sites.ecclesia.pt\/loc-mtc\/wp-content\/uploads\/2021\/07\/loc-mtc-fb.jpg","width":583,"height":552,"caption":"LOC\/MTC - Liga Oper\u00e1ria Cat\u00f3lica\/Movimento dos Trabalhadores Crist\u00e3os"},"image":{"@id":"https:\/\/sites.ecclesia.pt\/loc-mtc\/#\/schema\/logo\/image\/"}},{"@type":"Person","@id":"https:\/\/sites.ecclesia.pt\/loc-mtc\/#\/schema\/person\/8ba13a346b282ac81bddb0740218c156","name":"LOC-MTC","image":{"@type":"ImageObject","inLanguage":"pt-PT","@id":"https:\/\/sites.ecclesia.pt\/loc-mtc\/#\/schema\/person\/image\/","url":"https:\/\/secure.gravatar.com\/avatar\/381f263bbf1376baf59211319cecf05597b65a26b86db6798bf393c99c999ed9?s=96&d=mm&r=g","contentUrl":"https:\/\/secure.gravatar.com\/avatar\/381f263bbf1376baf59211319cecf05597b65a26b86db6798bf393c99c999ed9?s=96&d=mm&r=g","caption":"LOC-MTC"},"sameAs":["http:\/\/www.ecclesia.pt\/loc-mtc"]}]}},"_links":{"self":[{"href":"https:\/\/sites.ecclesia.pt\/loc-mtc\/wp-json\/wp\/v2\/posts\/2064","targetHints":{"allow":["GET"]}}],"collection":[{"href":"https:\/\/sites.ecclesia.pt\/loc-mtc\/wp-json\/wp\/v2\/posts"}],"about":[{"href":"https:\/\/sites.ecclesia.pt\/loc-mtc\/wp-json\/wp\/v2\/types\/post"}],"author":[{"embeddable":true,"href":"https:\/\/sites.ecclesia.pt\/loc-mtc\/wp-json\/wp\/v2\/users\/2"}],"replies":[{"embeddable":true,"href":"https:\/\/sites.ecclesia.pt\/loc-mtc\/wp-json\/wp\/v2\/comments?post=2064"}],"version-history":[{"count":2,"href":"https:\/\/sites.ecclesia.pt\/loc-mtc\/wp-json\/wp\/v2\/posts\/2064\/revisions"}],"predecessor-version":[{"id":2068,"href":"https:\/\/sites.ecclesia.pt\/loc-mtc\/wp-json\/wp\/v2\/posts\/2064\/revisions\/2068"}],"wp:attachment":[{"href":"https:\/\/sites.ecclesia.pt\/loc-mtc\/wp-json\/wp\/v2\/media?parent=2064"}],"wp:term":[{"taxonomy":"category","embeddable":true,"href":"https:\/\/sites.ecclesia.pt\/loc-mtc\/wp-json\/wp\/v2\/categories?post=2064"},{"taxonomy":"post_tag","embeddable":true,"href":"https:\/\/sites.ecclesia.pt\/loc-mtc\/wp-json\/wp\/v2\/tags?post=2064"}],"curies":[{"name":"wp","href":"https:\/\/api.w.org\/{rel}","templated":true}]}}