{"id":2083,"date":"2020-03-05T21:19:51","date_gmt":"2020-03-05T21:19:51","guid":{"rendered":"http:\/\/sites.ecclesia.pt\/loc-mtc\/?p=2083"},"modified":"2020-03-05T21:19:51","modified_gmt":"2020-03-05T21:19:51","slug":"nao-a-qualquer-forma-de-violencia-sobre-as-mulheres-e-as-meninas","status":"publish","type":"post","link":"https:\/\/sites.ecclesia.pt\/loc-mtc\/nao-a-qualquer-forma-de-violencia-sobre-as-mulheres-e-as-meninas\/","title":{"rendered":"N\u00c3O a qualquer forma de viol\u00eancia sobre as mulheres e as meninas!"},"content":{"rendered":"<p><strong>A viol\u00eancia contra as mulheres e meninas acontece em todo o mundo. Se \u00e9 verdade que alguns pa\u00edses a condenam energicamente, uma grande parte da popula\u00e7\u00e3o mundial continua a considera-la \u201cnormal\u201d. No entanto, esta viol\u00eancia, para al\u00e9m de minar a integridade da mulher, reduz o seu acesso aos servi\u00e7os e recursos essenciais.<\/strong><\/p>\n<p>Sentimo-nos agradecidos a muitos homens e mulheres que continuam, com valentia, defendendo a elimina\u00e7\u00e3o da viol\u00eancia contra as mulheres e meninas. Todas as iniciativas de apoio s\u00e3o merecedoras de elogio e os seus efeitos h\u00e3o-de sentir-se, atrav\u00e9s de Cristo, em todos os \u00e2mbitos da vida da Igreja.<\/p>\n<p>O MMTC, por ocasi\u00e3o do dia 8 de Mar\u00e7o (Dia internacional da Mulher) declara que estamos dispostos a fazer frente a qualquer tentativa de desculpar, encobrir ou justificar a viol\u00eancia. Declaramos que esta viol\u00eancia \u00e9 uma ofensa contra Deus, a humanidade e a terra.<\/p>\n<p>A nossa luta \u00e9 trabalhar pela elimina\u00e7\u00e3o da viol\u00eancia contra as mulheres e as meninas nas suas diferentes formas (sexual, religiosa, psicol\u00f3gica,\u2026) e promover a sua dignidade.<\/p>\n<p>N\u00e3o podemos continuar a tapar os ouvidos perante estes gritos de desespero, nem sufoca-los guardando sil\u00eancio ou encerr\u00e1-los entre quatro paredes por orgulho, por medo, por reputa\u00e7\u00e3o, por seguran\u00e7a\u2026 <strong>porque a viol\u00eancia contra as mulheres e meninas \u00e9 um pecado.<\/strong><\/p>\n<p>Toda e qualquer viol\u00eancia contra as mulheres e meninas na Igreja ofende o corpo de Cristo e impede que ela seja fundamentalmente uma comunidade de mulheres e homens. O Papa Francisco, na primeira homilia do ano, 1 de janeiro de 2020, na pra\u00e7a de S\u00e3o Pedro no Vaticano falou longamente sobre a viol\u00eancia contra as mulheres. <strong><em>\u201cAs mulheres s\u00e3o fonte de vida. No entanto, s\u00e3o ofendidas, espancadas, violadas, empurradas para a prostitui\u00e7\u00e3o e a abortar\u201d<\/em><\/strong><strong>, <\/strong>disse. Sua santidade descreveu a viol\u00eancia contra a mulher como \u201cprofana\u00e7\u00e3o\u201d e denunciou o \u201cconsumismo\u201d e a \u201cpornografia\u201d que, segundo ele, coisificam o g\u00e9nero feminino. O Sumo Pont\u00edfice tamb\u00e9m sublinhou que \u201co renascimento da humanidade come\u00e7ou com mulheres\u201d, antes de acrescentar: <strong>\u201c\u00c9 atrav\u00e9s da forma como tratamos o corpo feminino que compreendemos o nosso n\u00edvel de humanidade. Este corpo deve ser libertado do consumismo, deve ser respeitado e honrado. \u00c9 a carne mais nobre do mundo, concebeu e deu \u00e0 luz o Amor que nos salvou\u201d.<\/strong><\/p>\n<p>Como movimento (MMTC), chamado a libertar os oprimidos, o nosso dever \u00e9 comprometer-nos com a liberta\u00e7\u00e3o das pessoas, com a celebra\u00e7\u00e3o da plenitude da vida e a luta contra a cultura da viol\u00eancia. N\u00e3o temos que tratar os problemas das mulheres como algo \u201c\u00e0 margem\u201d. Como MMTC, precisamos unir esfor\u00e7os com outros movimentos sociais e da Igreja para analisar as motiva\u00e7\u00f5es da viol\u00eancia humana, a raz\u00e3o por que as mulheres n\u00e3o conseguem romper o ciclo vicioso da viol\u00eancia e reflectir como p\u00f4r-lhe fim.<\/p>\n<p><strong>\u201cDeus criou o ser humano \u00e0 sua imagem, criou-o \u00e0 imagem de Deus; Ele os criou homem e mulher. E Aben\u00e7oando-os\u201d (Gn 1,27-28b).<\/strong><\/p>\n<p>Cada celebra\u00e7\u00e3o do 8 de mar\u00e7o deve ser um desafio para cada um de n\u00f3s, por isso nos erguemos hoje para dizer juntos: \u201c<strong>N\u00c3O a qualquer forma de viol\u00eancia sobre as mulheres e as meninas!\u201d<\/strong><\/p>\n<p>Movimento Mundial de Trabalhadores Crist\u00e3os<\/p>\n<p>(Mensagem elaborada pela coordena\u00e7\u00e3o nacional do MTC-Mali)<\/p>\n","protected":false},"excerpt":{"rendered":"<p>Mensagem do Movimento Mundial de Trabalhadores Crist\u00e3os para o 8 de Mar\u00e7o &#8211; Dia Internacional da Mulher<\/p>\n","protected":false},"author":2,"featured_media":2084,"comment_status":"closed","ping_status":"closed","sticky":false,"template":"","format":"standard","meta":{"_et_pb_use_builder":"","_et_pb_old_content":"","_et_gb_content_width":"","footnotes":""},"categories":[4,2],"tags":[],"class_list":["post-2083","post","type-post","status-publish","format-standard","has-post-thumbnail","hentry","category-comunicados","category-noticias"],"yoast_head":"<!-- This site is optimized with the Yoast SEO plugin v26.9 - https:\/\/yoast.com\/product\/yoast-seo-wordpress\/ -->\n<title>N\u00c3O a qualquer forma de viol\u00eancia sobre as mulheres e as meninas! - LOC-MTC<\/title>\n<meta name=\"robots\" content=\"index, follow, max-snippet:-1, max-image-preview:large, max-video-preview:-1\" \/>\n<link rel=\"canonical\" href=\"https:\/\/sites.ecclesia.pt\/loc-mtc\/nao-a-qualquer-forma-de-violencia-sobre-as-mulheres-e-as-meninas\/\" \/>\n<meta property=\"og:locale\" content=\"pt_PT\" \/>\n<meta property=\"og:type\" content=\"article\" \/>\n<meta property=\"og:title\" content=\"N\u00c3O a qualquer forma de viol\u00eancia sobre as mulheres e as meninas! - LOC-MTC\" \/>\n<meta property=\"og:description\" content=\"Mensagem do Movimento Mundial de Trabalhadores Crist\u00e3os para o 8 de Mar\u00e7o - Dia Internacional da Mulher\" \/>\n<meta property=\"og:url\" content=\"https:\/\/sites.ecclesia.pt\/loc-mtc\/nao-a-qualquer-forma-de-violencia-sobre-as-mulheres-e-as-meninas\/\" \/>\n<meta property=\"og:site_name\" content=\"LOC-MTC\" \/>\n<meta property=\"article:published_time\" content=\"2020-03-05T21:19:51+00:00\" \/>\n<meta property=\"og:image\" content=\"https:\/\/sites.ecclesia.pt\/loc-mtc\/wp-content\/uploads\/2020\/03\/pag-12-internacional.gif\" \/>\n\t<meta property=\"og:image:width\" content=\"601\" \/>\n\t<meta property=\"og:image:height\" content=\"425\" \/>\n\t<meta property=\"og:image:type\" content=\"image\/gif\" \/>\n<meta name=\"author\" content=\"LOC-MTC\" \/>\n<meta name=\"twitter:card\" content=\"summary_large_image\" \/>\n<meta name=\"twitter:label1\" content=\"Escrito por\" \/>\n\t<meta name=\"twitter:data1\" content=\"LOC-MTC\" \/>\n\t<meta name=\"twitter:label2\" content=\"Tempo estimado de leitura\" \/>\n\t<meta name=\"twitter:data2\" content=\"3 minutos\" \/>\n<script type=\"application\/ld+json\" class=\"yoast-schema-graph\">{\"@context\":\"https:\/\/schema.org\",\"@graph\":[{\"@type\":\"Article\",\"@id\":\"https:\/\/sites.ecclesia.pt\/loc-mtc\/nao-a-qualquer-forma-de-violencia-sobre-as-mulheres-e-as-meninas\/#article\",\"isPartOf\":{\"@id\":\"https:\/\/sites.ecclesia.pt\/loc-mtc\/nao-a-qualquer-forma-de-violencia-sobre-as-mulheres-e-as-meninas\/\"},\"author\":{\"name\":\"LOC-MTC\",\"@id\":\"https:\/\/sites.ecclesia.pt\/loc-mtc\/#\/schema\/person\/8ba13a346b282ac81bddb0740218c156\"},\"headline\":\"N\u00c3O a qualquer forma de viol\u00eancia sobre as mulheres e as meninas!\",\"datePublished\":\"2020-03-05T21:19:51+00:00\",\"mainEntityOfPage\":{\"@id\":\"https:\/\/sites.ecclesia.pt\/loc-mtc\/nao-a-qualquer-forma-de-violencia-sobre-as-mulheres-e-as-meninas\/\"},\"wordCount\":582,\"publisher\":{\"@id\":\"https:\/\/sites.ecclesia.pt\/loc-mtc\/#organization\"},\"image\":{\"@id\":\"https:\/\/sites.ecclesia.pt\/loc-mtc\/nao-a-qualquer-forma-de-violencia-sobre-as-mulheres-e-as-meninas\/#primaryimage\"},\"thumbnailUrl\":\"https:\/\/sites.ecclesia.pt\/loc-mtc\/wp-content\/uploads\/2020\/03\/pag-12-internacional.gif\",\"articleSection\":[\"Comunicados\",\"Not\u00edcias\"],\"inLanguage\":\"pt-PT\"},{\"@type\":\"WebPage\",\"@id\":\"https:\/\/sites.ecclesia.pt\/loc-mtc\/nao-a-qualquer-forma-de-violencia-sobre-as-mulheres-e-as-meninas\/\",\"url\":\"https:\/\/sites.ecclesia.pt\/loc-mtc\/nao-a-qualquer-forma-de-violencia-sobre-as-mulheres-e-as-meninas\/\",\"name\":\"N\u00c3O a qualquer forma de viol\u00eancia sobre as mulheres e as meninas! - LOC-MTC\",\"isPartOf\":{\"@id\":\"https:\/\/sites.ecclesia.pt\/loc-mtc\/#website\"},\"primaryImageOfPage\":{\"@id\":\"https:\/\/sites.ecclesia.pt\/loc-mtc\/nao-a-qualquer-forma-de-violencia-sobre-as-mulheres-e-as-meninas\/#primaryimage\"},\"image\":{\"@id\":\"https:\/\/sites.ecclesia.pt\/loc-mtc\/nao-a-qualquer-forma-de-violencia-sobre-as-mulheres-e-as-meninas\/#primaryimage\"},\"thumbnailUrl\":\"https:\/\/sites.ecclesia.pt\/loc-mtc\/wp-content\/uploads\/2020\/03\/pag-12-internacional.gif\",\"datePublished\":\"2020-03-05T21:19:51+00:00\",\"breadcrumb\":{\"@id\":\"https:\/\/sites.ecclesia.pt\/loc-mtc\/nao-a-qualquer-forma-de-violencia-sobre-as-mulheres-e-as-meninas\/#breadcrumb\"},\"inLanguage\":\"pt-PT\",\"potentialAction\":[{\"@type\":\"ReadAction\",\"target\":[\"https:\/\/sites.ecclesia.pt\/loc-mtc\/nao-a-qualquer-forma-de-violencia-sobre-as-mulheres-e-as-meninas\/\"]}]},{\"@type\":\"ImageObject\",\"inLanguage\":\"pt-PT\",\"@id\":\"https:\/\/sites.ecclesia.pt\/loc-mtc\/nao-a-qualquer-forma-de-violencia-sobre-as-mulheres-e-as-meninas\/#primaryimage\",\"url\":\"https:\/\/sites.ecclesia.pt\/loc-mtc\/wp-content\/uploads\/2020\/03\/pag-12-internacional.gif\",\"contentUrl\":\"https:\/\/sites.ecclesia.pt\/loc-mtc\/wp-content\/uploads\/2020\/03\/pag-12-internacional.gif\",\"width\":601,\"height\":425},{\"@type\":\"BreadcrumbList\",\"@id\":\"https:\/\/sites.ecclesia.pt\/loc-mtc\/nao-a-qualquer-forma-de-violencia-sobre-as-mulheres-e-as-meninas\/#breadcrumb\",\"itemListElement\":[{\"@type\":\"ListItem\",\"position\":1,\"name\":\"Home\",\"item\":\"https:\/\/sites.ecclesia.pt\/loc-mtc\/\"},{\"@type\":\"ListItem\",\"position\":2,\"name\":\"N\u00c3O a qualquer forma de viol\u00eancia sobre as mulheres e as meninas!\"}]},{\"@type\":\"WebSite\",\"@id\":\"https:\/\/sites.ecclesia.pt\/loc-mtc\/#website\",\"url\":\"https:\/\/sites.ecclesia.pt\/loc-mtc\/\",\"name\":\"LOC-MTC\",\"description\":\"Liga Oper\u00e1ria Cat\u00f3lica \u2013 Movimento de Trabalhadores Crist\u00e3os\",\"publisher\":{\"@id\":\"https:\/\/sites.ecclesia.pt\/loc-mtc\/#organization\"},\"potentialAction\":[{\"@type\":\"SearchAction\",\"target\":{\"@type\":\"EntryPoint\",\"urlTemplate\":\"https:\/\/sites.ecclesia.pt\/loc-mtc\/?s={search_term_string}\"},\"query-input\":{\"@type\":\"PropertyValueSpecification\",\"valueRequired\":true,\"valueName\":\"search_term_string\"}}],\"inLanguage\":\"pt-PT\"},{\"@type\":\"Organization\",\"@id\":\"https:\/\/sites.ecclesia.pt\/loc-mtc\/#organization\",\"name\":\"LOC\/MTC - Liga Oper\u00e1ria Cat\u00f3lica\/Movimento dos Trabalhadores Crist\u00e3os\",\"alternateName\":\"LOC\/MTC\",\"url\":\"https:\/\/sites.ecclesia.pt\/loc-mtc\/\",\"logo\":{\"@type\":\"ImageObject\",\"inLanguage\":\"pt-PT\",\"@id\":\"https:\/\/sites.ecclesia.pt\/loc-mtc\/#\/schema\/logo\/image\/\",\"url\":\"https:\/\/sites.ecclesia.pt\/loc-mtc\/wp-content\/uploads\/2021\/07\/loc-mtc-fb.jpg\",\"contentUrl\":\"https:\/\/sites.ecclesia.pt\/loc-mtc\/wp-content\/uploads\/2021\/07\/loc-mtc-fb.jpg\",\"width\":583,\"height\":552,\"caption\":\"LOC\/MTC - Liga Oper\u00e1ria Cat\u00f3lica\/Movimento dos Trabalhadores Crist\u00e3os\"},\"image\":{\"@id\":\"https:\/\/sites.ecclesia.pt\/loc-mtc\/#\/schema\/logo\/image\/\"}},{\"@type\":\"Person\",\"@id\":\"https:\/\/sites.ecclesia.pt\/loc-mtc\/#\/schema\/person\/8ba13a346b282ac81bddb0740218c156\",\"name\":\"LOC-MTC\",\"image\":{\"@type\":\"ImageObject\",\"inLanguage\":\"pt-PT\",\"@id\":\"https:\/\/sites.ecclesia.pt\/loc-mtc\/#\/schema\/person\/image\/\",\"url\":\"https:\/\/secure.gravatar.com\/avatar\/381f263bbf1376baf59211319cecf05597b65a26b86db6798bf393c99c999ed9?s=96&d=mm&r=g\",\"contentUrl\":\"https:\/\/secure.gravatar.com\/avatar\/381f263bbf1376baf59211319cecf05597b65a26b86db6798bf393c99c999ed9?s=96&d=mm&r=g\",\"caption\":\"LOC-MTC\"},\"sameAs\":[\"http:\/\/www.ecclesia.pt\/loc-mtc\"]}]}<\/script>\n<!-- \/ Yoast SEO plugin. -->","yoast_head_json":{"title":"N\u00c3O a qualquer forma de viol\u00eancia sobre as mulheres e as meninas! - LOC-MTC","robots":{"index":"index","follow":"follow","max-snippet":"max-snippet:-1","max-image-preview":"max-image-preview:large","max-video-preview":"max-video-preview:-1"},"canonical":"https:\/\/sites.ecclesia.pt\/loc-mtc\/nao-a-qualquer-forma-de-violencia-sobre-as-mulheres-e-as-meninas\/","og_locale":"pt_PT","og_type":"article","og_title":"N\u00c3O a qualquer forma de viol\u00eancia sobre as mulheres e as meninas! - LOC-MTC","og_description":"Mensagem do Movimento Mundial de Trabalhadores Crist\u00e3os para o 8 de Mar\u00e7o - Dia Internacional da Mulher","og_url":"https:\/\/sites.ecclesia.pt\/loc-mtc\/nao-a-qualquer-forma-de-violencia-sobre-as-mulheres-e-as-meninas\/","og_site_name":"LOC-MTC","article_published_time":"2020-03-05T21:19:51+00:00","og_image":[{"width":601,"height":425,"url":"https:\/\/sites.ecclesia.pt\/loc-mtc\/wp-content\/uploads\/2020\/03\/pag-12-internacional.gif","type":"image\/gif"}],"author":"LOC-MTC","twitter_card":"summary_large_image","twitter_misc":{"Escrito por":"LOC-MTC","Tempo estimado de leitura":"3 minutos"},"schema":{"@context":"https:\/\/schema.org","@graph":[{"@type":"Article","@id":"https:\/\/sites.ecclesia.pt\/loc-mtc\/nao-a-qualquer-forma-de-violencia-sobre-as-mulheres-e-as-meninas\/#article","isPartOf":{"@id":"https:\/\/sites.ecclesia.pt\/loc-mtc\/nao-a-qualquer-forma-de-violencia-sobre-as-mulheres-e-as-meninas\/"},"author":{"name":"LOC-MTC","@id":"https:\/\/sites.ecclesia.pt\/loc-mtc\/#\/schema\/person\/8ba13a346b282ac81bddb0740218c156"},"headline":"N\u00c3O a qualquer forma de viol\u00eancia sobre as mulheres e as meninas!","datePublished":"2020-03-05T21:19:51+00:00","mainEntityOfPage":{"@id":"https:\/\/sites.ecclesia.pt\/loc-mtc\/nao-a-qualquer-forma-de-violencia-sobre-as-mulheres-e-as-meninas\/"},"wordCount":582,"publisher":{"@id":"https:\/\/sites.ecclesia.pt\/loc-mtc\/#organization"},"image":{"@id":"https:\/\/sites.ecclesia.pt\/loc-mtc\/nao-a-qualquer-forma-de-violencia-sobre-as-mulheres-e-as-meninas\/#primaryimage"},"thumbnailUrl":"https:\/\/sites.ecclesia.pt\/loc-mtc\/wp-content\/uploads\/2020\/03\/pag-12-internacional.gif","articleSection":["Comunicados","Not\u00edcias"],"inLanguage":"pt-PT"},{"@type":"WebPage","@id":"https:\/\/sites.ecclesia.pt\/loc-mtc\/nao-a-qualquer-forma-de-violencia-sobre-as-mulheres-e-as-meninas\/","url":"https:\/\/sites.ecclesia.pt\/loc-mtc\/nao-a-qualquer-forma-de-violencia-sobre-as-mulheres-e-as-meninas\/","name":"N\u00c3O a qualquer forma de viol\u00eancia sobre as mulheres e as meninas! - LOC-MTC","isPartOf":{"@id":"https:\/\/sites.ecclesia.pt\/loc-mtc\/#website"},"primaryImageOfPage":{"@id":"https:\/\/sites.ecclesia.pt\/loc-mtc\/nao-a-qualquer-forma-de-violencia-sobre-as-mulheres-e-as-meninas\/#primaryimage"},"image":{"@id":"https:\/\/sites.ecclesia.pt\/loc-mtc\/nao-a-qualquer-forma-de-violencia-sobre-as-mulheres-e-as-meninas\/#primaryimage"},"thumbnailUrl":"https:\/\/sites.ecclesia.pt\/loc-mtc\/wp-content\/uploads\/2020\/03\/pag-12-internacional.gif","datePublished":"2020-03-05T21:19:51+00:00","breadcrumb":{"@id":"https:\/\/sites.ecclesia.pt\/loc-mtc\/nao-a-qualquer-forma-de-violencia-sobre-as-mulheres-e-as-meninas\/#breadcrumb"},"inLanguage":"pt-PT","potentialAction":[{"@type":"ReadAction","target":["https:\/\/sites.ecclesia.pt\/loc-mtc\/nao-a-qualquer-forma-de-violencia-sobre-as-mulheres-e-as-meninas\/"]}]},{"@type":"ImageObject","inLanguage":"pt-PT","@id":"https:\/\/sites.ecclesia.pt\/loc-mtc\/nao-a-qualquer-forma-de-violencia-sobre-as-mulheres-e-as-meninas\/#primaryimage","url":"https:\/\/sites.ecclesia.pt\/loc-mtc\/wp-content\/uploads\/2020\/03\/pag-12-internacional.gif","contentUrl":"https:\/\/sites.ecclesia.pt\/loc-mtc\/wp-content\/uploads\/2020\/03\/pag-12-internacional.gif","width":601,"height":425},{"@type":"BreadcrumbList","@id":"https:\/\/sites.ecclesia.pt\/loc-mtc\/nao-a-qualquer-forma-de-violencia-sobre-as-mulheres-e-as-meninas\/#breadcrumb","itemListElement":[{"@type":"ListItem","position":1,"name":"Home","item":"https:\/\/sites.ecclesia.pt\/loc-mtc\/"},{"@type":"ListItem","position":2,"name":"N\u00c3O a qualquer forma de viol\u00eancia sobre as mulheres e as meninas!"}]},{"@type":"WebSite","@id":"https:\/\/sites.ecclesia.pt\/loc-mtc\/#website","url":"https:\/\/sites.ecclesia.pt\/loc-mtc\/","name":"LOC-MTC","description":"Liga Oper\u00e1ria Cat\u00f3lica \u2013 Movimento de Trabalhadores Crist\u00e3os","publisher":{"@id":"https:\/\/sites.ecclesia.pt\/loc-mtc\/#organization"},"potentialAction":[{"@type":"SearchAction","target":{"@type":"EntryPoint","urlTemplate":"https:\/\/sites.ecclesia.pt\/loc-mtc\/?s={search_term_string}"},"query-input":{"@type":"PropertyValueSpecification","valueRequired":true,"valueName":"search_term_string"}}],"inLanguage":"pt-PT"},{"@type":"Organization","@id":"https:\/\/sites.ecclesia.pt\/loc-mtc\/#organization","name":"LOC\/MTC - Liga Oper\u00e1ria Cat\u00f3lica\/Movimento dos Trabalhadores Crist\u00e3os","alternateName":"LOC\/MTC","url":"https:\/\/sites.ecclesia.pt\/loc-mtc\/","logo":{"@type":"ImageObject","inLanguage":"pt-PT","@id":"https:\/\/sites.ecclesia.pt\/loc-mtc\/#\/schema\/logo\/image\/","url":"https:\/\/sites.ecclesia.pt\/loc-mtc\/wp-content\/uploads\/2021\/07\/loc-mtc-fb.jpg","contentUrl":"https:\/\/sites.ecclesia.pt\/loc-mtc\/wp-content\/uploads\/2021\/07\/loc-mtc-fb.jpg","width":583,"height":552,"caption":"LOC\/MTC - Liga Oper\u00e1ria Cat\u00f3lica\/Movimento dos Trabalhadores Crist\u00e3os"},"image":{"@id":"https:\/\/sites.ecclesia.pt\/loc-mtc\/#\/schema\/logo\/image\/"}},{"@type":"Person","@id":"https:\/\/sites.ecclesia.pt\/loc-mtc\/#\/schema\/person\/8ba13a346b282ac81bddb0740218c156","name":"LOC-MTC","image":{"@type":"ImageObject","inLanguage":"pt-PT","@id":"https:\/\/sites.ecclesia.pt\/loc-mtc\/#\/schema\/person\/image\/","url":"https:\/\/secure.gravatar.com\/avatar\/381f263bbf1376baf59211319cecf05597b65a26b86db6798bf393c99c999ed9?s=96&d=mm&r=g","contentUrl":"https:\/\/secure.gravatar.com\/avatar\/381f263bbf1376baf59211319cecf05597b65a26b86db6798bf393c99c999ed9?s=96&d=mm&r=g","caption":"LOC-MTC"},"sameAs":["http:\/\/www.ecclesia.pt\/loc-mtc"]}]}},"_links":{"self":[{"href":"https:\/\/sites.ecclesia.pt\/loc-mtc\/wp-json\/wp\/v2\/posts\/2083","targetHints":{"allow":["GET"]}}],"collection":[{"href":"https:\/\/sites.ecclesia.pt\/loc-mtc\/wp-json\/wp\/v2\/posts"}],"about":[{"href":"https:\/\/sites.ecclesia.pt\/loc-mtc\/wp-json\/wp\/v2\/types\/post"}],"author":[{"embeddable":true,"href":"https:\/\/sites.ecclesia.pt\/loc-mtc\/wp-json\/wp\/v2\/users\/2"}],"replies":[{"embeddable":true,"href":"https:\/\/sites.ecclesia.pt\/loc-mtc\/wp-json\/wp\/v2\/comments?post=2083"}],"version-history":[{"count":1,"href":"https:\/\/sites.ecclesia.pt\/loc-mtc\/wp-json\/wp\/v2\/posts\/2083\/revisions"}],"predecessor-version":[{"id":2085,"href":"https:\/\/sites.ecclesia.pt\/loc-mtc\/wp-json\/wp\/v2\/posts\/2083\/revisions\/2085"}],"wp:featuredmedia":[{"embeddable":true,"href":"https:\/\/sites.ecclesia.pt\/loc-mtc\/wp-json\/wp\/v2\/media\/2084"}],"wp:attachment":[{"href":"https:\/\/sites.ecclesia.pt\/loc-mtc\/wp-json\/wp\/v2\/media?parent=2083"}],"wp:term":[{"taxonomy":"category","embeddable":true,"href":"https:\/\/sites.ecclesia.pt\/loc-mtc\/wp-json\/wp\/v2\/categories?post=2083"},{"taxonomy":"post_tag","embeddable":true,"href":"https:\/\/sites.ecclesia.pt\/loc-mtc\/wp-json\/wp\/v2\/tags?post=2083"}],"curies":[{"name":"wp","href":"https:\/\/api.w.org\/{rel}","templated":true}]}}