{"id":2091,"date":"2020-03-27T11:11:13","date_gmt":"2020-03-27T11:11:13","guid":{"rendered":"http:\/\/sites.ecclesia.pt\/loc-mtc\/?p=2091"},"modified":"2020-03-27T11:13:45","modified_gmt":"2020-03-27T11:13:45","slug":"stop-ao-virus","status":"publish","type":"post","link":"https:\/\/sites.ecclesia.pt\/loc-mtc\/stop-ao-virus\/","title":{"rendered":"STOP ao V\u00edrus"},"content":{"rendered":"<p>O mundo est\u00e1 de pernas para o ar! O planeta est\u00e1 em p\u00e2nico!<\/p>\n<p>E tudo isto devido a um pequeno e indiscrit\u00edvel v\u00edrus que ataca tanto a ricos como a pobres, que cruza fronteiras sem \u201cprecisar de mostrar papeis\u201d! E este pequeno v\u00edrus inodoro e incolor \u00e9 mais forte do que qualquer campanha medi\u00e1tica ou sindicato internacional: bloqueia toda a economia mundial, faz cambalear as bolsas desde T\u00f3quio at\u00e9 Nova York, aterroriza todos os l\u00edderes pol\u00edticos e econ\u00f3micos, p\u00f5e em d\u00favida o funcionamento da economia liberal globalizada, obriga-nos a falar de \u201cdecrescimento\u201d\u2026<\/p>\n<p><em>\u201cDerruba os poderosos dos seus tronos\u2026\u201d<\/em> (Lc 1,52)<\/p>\n<p style=\"text-align: center;\"><strong>Senhor Deus, Tu que escutas as alegrias e as tristezas deste mundo,<\/strong><\/p>\n<p style=\"text-align: center;\"><strong>Com os movimentos do MMTC, unidos num s\u00f3 cora\u00e7\u00e3o e uma s\u00f3 f\u00e9, queremos dizer-te:<\/strong><\/p>\n<p style=\"text-align: center;\"><strong>Repara nos milhares de pessoas angustiadas e d\u00e1-nos for\u00e7a para ampliar o nosso olhar!<\/strong><\/p>\n<p><strong>TEMOS MEDO<\/strong> pela nossa sa\u00fade, pela sa\u00fade dos nossos entes queridos\u2026 n\u00e3o \u00e9 de admirar, sem d\u00favida\u2026 mas \u00e9 verdade Senhor: porqu\u00ea este temor (\u00e0s vezes infundado), quando sabemos bem que s\u00f3 Tu \u00e9s imortal? E porque n\u00e3o tememos pelas crian\u00e7as e adultos que viveram debaixo das bombas na S\u00edria durante nove anos, ou em muitos outros pa\u00edses?<\/p>\n<p><strong><em>Senhor, livra-os do medo, dando-lhes a paz\u2026 pela qual tamb\u00e9m somos respons\u00e1veis!<\/em><\/strong><\/p>\n<p><strong>ESTAMOS AFETADOS DIRETAMENTE\u00a0 ou \u00c0 NOSSA VOLTA<\/strong>. Atrav\u00e9s dos meios de comunica\u00e7\u00e3o sabemos tudo sobre esta enfermidade (mortal em 2% dos casos) \u2026 mas, temos que enfrentar enfermidades todos os dias, \u00e0s vezes como resultado das m\u00e1s condi\u00e7\u00f5es de trabalho. E temos aprendido a lutar, com os nossos sindicatos e as nossas associa\u00e7\u00f5es, a super\u00e1-las e a levantar-nos de novo!<\/p>\n<p>Ent\u00e3o, porque \u00e9 que esta enfermidade nos faz esquecer as epidemias sempre atuais: como o \u00c9bola (contagioso e mortal em 80% dos casos) que continua a proliferar no Congo-RDC\u2026 ou a Mal\u00e1ria (n\u00e3o contagiosa, \u00e9 certo) que causa 500\u00a0000 mortos por ano na \u00c1frica subsariana?!<\/p>\n<p><strong><em>Senhor, que a investiga\u00e7\u00e3o m\u00e9dica n\u00e3o se esque\u00e7a dos pa\u00edses pobres, e que cada pessoa humana em cada pa\u00eds possa ter direito a um cuidado digno!<\/em><\/strong><\/p>\n<p>&nbsp;<\/p>\n<p><strong>ESTAMOS TENTADOS A ACUMULAR COMIDA<\/strong> comprando tudo o que vemos nas prateleiras\u2026 por medo de restri\u00e7\u00f5es. Em alguns pa\u00edses, alguns inclusive compraram armas para se proteger dos ladr\u00f5es! Senhor, envergonhamo-nos deste mundo! Este mundo que esquece que milh\u00f5es de pessoas morrem de fome e de sede por culpa da nossa injusta economia mundial.<\/p>\n<p><strong><em>Senhor, d\u00e1 aos l\u00edderes dos nossos pa\u00edses a coragem pol\u00edtica para atrever-se a levar a cabo uma economia de partilha e solidariedade, tanto a n\u00edvel nacional como internacional.<\/em><\/strong><\/p>\n<p><strong>\u00a0<\/strong><\/p>\n<p><strong>LIMITAMOS AS NOSSA VIAGENS, AS NOSSAS VISITAS, INTERROMPEMOS OS NOSSOS PROGRAMAS<\/strong>, como medida de precau\u00e7\u00e3o. Fic\u00e1mos \u201cconfinados \u00e0s nossas casas\u201d enquanto outros est\u00e3o habitualmente \u201cconfinados fora\u201d: os emigrantes, os sem teto, os expulsos, etc\u2026 Mud\u00e1mos o nosso ritmo e temos tido tempo para buscar um sentido para as nossas vidas.<\/p>\n<p><strong><em>Senhor, que esta dolorosa experi\u00eancia nos fa\u00e7a compreender o sofrimento dos outros \u00e0 nossa volta, no nosso pa\u00eds e no mundo. Que sigamos reflectindo sobre o significado e o alcance das nossas ac\u00e7\u00f5es e das nossas escolhas.<\/em><\/strong><\/p>\n<p>&nbsp;<\/p>\n<p><strong>SOMOS INVENTIVOS E AGRADECIDOS\u2026<\/strong> inventivos para comunicar, para rezar, para trabalhar, para relaxar, para nos formarmos\u2026 \u00c9 isto que sucede habitualmente em tempos de crise! Inventamos! E ESTAMOS RECONHECIDOS a todo o pessoal da sa\u00fade que se esfor\u00e7a e entrega sem limites.<\/p>\n<p><strong><em>Senhor, faz-nos inventores de \u201cuma vida digna para todos\u201d, com terra, um teto, um trabalho e sa\u00fade que nos permita louvar-te e proclamar bem alto: STOP AOS VIRUS!<\/em><\/strong><\/p>\n<p>&nbsp;<\/p>\n<p style=\"text-align: center;\"><strong>Stop aos V\u00edrus!<\/strong><\/p>\n<ol>\n<li><strong>STOP AO VIRUS DOS BRA\u00c7OS!<\/strong> O qual \u00e0s vezes nos paralisa\u2026 (e logo nos \u201cdeixa de bra\u00e7os ca\u00eddos\u201d), n\u00e3o sabendo o que fazer\u2026 e aproveitamos para abandonar a luta!<\/li>\n<li><strong>STOP AO VIRUS DAS PERNAS!<\/strong> Aquele que nos impede de ir ao encontro dos outros, sobretudo aos que nos magoaram, com os quais tenhamos vivido em conflito, os que n\u00e3o votaram como n\u00f3s, os que n\u00e3o pensam como n\u00f3s, os que n\u00e3o rezam como n\u00f3s.<\/li>\n<li><strong>STOP AO VIRUS DOS OLHOS!<\/strong> Aquele que nos cega e nos impede de ver todos os sofrimentos deste mundo, sofrimentos ligados \u00e0 guerra, \u00e0s injusti\u00e7as econ\u00f3micas, ao aquecimento global, \u00e0s migra\u00e7\u00f5es, etc\u2026 Aquele que nos impede de ver as associa\u00e7\u00f5es, os movimentos onde nos podemos envolver para transformar tudo isto.<\/li>\n<li><strong>STOP AO VIRUS DO OUVIDO!<\/strong> Aquele que nos faz surdos a todos os chamamentos \u00e0 solidariedade. O que distorce a nossa compreens\u00e3o escutando s\u00f3 aqueles que nos falam de seguran\u00e7a pessoal ou nacional, que pensam s\u00f3 em crescimento econ\u00f3mico e que se esquecem da Humanidade!<\/li>\n<li><strong>STOP AO VIRUS DA L\u00cdNGUA!<\/strong> Este que nos faz dizer qualquer coisa quando nos conv\u00e9m. Que \u00e0s vezes nos seca a l\u00edngua, nos deixa silenciosos e c\u00famplices diante das injusti\u00e7as, os maus-tratos, os abusos de todo o tipo.<\/li>\n<li><strong>STOP AO VIRUS DO CORA\u00c7\u00c3O!<\/strong> (o v\u00edrus das coron\u00e1rias = o \u201caut\u00eantico\u201d coronav\u00edrus\u201d): O mais perigoso de todos! O que nos impede AMAR REALMENTE, como Tu nos amas! O que nos impede VIVER PLENAMENTE, como o Teu Filho, Jesus o fez na Cruz! O que nos bloqueia para INVENTAR INTENSAMENTE sob a ac\u00e7\u00e3o do Teu Esp\u00edrito!<\/li>\n<\/ol>\n<p><strong>\u00a0<\/strong><\/p>\n<p><strong>VENHA A VACINA DO ESP\u00cdRITO!<\/strong> (Esperamo-lo dentro de poucas semanas \u2013 Pentecostes). Aquele que nos far\u00e1 dizer a nossa grande alegria e a nossa tristeza: GRANDE ALEGRIA por havermos derrotado JUNTOS esta terr\u00edvel pandemia. TRISTEZA perante o deficit econ\u00f3mico (nacional ou mundial) e que ter\u00e1 de ser pago. E que esta vacina do Esp\u00edrito, inclusive, impe\u00e7a que priorizemos a economia do Humano\u2026 como ocorre neste momento.<\/p>\n<p>&nbsp;<\/p>\n<p><strong><em>Senhor, ajuda-nos, atrav\u00e9s dos nossos diversos movimentos do MMTC:<\/em><\/strong><\/p>\n<p><strong><em>-a ser militantes de uma MELHOR SA\u00daDE para o NOSSO PLANETA gra\u00e7as \u00e0 vacina do Teu Amor;<\/em><\/strong><\/p>\n<p><strong><em>-a resistir a toda e qualquer forma de ego\u00edsmo gra\u00e7as \u00e0 vacina do Ressuscitado, que se entregou totalmente;<\/em><\/strong><\/p>\n<p><strong><em>-a inventar outras formas de consumir, de produzir, etc, gra\u00e7as \u00e0 vacina do teu Esp\u00edrito.<\/em><\/strong><\/p>\n<p><strong><em>\u00a0<\/em><\/strong><\/p>\n<p><strong><em>Que este tipo de \u201ctravessia no deserto\u201d fortale\u00e7a a nossa f\u00e9 e os nossos compromissos!<br \/>\nQue ele nos ajude a ler os sinais da \u201ctua vida mais forte que todas as mortes\u201d!<\/em><\/strong><\/p>\n<p><strong><em>Que nos d\u00ea a aud\u00e1cia de inventar novos estilos de vida e um novo modelo econ\u00f3mico promotor de fraternidade, de solidariedade e sustentabilidade para o bem comum e universal.<\/em><\/strong><\/p>\n<p>&nbsp;<\/p>\n<p><strong>Viva a verdadeira vida! Feliz festa de P\u00e1scoa!<\/strong><\/p>\n<p>&nbsp;<\/p>\n<p><strong>Comit\u00e9 Internacional do MMTC<\/strong><\/p>\n<p><strong>F\u00e1tima, Jean-Claude, Maril\u00e9a, Philippe, Bernard<\/strong><\/p>\n<p><strong>(19 de mar\u00e7o de 2020)<\/strong><\/p>\n","protected":false},"excerpt":{"rendered":"<p>O mundo est\u00e1 de pernas para o ar! O planeta est\u00e1 em p\u00e2nico! E tudo isto devido a um pequeno e indiscrit\u00edvel v\u00edrus que ataca tanto a ricos como a pobres, que cruza fronteiras sem \u201cprecisar de mostrar papeis\u201d! E este pequeno v\u00edrus inodoro e incolor \u00e9 mais forte do que qualquer campanha medi\u00e1tica ou [&hellip;]<\/p>\n","protected":false},"author":2,"featured_media":1701,"comment_status":"closed","ping_status":"closed","sticky":false,"template":"","format":"standard","meta":{"_et_pb_use_builder":"","_et_pb_old_content":"","_et_gb_content_width":"","footnotes":""},"categories":[2],"tags":[],"class_list":["post-2091","post","type-post","status-publish","format-standard","has-post-thumbnail","hentry","category-noticias"],"yoast_head":"<!-- This site is optimized with the Yoast SEO plugin v26.9 - https:\/\/yoast.com\/product\/yoast-seo-wordpress\/ -->\n<title>STOP ao V\u00edrus - LOC-MTC<\/title>\n<meta name=\"robots\" content=\"index, follow, max-snippet:-1, max-image-preview:large, max-video-preview:-1\" \/>\n<link rel=\"canonical\" href=\"https:\/\/sites.ecclesia.pt\/loc-mtc\/stop-ao-virus\/\" \/>\n<meta property=\"og:locale\" content=\"pt_PT\" \/>\n<meta property=\"og:type\" content=\"article\" \/>\n<meta property=\"og:title\" content=\"STOP ao V\u00edrus - LOC-MTC\" \/>\n<meta property=\"og:description\" content=\"O mundo est\u00e1 de pernas para o ar! O planeta est\u00e1 em p\u00e2nico! E tudo isto devido a um pequeno e indiscrit\u00edvel v\u00edrus que ataca tanto a ricos como a pobres, que cruza fronteiras sem \u201cprecisar de mostrar papeis\u201d! E este pequeno v\u00edrus inodoro e incolor \u00e9 mais forte do que qualquer campanha medi\u00e1tica ou [&hellip;]\" \/>\n<meta property=\"og:url\" content=\"https:\/\/sites.ecclesia.pt\/loc-mtc\/stop-ao-virus\/\" \/>\n<meta property=\"og:site_name\" content=\"LOC-MTC\" \/>\n<meta property=\"article:published_time\" content=\"2020-03-27T11:11:13+00:00\" \/>\n<meta property=\"article:modified_time\" content=\"2020-03-27T11:13:45+00:00\" \/>\n<meta property=\"og:image\" content=\"https:\/\/sites.ecclesia.pt\/loc-mtc\/wp-content\/uploads\/2016\/09\/Logo-MMTC-e1585307595363.gif\" \/>\n\t<meta property=\"og:image:width\" content=\"150\" \/>\n\t<meta property=\"og:image:height\" content=\"150\" \/>\n\t<meta property=\"og:image:type\" content=\"image\/gif\" \/>\n<meta name=\"author\" content=\"LOC-MTC\" \/>\n<meta name=\"twitter:card\" content=\"summary_large_image\" \/>\n<meta name=\"twitter:label1\" content=\"Escrito por\" \/>\n\t<meta name=\"twitter:data1\" content=\"LOC-MTC\" \/>\n\t<meta name=\"twitter:label2\" content=\"Tempo estimado de leitura\" \/>\n\t<meta name=\"twitter:data2\" content=\"6 minutos\" \/>\n<script type=\"application\/ld+json\" class=\"yoast-schema-graph\">{\"@context\":\"https:\/\/schema.org\",\"@graph\":[{\"@type\":\"Article\",\"@id\":\"https:\/\/sites.ecclesia.pt\/loc-mtc\/stop-ao-virus\/#article\",\"isPartOf\":{\"@id\":\"https:\/\/sites.ecclesia.pt\/loc-mtc\/stop-ao-virus\/\"},\"author\":{\"name\":\"LOC-MTC\",\"@id\":\"https:\/\/sites.ecclesia.pt\/loc-mtc\/#\/schema\/person\/8ba13a346b282ac81bddb0740218c156\"},\"headline\":\"STOP ao V\u00edrus\",\"datePublished\":\"2020-03-27T11:11:13+00:00\",\"dateModified\":\"2020-03-27T11:13:45+00:00\",\"mainEntityOfPage\":{\"@id\":\"https:\/\/sites.ecclesia.pt\/loc-mtc\/stop-ao-virus\/\"},\"wordCount\":1149,\"publisher\":{\"@id\":\"https:\/\/sites.ecclesia.pt\/loc-mtc\/#organization\"},\"image\":{\"@id\":\"https:\/\/sites.ecclesia.pt\/loc-mtc\/stop-ao-virus\/#primaryimage\"},\"thumbnailUrl\":\"https:\/\/sites.ecclesia.pt\/loc-mtc\/wp-content\/uploads\/2016\/09\/Logo-MMTC-e1585307595363.gif\",\"articleSection\":[\"Not\u00edcias\"],\"inLanguage\":\"pt-PT\"},{\"@type\":\"WebPage\",\"@id\":\"https:\/\/sites.ecclesia.pt\/loc-mtc\/stop-ao-virus\/\",\"url\":\"https:\/\/sites.ecclesia.pt\/loc-mtc\/stop-ao-virus\/\",\"name\":\"STOP ao V\u00edrus - LOC-MTC\",\"isPartOf\":{\"@id\":\"https:\/\/sites.ecclesia.pt\/loc-mtc\/#website\"},\"primaryImageOfPage\":{\"@id\":\"https:\/\/sites.ecclesia.pt\/loc-mtc\/stop-ao-virus\/#primaryimage\"},\"image\":{\"@id\":\"https:\/\/sites.ecclesia.pt\/loc-mtc\/stop-ao-virus\/#primaryimage\"},\"thumbnailUrl\":\"https:\/\/sites.ecclesia.pt\/loc-mtc\/wp-content\/uploads\/2016\/09\/Logo-MMTC-e1585307595363.gif\",\"datePublished\":\"2020-03-27T11:11:13+00:00\",\"dateModified\":\"2020-03-27T11:13:45+00:00\",\"breadcrumb\":{\"@id\":\"https:\/\/sites.ecclesia.pt\/loc-mtc\/stop-ao-virus\/#breadcrumb\"},\"inLanguage\":\"pt-PT\",\"potentialAction\":[{\"@type\":\"ReadAction\",\"target\":[\"https:\/\/sites.ecclesia.pt\/loc-mtc\/stop-ao-virus\/\"]}]},{\"@type\":\"ImageObject\",\"inLanguage\":\"pt-PT\",\"@id\":\"https:\/\/sites.ecclesia.pt\/loc-mtc\/stop-ao-virus\/#primaryimage\",\"url\":\"https:\/\/sites.ecclesia.pt\/loc-mtc\/wp-content\/uploads\/2016\/09\/Logo-MMTC-e1585307595363.gif\",\"contentUrl\":\"https:\/\/sites.ecclesia.pt\/loc-mtc\/wp-content\/uploads\/2016\/09\/Logo-MMTC-e1585307595363.gif\",\"width\":150,\"height\":150},{\"@type\":\"BreadcrumbList\",\"@id\":\"https:\/\/sites.ecclesia.pt\/loc-mtc\/stop-ao-virus\/#breadcrumb\",\"itemListElement\":[{\"@type\":\"ListItem\",\"position\":1,\"name\":\"Home\",\"item\":\"https:\/\/sites.ecclesia.pt\/loc-mtc\/\"},{\"@type\":\"ListItem\",\"position\":2,\"name\":\"STOP ao V\u00edrus\"}]},{\"@type\":\"WebSite\",\"@id\":\"https:\/\/sites.ecclesia.pt\/loc-mtc\/#website\",\"url\":\"https:\/\/sites.ecclesia.pt\/loc-mtc\/\",\"name\":\"LOC-MTC\",\"description\":\"Liga Oper\u00e1ria Cat\u00f3lica \u2013 Movimento de Trabalhadores Crist\u00e3os\",\"publisher\":{\"@id\":\"https:\/\/sites.ecclesia.pt\/loc-mtc\/#organization\"},\"potentialAction\":[{\"@type\":\"SearchAction\",\"target\":{\"@type\":\"EntryPoint\",\"urlTemplate\":\"https:\/\/sites.ecclesia.pt\/loc-mtc\/?s={search_term_string}\"},\"query-input\":{\"@type\":\"PropertyValueSpecification\",\"valueRequired\":true,\"valueName\":\"search_term_string\"}}],\"inLanguage\":\"pt-PT\"},{\"@type\":\"Organization\",\"@id\":\"https:\/\/sites.ecclesia.pt\/loc-mtc\/#organization\",\"name\":\"LOC\/MTC - Liga Oper\u00e1ria Cat\u00f3lica\/Movimento dos Trabalhadores Crist\u00e3os\",\"alternateName\":\"LOC\/MTC\",\"url\":\"https:\/\/sites.ecclesia.pt\/loc-mtc\/\",\"logo\":{\"@type\":\"ImageObject\",\"inLanguage\":\"pt-PT\",\"@id\":\"https:\/\/sites.ecclesia.pt\/loc-mtc\/#\/schema\/logo\/image\/\",\"url\":\"https:\/\/sites.ecclesia.pt\/loc-mtc\/wp-content\/uploads\/2021\/07\/loc-mtc-fb.jpg\",\"contentUrl\":\"https:\/\/sites.ecclesia.pt\/loc-mtc\/wp-content\/uploads\/2021\/07\/loc-mtc-fb.jpg\",\"width\":583,\"height\":552,\"caption\":\"LOC\/MTC - Liga Oper\u00e1ria Cat\u00f3lica\/Movimento dos Trabalhadores Crist\u00e3os\"},\"image\":{\"@id\":\"https:\/\/sites.ecclesia.pt\/loc-mtc\/#\/schema\/logo\/image\/\"}},{\"@type\":\"Person\",\"@id\":\"https:\/\/sites.ecclesia.pt\/loc-mtc\/#\/schema\/person\/8ba13a346b282ac81bddb0740218c156\",\"name\":\"LOC-MTC\",\"image\":{\"@type\":\"ImageObject\",\"inLanguage\":\"pt-PT\",\"@id\":\"https:\/\/sites.ecclesia.pt\/loc-mtc\/#\/schema\/person\/image\/\",\"url\":\"https:\/\/secure.gravatar.com\/avatar\/381f263bbf1376baf59211319cecf05597b65a26b86db6798bf393c99c999ed9?s=96&d=mm&r=g\",\"contentUrl\":\"https:\/\/secure.gravatar.com\/avatar\/381f263bbf1376baf59211319cecf05597b65a26b86db6798bf393c99c999ed9?s=96&d=mm&r=g\",\"caption\":\"LOC-MTC\"},\"sameAs\":[\"http:\/\/www.ecclesia.pt\/loc-mtc\"]}]}<\/script>\n<!-- \/ Yoast SEO plugin. -->","yoast_head_json":{"title":"STOP ao V\u00edrus - LOC-MTC","robots":{"index":"index","follow":"follow","max-snippet":"max-snippet:-1","max-image-preview":"max-image-preview:large","max-video-preview":"max-video-preview:-1"},"canonical":"https:\/\/sites.ecclesia.pt\/loc-mtc\/stop-ao-virus\/","og_locale":"pt_PT","og_type":"article","og_title":"STOP ao V\u00edrus - LOC-MTC","og_description":"O mundo est\u00e1 de pernas para o ar! O planeta est\u00e1 em p\u00e2nico! E tudo isto devido a um pequeno e indiscrit\u00edvel v\u00edrus que ataca tanto a ricos como a pobres, que cruza fronteiras sem \u201cprecisar de mostrar papeis\u201d! E este pequeno v\u00edrus inodoro e incolor \u00e9 mais forte do que qualquer campanha medi\u00e1tica ou [&hellip;]","og_url":"https:\/\/sites.ecclesia.pt\/loc-mtc\/stop-ao-virus\/","og_site_name":"LOC-MTC","article_published_time":"2020-03-27T11:11:13+00:00","article_modified_time":"2020-03-27T11:13:45+00:00","og_image":[{"width":150,"height":150,"url":"https:\/\/sites.ecclesia.pt\/loc-mtc\/wp-content\/uploads\/2016\/09\/Logo-MMTC-e1585307595363.gif","type":"image\/gif"}],"author":"LOC-MTC","twitter_card":"summary_large_image","twitter_misc":{"Escrito por":"LOC-MTC","Tempo estimado de leitura":"6 minutos"},"schema":{"@context":"https:\/\/schema.org","@graph":[{"@type":"Article","@id":"https:\/\/sites.ecclesia.pt\/loc-mtc\/stop-ao-virus\/#article","isPartOf":{"@id":"https:\/\/sites.ecclesia.pt\/loc-mtc\/stop-ao-virus\/"},"author":{"name":"LOC-MTC","@id":"https:\/\/sites.ecclesia.pt\/loc-mtc\/#\/schema\/person\/8ba13a346b282ac81bddb0740218c156"},"headline":"STOP ao V\u00edrus","datePublished":"2020-03-27T11:11:13+00:00","dateModified":"2020-03-27T11:13:45+00:00","mainEntityOfPage":{"@id":"https:\/\/sites.ecclesia.pt\/loc-mtc\/stop-ao-virus\/"},"wordCount":1149,"publisher":{"@id":"https:\/\/sites.ecclesia.pt\/loc-mtc\/#organization"},"image":{"@id":"https:\/\/sites.ecclesia.pt\/loc-mtc\/stop-ao-virus\/#primaryimage"},"thumbnailUrl":"https:\/\/sites.ecclesia.pt\/loc-mtc\/wp-content\/uploads\/2016\/09\/Logo-MMTC-e1585307595363.gif","articleSection":["Not\u00edcias"],"inLanguage":"pt-PT"},{"@type":"WebPage","@id":"https:\/\/sites.ecclesia.pt\/loc-mtc\/stop-ao-virus\/","url":"https:\/\/sites.ecclesia.pt\/loc-mtc\/stop-ao-virus\/","name":"STOP ao V\u00edrus - LOC-MTC","isPartOf":{"@id":"https:\/\/sites.ecclesia.pt\/loc-mtc\/#website"},"primaryImageOfPage":{"@id":"https:\/\/sites.ecclesia.pt\/loc-mtc\/stop-ao-virus\/#primaryimage"},"image":{"@id":"https:\/\/sites.ecclesia.pt\/loc-mtc\/stop-ao-virus\/#primaryimage"},"thumbnailUrl":"https:\/\/sites.ecclesia.pt\/loc-mtc\/wp-content\/uploads\/2016\/09\/Logo-MMTC-e1585307595363.gif","datePublished":"2020-03-27T11:11:13+00:00","dateModified":"2020-03-27T11:13:45+00:00","breadcrumb":{"@id":"https:\/\/sites.ecclesia.pt\/loc-mtc\/stop-ao-virus\/#breadcrumb"},"inLanguage":"pt-PT","potentialAction":[{"@type":"ReadAction","target":["https:\/\/sites.ecclesia.pt\/loc-mtc\/stop-ao-virus\/"]}]},{"@type":"ImageObject","inLanguage":"pt-PT","@id":"https:\/\/sites.ecclesia.pt\/loc-mtc\/stop-ao-virus\/#primaryimage","url":"https:\/\/sites.ecclesia.pt\/loc-mtc\/wp-content\/uploads\/2016\/09\/Logo-MMTC-e1585307595363.gif","contentUrl":"https:\/\/sites.ecclesia.pt\/loc-mtc\/wp-content\/uploads\/2016\/09\/Logo-MMTC-e1585307595363.gif","width":150,"height":150},{"@type":"BreadcrumbList","@id":"https:\/\/sites.ecclesia.pt\/loc-mtc\/stop-ao-virus\/#breadcrumb","itemListElement":[{"@type":"ListItem","position":1,"name":"Home","item":"https:\/\/sites.ecclesia.pt\/loc-mtc\/"},{"@type":"ListItem","position":2,"name":"STOP ao V\u00edrus"}]},{"@type":"WebSite","@id":"https:\/\/sites.ecclesia.pt\/loc-mtc\/#website","url":"https:\/\/sites.ecclesia.pt\/loc-mtc\/","name":"LOC-MTC","description":"Liga Oper\u00e1ria Cat\u00f3lica \u2013 Movimento de Trabalhadores Crist\u00e3os","publisher":{"@id":"https:\/\/sites.ecclesia.pt\/loc-mtc\/#organization"},"potentialAction":[{"@type":"SearchAction","target":{"@type":"EntryPoint","urlTemplate":"https:\/\/sites.ecclesia.pt\/loc-mtc\/?s={search_term_string}"},"query-input":{"@type":"PropertyValueSpecification","valueRequired":true,"valueName":"search_term_string"}}],"inLanguage":"pt-PT"},{"@type":"Organization","@id":"https:\/\/sites.ecclesia.pt\/loc-mtc\/#organization","name":"LOC\/MTC - Liga Oper\u00e1ria Cat\u00f3lica\/Movimento dos Trabalhadores Crist\u00e3os","alternateName":"LOC\/MTC","url":"https:\/\/sites.ecclesia.pt\/loc-mtc\/","logo":{"@type":"ImageObject","inLanguage":"pt-PT","@id":"https:\/\/sites.ecclesia.pt\/loc-mtc\/#\/schema\/logo\/image\/","url":"https:\/\/sites.ecclesia.pt\/loc-mtc\/wp-content\/uploads\/2021\/07\/loc-mtc-fb.jpg","contentUrl":"https:\/\/sites.ecclesia.pt\/loc-mtc\/wp-content\/uploads\/2021\/07\/loc-mtc-fb.jpg","width":583,"height":552,"caption":"LOC\/MTC - Liga Oper\u00e1ria Cat\u00f3lica\/Movimento dos Trabalhadores Crist\u00e3os"},"image":{"@id":"https:\/\/sites.ecclesia.pt\/loc-mtc\/#\/schema\/logo\/image\/"}},{"@type":"Person","@id":"https:\/\/sites.ecclesia.pt\/loc-mtc\/#\/schema\/person\/8ba13a346b282ac81bddb0740218c156","name":"LOC-MTC","image":{"@type":"ImageObject","inLanguage":"pt-PT","@id":"https:\/\/sites.ecclesia.pt\/loc-mtc\/#\/schema\/person\/image\/","url":"https:\/\/secure.gravatar.com\/avatar\/381f263bbf1376baf59211319cecf05597b65a26b86db6798bf393c99c999ed9?s=96&d=mm&r=g","contentUrl":"https:\/\/secure.gravatar.com\/avatar\/381f263bbf1376baf59211319cecf05597b65a26b86db6798bf393c99c999ed9?s=96&d=mm&r=g","caption":"LOC-MTC"},"sameAs":["http:\/\/www.ecclesia.pt\/loc-mtc"]}]}},"_links":{"self":[{"href":"https:\/\/sites.ecclesia.pt\/loc-mtc\/wp-json\/wp\/v2\/posts\/2091","targetHints":{"allow":["GET"]}}],"collection":[{"href":"https:\/\/sites.ecclesia.pt\/loc-mtc\/wp-json\/wp\/v2\/posts"}],"about":[{"href":"https:\/\/sites.ecclesia.pt\/loc-mtc\/wp-json\/wp\/v2\/types\/post"}],"author":[{"embeddable":true,"href":"https:\/\/sites.ecclesia.pt\/loc-mtc\/wp-json\/wp\/v2\/users\/2"}],"replies":[{"embeddable":true,"href":"https:\/\/sites.ecclesia.pt\/loc-mtc\/wp-json\/wp\/v2\/comments?post=2091"}],"version-history":[{"count":1,"href":"https:\/\/sites.ecclesia.pt\/loc-mtc\/wp-json\/wp\/v2\/posts\/2091\/revisions"}],"predecessor-version":[{"id":2092,"href":"https:\/\/sites.ecclesia.pt\/loc-mtc\/wp-json\/wp\/v2\/posts\/2091\/revisions\/2092"}],"wp:featuredmedia":[{"embeddable":true,"href":"https:\/\/sites.ecclesia.pt\/loc-mtc\/wp-json\/wp\/v2\/media\/1701"}],"wp:attachment":[{"href":"https:\/\/sites.ecclesia.pt\/loc-mtc\/wp-json\/wp\/v2\/media?parent=2091"}],"wp:term":[{"taxonomy":"category","embeddable":true,"href":"https:\/\/sites.ecclesia.pt\/loc-mtc\/wp-json\/wp\/v2\/categories?post=2091"},{"taxonomy":"post_tag","embeddable":true,"href":"https:\/\/sites.ecclesia.pt\/loc-mtc\/wp-json\/wp\/v2\/tags?post=2091"}],"curies":[{"name":"wp","href":"https:\/\/api.w.org\/{rel}","templated":true}]}}