{"id":2094,"date":"2020-04-13T09:15:25","date_gmt":"2020-04-13T09:15:25","guid":{"rendered":"http:\/\/sites.ecclesia.pt\/loc-mtc\/?p=2094"},"modified":"2020-04-13T09:15:25","modified_gmt":"2020-04-13T09:15:25","slug":"carta-do-papa-francisco-aos-irmaos-e-irmas-dos-movimentos-e-organizacoes-populares","status":"publish","type":"post","link":"https:\/\/sites.ecclesia.pt\/loc-mtc\/carta-do-papa-francisco-aos-irmaos-e-irmas-dos-movimentos-e-organizacoes-populares\/","title":{"rendered":"Carta do Papa Francisco aos Irm\u00e3os e Irm\u00e3s dos Movimentos e Organiza\u00e7\u00f5es populares"},"content":{"rendered":"<p>Aos irm\u00e3os e irm\u00e3s dos movimentos e organiza\u00e7\u00f5es populares.<\/p>\n<p>Queridos amigos,<\/p>\n<p>Lembro-me com frequ\u00eancia de nossos encontros: dois no Vaticano e um em Santa Cruz de la Sierra e confesso que essa &#8220;mem\u00f3ria&#8221; me faz bem, me aproxima de voc\u00eas, me faz repensar em tantos di\u00e1logos durante esses encontros e em tantas esperan\u00e7as que ali nasceram e cresceram e muitos delas se tornaram realidade. Agora, no meio dessa pandemia, eu me lembro de voc\u00eas de uma maneira especial e quero estar perto de voc\u00eas.<\/p>\n<p>Nestes dias de tanta ang\u00fastia e dificuldade, muitos se referiram \u00e0 pandemia que sofremos com met\u00e1foras b\u00e9licas. Se a luta contra o COVID-19 \u00e9 uma guerra, voc\u00eas s\u00e3o um verdadeiro ex\u00e9rcito invis\u00edvel que luta nas trincheiras mais perigosas. Um ex\u00e9rcito sem outra arma sen\u00e3o a solidariedade, a esperan\u00e7a e o sentido da comunidade que reverdecem nos dias de hoje em que ningu\u00e9m se salva sozinho. Voc\u00eas s\u00e3o para mim, como lhes disse em nossas reuni\u00f5es, verdadeiros poetas sociais, que desde as periferias esquecidas criam solu\u00e7\u00f5es dignas para os problemas mais prementes dos exclu\u00eddos.<\/p>\n<p>Eu sei que muitas vezes voc\u00eas n\u00e3o s\u00e3o reconhecidos adequadamente porque, para este sistema, s\u00e3o verdadeiramente invis\u00edveis. As solu\u00e7\u00f5es do mercado n\u00e3o chegam \u00e0s periferias e a presen\u00e7a protetora do Estado \u00e9 escassa. Nem voc\u00eas t\u00eam os recursos para realizar as fun\u00e7\u00f5es pr\u00f3prias do Estado. Voc\u00eas s\u00e3o vistos com suspeita por superarem a mera filantropia por meio da organiza\u00e7\u00e3o comunit\u00e1ria ou por reivindicarem seus direitos, em vez de ficarem resignados \u00e0 espera de ver se alguma migalha cai daqueles que det\u00eam o poder econ\u00f4mico. Muitas vezes mastigam raiva e impot\u00eancia quando veem as desigualdades que persistem mesmo quando terminam todas as desculpas para sustentar privil\u00e9gios. No entanto, voc\u00eas n\u00e3o se encerram na den\u00fancia: arrega\u00e7am as mangas e continuam a trabalhar para suas fam\u00edlias, seus bairros, para o bem comum. Essa atitude de voc\u00eas me ajuda, questiona e ensina muito.<\/p>\n<p>Penso nas pessoas, especialmente mulheres, que multiplicam o p\u00e3o nos refeit\u00f3rios comunit\u00e1rios, cozinhando com duas cebolas e um pacote de arroz um delicioso guisado para centenas de crian\u00e7as, penso nos doentes, penso nos idosos. Elas nunca aparecem na m\u00eddia convencional. Tampouco os camponeses e os agricultores familiares, que continuam a trabalhar para produzir alimentos saud\u00e1veis, sem destruir a natureza, sem monopoliz\u00e1-los ou especular com a necessidade do povo. Quero que saibam que nosso Pai Celestial olha para voc\u00eas, vos valoriza, reconhece e fortalece em sua escolha. Qu\u00e3o dif\u00edcil \u00e9 ficar em casa para quem mora em uma pequena casa prec\u00e1ria ou para quem de fato n\u00e3o tem teto. Qu\u00e3o dif\u00edcil \u00e9 para os migrantes, as pessoas privadas de liberdade ou para aqueles que realizam um processo de cura para depend\u00eancias. Voc\u00eas est\u00e3o l\u00e1, colocando seu corpo ao lado deles, para tornar as coisas menos dif\u00edceis, menos dolorosas. Congratulo a voc\u00eas e agrade\u00e7o do fundo do meu cora\u00e7\u00e3o. Espero que os governos entendam que os paradigmas tecnocr\u00e1ticos (sejam centrados no estado, sejam centrados no mercado) n\u00e3o s\u00e3o suficientes para enfrentar esta crise e nem os outros problemas importantes da humanidade. Agora, mais do que nunca, s\u00e3o as pessoas, as comunidades, os povos que devem estar no centro, unidos para curar, cuidar, compartilhar.<\/p>\n<p>Eu sei que voc\u00eas foram exclu\u00eddos dos benef\u00edcios da globaliza\u00e7\u00e3o. N\u00e3o desfrutam daqueles prazeres superficiais que anestesiam tantas consci\u00eancias. Apesar disso, voc\u00eas sempre sofrem os danos dessa globaliza\u00e7\u00e3o. Os males que afligem a todos, a voc\u00eas atingem duplamente. Muitos de voc\u00eas vivem o dia a dia sem nenhum tipo de garantias legais que os protejam. Os vendedores ambulantes, os recicladores, os feirantes, os pequenos agricultores, os pedreiros, as costureiras, os que realizam diferentes tarefas de cuidado. Voc\u00eas, trabalhadores informais, independentes ou da economia popular, n\u00e3o t\u00eam um sal\u00e1rio est\u00e1vel para resistir a esse momento &#8230; e as quarentenas s\u00e3o insuport\u00e1veis para voc\u00eas. Talvez seja a hora de pensar em um sal\u00e1rio universal que reconhe\u00e7a e dignifique as tarefas nobres e insubstitu\u00edveis que voc\u00eas realizam; capaz de garantir e tornar realidade esse slogan t\u00e3o humano e crist\u00e3o: nenhum trabalhador sem direitos.<\/p>\n<p>Tamb\u00e9m gostaria de convid\u00e1-los a pensar no &#8220;depois&#8221;, porque esta tempestade vai acabar e suas s\u00e9rias consequ\u00eancias j\u00e1 est\u00e3o sendo sentidas. Voc\u00eas n\u00e3o s\u00e3o uns improvisados, t\u00eam a cultura, a metodologia, mas principalmente a sabedoria que \u00e9 amassada com o fermento de sentir a dor do outro como sua. Quero que pensemos no projeto de desenvolvimento humano integral que ansiamos, focado no protagonismo dos Povos em toda a sua diversidade e no acesso universal aos tr\u00eas T que voc\u00eas defendem: terra e comida, teto e trabalho. Espero que esse momento de perigo nos tire do piloto autom\u00e1tico, sacuda nossas consci\u00eancias adormecidas e permita uma convers\u00e3o human\u00edstica e ecol\u00f3gica que termine com a idolatria do dinheiro e coloque a dignidade e a vida no centro. Nossa civiliza\u00e7\u00e3o, t\u00e3o competitiva e individualista, com suas taxas fren\u00e9ticas de produ\u00e7\u00e3o e consumo, seus luxos excessivos e lucros desmedidos para poucos, precisa mudar, se repensar, se regenerar. Voc\u00eas s\u00e3o construtores indispens\u00e1veis dessa mudan\u00e7a urgente; al\u00e9m disso, voc\u00eas possuem uma voz autorizada para testemunhar que isso \u00e9 poss\u00edvel. Voc\u00eas conhecem crises e priva\u00e7\u00f5es &#8230; que com mod\u00e9stia, dignidade, comprometimento, esfor\u00e7o e solidariedade, conseguem transformar em uma promessa de vida para suas fam\u00edlias e comunidades.<\/p>\n<p>Mantenham vossa luta e cuidem-se como irm\u00e3os. Oro por voc\u00eas, oro com voc\u00eas e quero pedir ao nosso Deus Pai que os aben\u00e7oe, encha voc\u00eas com o seu amor e os defenda ao longo do caminho, dando-lhes a for\u00e7a que nos mant\u00e9m vivos e n\u00e3o desaponta: a esperan\u00e7a. Por favor, orem por mim que eu tamb\u00e9m preciso.<\/p>\n<p>Fraternalmente,<\/p>\n<p>Cidade do Vaticano, 12 de abril de 2020,<\/p>\n<p>Domingo de P\u00e1scoa.<\/p>\n<div class=\"canvasWrapper\"><\/div>\n","protected":false},"excerpt":{"rendered":"<p>Aos irm\u00e3os e irm\u00e3s dos movimentos e organiza\u00e7\u00f5es populares. Queridos amigos, Lembro-me com frequ\u00eancia de nossos encontros: dois no Vaticano e um em Santa Cruz de la Sierra e confesso que essa &#8220;mem\u00f3ria&#8221; me faz bem, me aproxima de voc\u00eas, me faz repensar em tantos di\u00e1logos durante esses encontros e em tantas esperan\u00e7as que ali [&hellip;]<\/p>\n","protected":false},"author":2,"featured_media":2095,"comment_status":"closed","ping_status":"closed","sticky":false,"template":"","format":"standard","meta":{"_et_pb_use_builder":"","_et_pb_old_content":"","_et_gb_content_width":"","footnotes":""},"categories":[2],"tags":[],"class_list":["post-2094","post","type-post","status-publish","format-standard","has-post-thumbnail","hentry","category-noticias"],"yoast_head":"<!-- This site is optimized with the Yoast SEO plugin v26.9 - https:\/\/yoast.com\/product\/yoast-seo-wordpress\/ -->\n<title>Carta do Papa Francisco aos Irm\u00e3os e Irm\u00e3s dos Movimentos e Organiza\u00e7\u00f5es populares - LOC-MTC<\/title>\n<meta name=\"robots\" content=\"index, follow, max-snippet:-1, max-image-preview:large, max-video-preview:-1\" \/>\n<link rel=\"canonical\" href=\"https:\/\/sites.ecclesia.pt\/loc-mtc\/carta-do-papa-francisco-aos-irmaos-e-irmas-dos-movimentos-e-organizacoes-populares\/\" \/>\n<meta property=\"og:locale\" content=\"pt_PT\" \/>\n<meta property=\"og:type\" content=\"article\" \/>\n<meta property=\"og:title\" content=\"Carta do Papa Francisco aos Irm\u00e3os e Irm\u00e3s dos Movimentos e Organiza\u00e7\u00f5es populares - LOC-MTC\" \/>\n<meta property=\"og:description\" content=\"Aos irm\u00e3os e irm\u00e3s dos movimentos e organiza\u00e7\u00f5es populares. Queridos amigos, Lembro-me com frequ\u00eancia de nossos encontros: dois no Vaticano e um em Santa Cruz de la Sierra e confesso que essa &#8220;mem\u00f3ria&#8221; me faz bem, me aproxima de voc\u00eas, me faz repensar em tantos di\u00e1logos durante esses encontros e em tantas esperan\u00e7as que ali [&hellip;]\" \/>\n<meta property=\"og:url\" content=\"https:\/\/sites.ecclesia.pt\/loc-mtc\/carta-do-papa-francisco-aos-irmaos-e-irmas-dos-movimentos-e-organizacoes-populares\/\" \/>\n<meta property=\"og:site_name\" content=\"LOC-MTC\" \/>\n<meta property=\"article:published_time\" content=\"2020-04-13T09:15:25+00:00\" \/>\n<meta property=\"og:image\" content=\"https:\/\/sites.ecclesia.pt\/loc-mtc\/wp-content\/uploads\/2020\/04\/x87823745_This-photo-taken-and-handout-on-April-12-2020-by-the-Vatican-Media-shows-Pope-Francis-read.jpg.pagespeed.ic_.iG6glwrB_i.jpg\" \/>\n\t<meta property=\"og:image:width\" content=\"1086\" \/>\n\t<meta property=\"og:image:height\" content=\"652\" \/>\n\t<meta property=\"og:image:type\" content=\"image\/jpeg\" \/>\n<meta name=\"author\" content=\"LOC-MTC\" \/>\n<meta name=\"twitter:card\" content=\"summary_large_image\" \/>\n<meta name=\"twitter:label1\" content=\"Escrito por\" \/>\n\t<meta name=\"twitter:data1\" content=\"LOC-MTC\" \/>\n\t<meta name=\"twitter:label2\" content=\"Tempo estimado de leitura\" \/>\n\t<meta name=\"twitter:data2\" content=\"5 minutos\" \/>\n<script type=\"application\/ld+json\" class=\"yoast-schema-graph\">{\"@context\":\"https:\/\/schema.org\",\"@graph\":[{\"@type\":\"Article\",\"@id\":\"https:\/\/sites.ecclesia.pt\/loc-mtc\/carta-do-papa-francisco-aos-irmaos-e-irmas-dos-movimentos-e-organizacoes-populares\/#article\",\"isPartOf\":{\"@id\":\"https:\/\/sites.ecclesia.pt\/loc-mtc\/carta-do-papa-francisco-aos-irmaos-e-irmas-dos-movimentos-e-organizacoes-populares\/\"},\"author\":{\"name\":\"LOC-MTC\",\"@id\":\"https:\/\/sites.ecclesia.pt\/loc-mtc\/#\/schema\/person\/8ba13a346b282ac81bddb0740218c156\"},\"headline\":\"Carta do Papa Francisco aos Irm\u00e3os e Irm\u00e3s dos Movimentos e Organiza\u00e7\u00f5es populares\",\"datePublished\":\"2020-04-13T09:15:25+00:00\",\"mainEntityOfPage\":{\"@id\":\"https:\/\/sites.ecclesia.pt\/loc-mtc\/carta-do-papa-francisco-aos-irmaos-e-irmas-dos-movimentos-e-organizacoes-populares\/\"},\"wordCount\":1082,\"publisher\":{\"@id\":\"https:\/\/sites.ecclesia.pt\/loc-mtc\/#organization\"},\"image\":{\"@id\":\"https:\/\/sites.ecclesia.pt\/loc-mtc\/carta-do-papa-francisco-aos-irmaos-e-irmas-dos-movimentos-e-organizacoes-populares\/#primaryimage\"},\"thumbnailUrl\":\"https:\/\/sites.ecclesia.pt\/loc-mtc\/wp-content\/uploads\/2020\/04\/x87823745_This-photo-taken-and-handout-on-April-12-2020-by-the-Vatican-Media-shows-Pope-Francis-read.jpg.pagespeed.ic_.iG6glwrB_i.jpg\",\"articleSection\":[\"Not\u00edcias\"],\"inLanguage\":\"pt-PT\"},{\"@type\":\"WebPage\",\"@id\":\"https:\/\/sites.ecclesia.pt\/loc-mtc\/carta-do-papa-francisco-aos-irmaos-e-irmas-dos-movimentos-e-organizacoes-populares\/\",\"url\":\"https:\/\/sites.ecclesia.pt\/loc-mtc\/carta-do-papa-francisco-aos-irmaos-e-irmas-dos-movimentos-e-organizacoes-populares\/\",\"name\":\"Carta do Papa Francisco aos Irm\u00e3os e Irm\u00e3s dos Movimentos e Organiza\u00e7\u00f5es populares - LOC-MTC\",\"isPartOf\":{\"@id\":\"https:\/\/sites.ecclesia.pt\/loc-mtc\/#website\"},\"primaryImageOfPage\":{\"@id\":\"https:\/\/sites.ecclesia.pt\/loc-mtc\/carta-do-papa-francisco-aos-irmaos-e-irmas-dos-movimentos-e-organizacoes-populares\/#primaryimage\"},\"image\":{\"@id\":\"https:\/\/sites.ecclesia.pt\/loc-mtc\/carta-do-papa-francisco-aos-irmaos-e-irmas-dos-movimentos-e-organizacoes-populares\/#primaryimage\"},\"thumbnailUrl\":\"https:\/\/sites.ecclesia.pt\/loc-mtc\/wp-content\/uploads\/2020\/04\/x87823745_This-photo-taken-and-handout-on-April-12-2020-by-the-Vatican-Media-shows-Pope-Francis-read.jpg.pagespeed.ic_.iG6glwrB_i.jpg\",\"datePublished\":\"2020-04-13T09:15:25+00:00\",\"breadcrumb\":{\"@id\":\"https:\/\/sites.ecclesia.pt\/loc-mtc\/carta-do-papa-francisco-aos-irmaos-e-irmas-dos-movimentos-e-organizacoes-populares\/#breadcrumb\"},\"inLanguage\":\"pt-PT\",\"potentialAction\":[{\"@type\":\"ReadAction\",\"target\":[\"https:\/\/sites.ecclesia.pt\/loc-mtc\/carta-do-papa-francisco-aos-irmaos-e-irmas-dos-movimentos-e-organizacoes-populares\/\"]}]},{\"@type\":\"ImageObject\",\"inLanguage\":\"pt-PT\",\"@id\":\"https:\/\/sites.ecclesia.pt\/loc-mtc\/carta-do-papa-francisco-aos-irmaos-e-irmas-dos-movimentos-e-organizacoes-populares\/#primaryimage\",\"url\":\"https:\/\/sites.ecclesia.pt\/loc-mtc\/wp-content\/uploads\/2020\/04\/x87823745_This-photo-taken-and-handout-on-April-12-2020-by-the-Vatican-Media-shows-Pope-Francis-read.jpg.pagespeed.ic_.iG6glwrB_i.jpg\",\"contentUrl\":\"https:\/\/sites.ecclesia.pt\/loc-mtc\/wp-content\/uploads\/2020\/04\/x87823745_This-photo-taken-and-handout-on-April-12-2020-by-the-Vatican-Media-shows-Pope-Francis-read.jpg.pagespeed.ic_.iG6glwrB_i.jpg\",\"width\":1086,\"height\":652},{\"@type\":\"BreadcrumbList\",\"@id\":\"https:\/\/sites.ecclesia.pt\/loc-mtc\/carta-do-papa-francisco-aos-irmaos-e-irmas-dos-movimentos-e-organizacoes-populares\/#breadcrumb\",\"itemListElement\":[{\"@type\":\"ListItem\",\"position\":1,\"name\":\"Home\",\"item\":\"https:\/\/sites.ecclesia.pt\/loc-mtc\/\"},{\"@type\":\"ListItem\",\"position\":2,\"name\":\"Carta do Papa Francisco aos Irm\u00e3os e Irm\u00e3s dos Movimentos e Organiza\u00e7\u00f5es populares\"}]},{\"@type\":\"WebSite\",\"@id\":\"https:\/\/sites.ecclesia.pt\/loc-mtc\/#website\",\"url\":\"https:\/\/sites.ecclesia.pt\/loc-mtc\/\",\"name\":\"LOC-MTC\",\"description\":\"Liga Oper\u00e1ria Cat\u00f3lica \u2013 Movimento de Trabalhadores Crist\u00e3os\",\"publisher\":{\"@id\":\"https:\/\/sites.ecclesia.pt\/loc-mtc\/#organization\"},\"potentialAction\":[{\"@type\":\"SearchAction\",\"target\":{\"@type\":\"EntryPoint\",\"urlTemplate\":\"https:\/\/sites.ecclesia.pt\/loc-mtc\/?s={search_term_string}\"},\"query-input\":{\"@type\":\"PropertyValueSpecification\",\"valueRequired\":true,\"valueName\":\"search_term_string\"}}],\"inLanguage\":\"pt-PT\"},{\"@type\":\"Organization\",\"@id\":\"https:\/\/sites.ecclesia.pt\/loc-mtc\/#organization\",\"name\":\"LOC\/MTC - Liga Oper\u00e1ria Cat\u00f3lica\/Movimento dos Trabalhadores Crist\u00e3os\",\"alternateName\":\"LOC\/MTC\",\"url\":\"https:\/\/sites.ecclesia.pt\/loc-mtc\/\",\"logo\":{\"@type\":\"ImageObject\",\"inLanguage\":\"pt-PT\",\"@id\":\"https:\/\/sites.ecclesia.pt\/loc-mtc\/#\/schema\/logo\/image\/\",\"url\":\"https:\/\/sites.ecclesia.pt\/loc-mtc\/wp-content\/uploads\/2021\/07\/loc-mtc-fb.jpg\",\"contentUrl\":\"https:\/\/sites.ecclesia.pt\/loc-mtc\/wp-content\/uploads\/2021\/07\/loc-mtc-fb.jpg\",\"width\":583,\"height\":552,\"caption\":\"LOC\/MTC - Liga Oper\u00e1ria Cat\u00f3lica\/Movimento dos Trabalhadores Crist\u00e3os\"},\"image\":{\"@id\":\"https:\/\/sites.ecclesia.pt\/loc-mtc\/#\/schema\/logo\/image\/\"}},{\"@type\":\"Person\",\"@id\":\"https:\/\/sites.ecclesia.pt\/loc-mtc\/#\/schema\/person\/8ba13a346b282ac81bddb0740218c156\",\"name\":\"LOC-MTC\",\"image\":{\"@type\":\"ImageObject\",\"inLanguage\":\"pt-PT\",\"@id\":\"https:\/\/sites.ecclesia.pt\/loc-mtc\/#\/schema\/person\/image\/\",\"url\":\"https:\/\/secure.gravatar.com\/avatar\/381f263bbf1376baf59211319cecf05597b65a26b86db6798bf393c99c999ed9?s=96&d=mm&r=g\",\"contentUrl\":\"https:\/\/secure.gravatar.com\/avatar\/381f263bbf1376baf59211319cecf05597b65a26b86db6798bf393c99c999ed9?s=96&d=mm&r=g\",\"caption\":\"LOC-MTC\"},\"sameAs\":[\"http:\/\/www.ecclesia.pt\/loc-mtc\"]}]}<\/script>\n<!-- \/ Yoast SEO plugin. -->","yoast_head_json":{"title":"Carta do Papa Francisco aos Irm\u00e3os e Irm\u00e3s dos Movimentos e Organiza\u00e7\u00f5es populares - LOC-MTC","robots":{"index":"index","follow":"follow","max-snippet":"max-snippet:-1","max-image-preview":"max-image-preview:large","max-video-preview":"max-video-preview:-1"},"canonical":"https:\/\/sites.ecclesia.pt\/loc-mtc\/carta-do-papa-francisco-aos-irmaos-e-irmas-dos-movimentos-e-organizacoes-populares\/","og_locale":"pt_PT","og_type":"article","og_title":"Carta do Papa Francisco aos Irm\u00e3os e Irm\u00e3s dos Movimentos e Organiza\u00e7\u00f5es populares - LOC-MTC","og_description":"Aos irm\u00e3os e irm\u00e3s dos movimentos e organiza\u00e7\u00f5es populares. Queridos amigos, Lembro-me com frequ\u00eancia de nossos encontros: dois no Vaticano e um em Santa Cruz de la Sierra e confesso que essa &#8220;mem\u00f3ria&#8221; me faz bem, me aproxima de voc\u00eas, me faz repensar em tantos di\u00e1logos durante esses encontros e em tantas esperan\u00e7as que ali [&hellip;]","og_url":"https:\/\/sites.ecclesia.pt\/loc-mtc\/carta-do-papa-francisco-aos-irmaos-e-irmas-dos-movimentos-e-organizacoes-populares\/","og_site_name":"LOC-MTC","article_published_time":"2020-04-13T09:15:25+00:00","og_image":[{"width":1086,"height":652,"url":"https:\/\/sites.ecclesia.pt\/loc-mtc\/wp-content\/uploads\/2020\/04\/x87823745_This-photo-taken-and-handout-on-April-12-2020-by-the-Vatican-Media-shows-Pope-Francis-read.jpg.pagespeed.ic_.iG6glwrB_i.jpg","type":"image\/jpeg"}],"author":"LOC-MTC","twitter_card":"summary_large_image","twitter_misc":{"Escrito por":"LOC-MTC","Tempo estimado de leitura":"5 minutos"},"schema":{"@context":"https:\/\/schema.org","@graph":[{"@type":"Article","@id":"https:\/\/sites.ecclesia.pt\/loc-mtc\/carta-do-papa-francisco-aos-irmaos-e-irmas-dos-movimentos-e-organizacoes-populares\/#article","isPartOf":{"@id":"https:\/\/sites.ecclesia.pt\/loc-mtc\/carta-do-papa-francisco-aos-irmaos-e-irmas-dos-movimentos-e-organizacoes-populares\/"},"author":{"name":"LOC-MTC","@id":"https:\/\/sites.ecclesia.pt\/loc-mtc\/#\/schema\/person\/8ba13a346b282ac81bddb0740218c156"},"headline":"Carta do Papa Francisco aos Irm\u00e3os e Irm\u00e3s dos Movimentos e Organiza\u00e7\u00f5es populares","datePublished":"2020-04-13T09:15:25+00:00","mainEntityOfPage":{"@id":"https:\/\/sites.ecclesia.pt\/loc-mtc\/carta-do-papa-francisco-aos-irmaos-e-irmas-dos-movimentos-e-organizacoes-populares\/"},"wordCount":1082,"publisher":{"@id":"https:\/\/sites.ecclesia.pt\/loc-mtc\/#organization"},"image":{"@id":"https:\/\/sites.ecclesia.pt\/loc-mtc\/carta-do-papa-francisco-aos-irmaos-e-irmas-dos-movimentos-e-organizacoes-populares\/#primaryimage"},"thumbnailUrl":"https:\/\/sites.ecclesia.pt\/loc-mtc\/wp-content\/uploads\/2020\/04\/x87823745_This-photo-taken-and-handout-on-April-12-2020-by-the-Vatican-Media-shows-Pope-Francis-read.jpg.pagespeed.ic_.iG6glwrB_i.jpg","articleSection":["Not\u00edcias"],"inLanguage":"pt-PT"},{"@type":"WebPage","@id":"https:\/\/sites.ecclesia.pt\/loc-mtc\/carta-do-papa-francisco-aos-irmaos-e-irmas-dos-movimentos-e-organizacoes-populares\/","url":"https:\/\/sites.ecclesia.pt\/loc-mtc\/carta-do-papa-francisco-aos-irmaos-e-irmas-dos-movimentos-e-organizacoes-populares\/","name":"Carta do Papa Francisco aos Irm\u00e3os e Irm\u00e3s dos Movimentos e Organiza\u00e7\u00f5es populares - LOC-MTC","isPartOf":{"@id":"https:\/\/sites.ecclesia.pt\/loc-mtc\/#website"},"primaryImageOfPage":{"@id":"https:\/\/sites.ecclesia.pt\/loc-mtc\/carta-do-papa-francisco-aos-irmaos-e-irmas-dos-movimentos-e-organizacoes-populares\/#primaryimage"},"image":{"@id":"https:\/\/sites.ecclesia.pt\/loc-mtc\/carta-do-papa-francisco-aos-irmaos-e-irmas-dos-movimentos-e-organizacoes-populares\/#primaryimage"},"thumbnailUrl":"https:\/\/sites.ecclesia.pt\/loc-mtc\/wp-content\/uploads\/2020\/04\/x87823745_This-photo-taken-and-handout-on-April-12-2020-by-the-Vatican-Media-shows-Pope-Francis-read.jpg.pagespeed.ic_.iG6glwrB_i.jpg","datePublished":"2020-04-13T09:15:25+00:00","breadcrumb":{"@id":"https:\/\/sites.ecclesia.pt\/loc-mtc\/carta-do-papa-francisco-aos-irmaos-e-irmas-dos-movimentos-e-organizacoes-populares\/#breadcrumb"},"inLanguage":"pt-PT","potentialAction":[{"@type":"ReadAction","target":["https:\/\/sites.ecclesia.pt\/loc-mtc\/carta-do-papa-francisco-aos-irmaos-e-irmas-dos-movimentos-e-organizacoes-populares\/"]}]},{"@type":"ImageObject","inLanguage":"pt-PT","@id":"https:\/\/sites.ecclesia.pt\/loc-mtc\/carta-do-papa-francisco-aos-irmaos-e-irmas-dos-movimentos-e-organizacoes-populares\/#primaryimage","url":"https:\/\/sites.ecclesia.pt\/loc-mtc\/wp-content\/uploads\/2020\/04\/x87823745_This-photo-taken-and-handout-on-April-12-2020-by-the-Vatican-Media-shows-Pope-Francis-read.jpg.pagespeed.ic_.iG6glwrB_i.jpg","contentUrl":"https:\/\/sites.ecclesia.pt\/loc-mtc\/wp-content\/uploads\/2020\/04\/x87823745_This-photo-taken-and-handout-on-April-12-2020-by-the-Vatican-Media-shows-Pope-Francis-read.jpg.pagespeed.ic_.iG6glwrB_i.jpg","width":1086,"height":652},{"@type":"BreadcrumbList","@id":"https:\/\/sites.ecclesia.pt\/loc-mtc\/carta-do-papa-francisco-aos-irmaos-e-irmas-dos-movimentos-e-organizacoes-populares\/#breadcrumb","itemListElement":[{"@type":"ListItem","position":1,"name":"Home","item":"https:\/\/sites.ecclesia.pt\/loc-mtc\/"},{"@type":"ListItem","position":2,"name":"Carta do Papa Francisco aos Irm\u00e3os e Irm\u00e3s dos Movimentos e Organiza\u00e7\u00f5es populares"}]},{"@type":"WebSite","@id":"https:\/\/sites.ecclesia.pt\/loc-mtc\/#website","url":"https:\/\/sites.ecclesia.pt\/loc-mtc\/","name":"LOC-MTC","description":"Liga Oper\u00e1ria Cat\u00f3lica \u2013 Movimento de Trabalhadores Crist\u00e3os","publisher":{"@id":"https:\/\/sites.ecclesia.pt\/loc-mtc\/#organization"},"potentialAction":[{"@type":"SearchAction","target":{"@type":"EntryPoint","urlTemplate":"https:\/\/sites.ecclesia.pt\/loc-mtc\/?s={search_term_string}"},"query-input":{"@type":"PropertyValueSpecification","valueRequired":true,"valueName":"search_term_string"}}],"inLanguage":"pt-PT"},{"@type":"Organization","@id":"https:\/\/sites.ecclesia.pt\/loc-mtc\/#organization","name":"LOC\/MTC - Liga Oper\u00e1ria Cat\u00f3lica\/Movimento dos Trabalhadores Crist\u00e3os","alternateName":"LOC\/MTC","url":"https:\/\/sites.ecclesia.pt\/loc-mtc\/","logo":{"@type":"ImageObject","inLanguage":"pt-PT","@id":"https:\/\/sites.ecclesia.pt\/loc-mtc\/#\/schema\/logo\/image\/","url":"https:\/\/sites.ecclesia.pt\/loc-mtc\/wp-content\/uploads\/2021\/07\/loc-mtc-fb.jpg","contentUrl":"https:\/\/sites.ecclesia.pt\/loc-mtc\/wp-content\/uploads\/2021\/07\/loc-mtc-fb.jpg","width":583,"height":552,"caption":"LOC\/MTC - Liga Oper\u00e1ria Cat\u00f3lica\/Movimento dos Trabalhadores Crist\u00e3os"},"image":{"@id":"https:\/\/sites.ecclesia.pt\/loc-mtc\/#\/schema\/logo\/image\/"}},{"@type":"Person","@id":"https:\/\/sites.ecclesia.pt\/loc-mtc\/#\/schema\/person\/8ba13a346b282ac81bddb0740218c156","name":"LOC-MTC","image":{"@type":"ImageObject","inLanguage":"pt-PT","@id":"https:\/\/sites.ecclesia.pt\/loc-mtc\/#\/schema\/person\/image\/","url":"https:\/\/secure.gravatar.com\/avatar\/381f263bbf1376baf59211319cecf05597b65a26b86db6798bf393c99c999ed9?s=96&d=mm&r=g","contentUrl":"https:\/\/secure.gravatar.com\/avatar\/381f263bbf1376baf59211319cecf05597b65a26b86db6798bf393c99c999ed9?s=96&d=mm&r=g","caption":"LOC-MTC"},"sameAs":["http:\/\/www.ecclesia.pt\/loc-mtc"]}]}},"_links":{"self":[{"href":"https:\/\/sites.ecclesia.pt\/loc-mtc\/wp-json\/wp\/v2\/posts\/2094","targetHints":{"allow":["GET"]}}],"collection":[{"href":"https:\/\/sites.ecclesia.pt\/loc-mtc\/wp-json\/wp\/v2\/posts"}],"about":[{"href":"https:\/\/sites.ecclesia.pt\/loc-mtc\/wp-json\/wp\/v2\/types\/post"}],"author":[{"embeddable":true,"href":"https:\/\/sites.ecclesia.pt\/loc-mtc\/wp-json\/wp\/v2\/users\/2"}],"replies":[{"embeddable":true,"href":"https:\/\/sites.ecclesia.pt\/loc-mtc\/wp-json\/wp\/v2\/comments?post=2094"}],"version-history":[{"count":1,"href":"https:\/\/sites.ecclesia.pt\/loc-mtc\/wp-json\/wp\/v2\/posts\/2094\/revisions"}],"predecessor-version":[{"id":2096,"href":"https:\/\/sites.ecclesia.pt\/loc-mtc\/wp-json\/wp\/v2\/posts\/2094\/revisions\/2096"}],"wp:featuredmedia":[{"embeddable":true,"href":"https:\/\/sites.ecclesia.pt\/loc-mtc\/wp-json\/wp\/v2\/media\/2095"}],"wp:attachment":[{"href":"https:\/\/sites.ecclesia.pt\/loc-mtc\/wp-json\/wp\/v2\/media?parent=2094"}],"wp:term":[{"taxonomy":"category","embeddable":true,"href":"https:\/\/sites.ecclesia.pt\/loc-mtc\/wp-json\/wp\/v2\/categories?post=2094"},{"taxonomy":"post_tag","embeddable":true,"href":"https:\/\/sites.ecclesia.pt\/loc-mtc\/wp-json\/wp\/v2\/tags?post=2094"}],"curies":[{"name":"wp","href":"https:\/\/api.w.org\/{rel}","templated":true}]}}