{"id":2098,"date":"2020-04-22T12:28:40","date_gmt":"2020-04-22T12:28:40","guid":{"rendered":"http:\/\/sites.ecclesia.pt\/loc-mtc\/?p=2098"},"modified":"2020-04-22T12:28:40","modified_gmt":"2020-04-22T12:28:40","slug":"trabalhadores-uma-mesa-e-casa-comum-em-justica-e-solidariedade","status":"publish","type":"post","link":"https:\/\/sites.ecclesia.pt\/loc-mtc\/trabalhadores-uma-mesa-e-casa-comum-em-justica-e-solidariedade\/","title":{"rendered":"Trabalhadores: uma Mesa e Casa Comum em Justi\u00e7a e Solidariedade"},"content":{"rendered":"<p>No 1\u00ba de Maio, Dia Internacional dos Trabalhadores, como Movimento Mundial de Trabalhadores Crist\u00e3os comemoramos:<\/p>\n<p>O gesto libertador dos oper\u00e1rios de Chicago, na Am\u00e9rica, <strong>em 1884<\/strong>, que com a sua jornada de protestos, greves e boicotes, de 1 a 4 de Maio, reivindicaram uma jornada laboral de 8 horas di\u00e1rias: <em>\u201c<strong>oito horas para o trabalho, oito horas para a fam\u00edlia e oito horas para o descanso<\/strong>\u201d<\/em> \u2013 Federa\u00e7\u00e3o Americana para o Trabalho.<\/p>\n<p>E o nosso compromisso, como movimentos de trabalhadores crist\u00e3os, de continuar articulado com as lutas de todos os trabalhadores do campo e da cidade, na prossecu\u00e7\u00e3o de uma <strong>Vida Digna para todos as pessoas, expressa <\/strong>em jornadas de trabalho digno, em sal\u00e1rios justos e em condi\u00e7\u00f5es legais e humanas nos v\u00e1rios ambientes de trabalho.<\/p>\n<p>Como MMTC vemos, analisamos e agimos a partir dos nossos m\u00faltiplos olhares, saberes, experi\u00eancias e compromissos, imersos nesta sociedade marcada, principalmente, por dois modelos de vida que se contrap\u00f5em:<\/p>\n<p><strong>1 \u2013 A ECONOMIA CAPITALISTA MUNDIAL<\/strong> \u2013 Que renovando as suas estrat\u00e9gias de domina\u00e7\u00e3o e submetimento imp\u00f5e-se-nos cada vez mais de maneira brutal e selvagem. As suas caracter\u00edsticas mais vis\u00edveis s\u00e3o: Uma nova ordem geopol\u00edtica mundial de dom\u00ednio do capital financeiro e Empresas Multinacionais, que desregula e precariza direitos laborais,\u00a0 que endivida, despoja e explora os recursos naturais e culturais dos nossos povos, aumentando as migra\u00e7\u00f5es for\u00e7adas do sul para o norte, implementando pol\u00edticas e estrat\u00e9gias de exclus\u00e3o, marginaliza\u00e7\u00e3o, criminaliza\u00e7\u00e3o e morte e a guerra biotecnol\u00f3gica como \u00faltima express\u00e3o de poder, controle dom\u00ednio e submetimento das na\u00e7\u00f5es.<\/p>\n<p><strong>Resultados:<\/strong> Mais de 75% da popula\u00e7\u00e3o mundial em pobreza extrema, sobre-explora\u00e7\u00e3o; a destrui\u00e7\u00e3o da nossa <strong>C<em>asa Comum<\/em>; <\/strong>um \u00eaxodo migrat\u00f3rio crescente em direc\u00e7\u00e3o \u00e0 morte. Todo um roubo grotesco da Dignidade das pessoas criadas \u00e0 imagem do Deus da Vida.<\/p>\n<p>&nbsp;<\/p>\n<p><strong>2 \u2013 A PROTE\u00c7\u00c1O, SEGURAN\u00c7A E A ECONOMIA SOCIAL E SOLID\u00c1RIA<\/strong> \u2013 Que se manifestam de diversas maneiras e por diversos caminhos e que avan\u00e7a lentamente na direc\u00e7\u00e3o de um modelo alternativo de vida. Com um enfoque no agro-ecol\u00f3gico sustent\u00e1vel e no equil\u00edbrio e harmonia com a M\u00e3e natureza, promove diversas estrat\u00e9gias familiares e comunit\u00e1rias de produ\u00e7\u00e3o agr\u00edcola, pecu\u00e1ria, de pequena ind\u00fastria, do cooperativismo, dos servi\u00e7os mutuais e de comercializa\u00e7\u00e3o colectiva dos excedentes, atrav\u00e9s dos m\u00faltiplos mercados solid\u00e1rios.<\/p>\n<p>As conquistas de a\u00e7\u00f5es na Prote\u00e7\u00e3o Social, na Seguran\u00e7a e na Economia Social e Solid\u00e1ria perante o capital, custou-nos muitas jornadas de lutas jur\u00eddicas e pol\u00edticas. E para o conseguir foi vital a articula\u00e7\u00e3o com diversos movimentos Sociais, Sindicais e de Mulheres; de combate \u00e0 viol\u00eancia dom\u00e9stica, ao tr\u00e1fico humano e \u00e0 explora\u00e7\u00e3o sexual; de trabalhadores\/as dom\u00e9sticas economia informal e do servi\u00e7o dom\u00e9stico; de emigrantes, de camponeses e das Comunidades e Povos Ind\u00edgenas.<\/p>\n<p>Com o oportuno e solid\u00e1rio acompanhamento da comunidade internacional e a observa\u00e7\u00e3o de diversos organismos pol\u00edticos e jur\u00eddicos internacionais (OIT, ONU, OIM, Cortes de Justi\u00e7a, etc.), cada um a partir da sua pr\u00f3pria natureza e prop\u00f3sitos, conseguimos estabelecer mecanismos de Observa\u00e7\u00e3o com Agenda permanente sobre o cumprimento dos Direitos Laborais, Humanos e Colectivos, estabelecidos e ratificados pelos nossos Estados mediante Declara\u00e7\u00f5es, Tratados, Conv\u00e9nios, Acordos e Pactos.<\/p>\n<p><strong>Resultados:<\/strong> Alcan\u00e7aram-se muitos resultados na Defesa e Promo\u00e7\u00e3o da Vida, nos nossos territ\u00f3rios e na nossa M\u00e3e Terra, realizados a partir das nossas ra\u00edzes culturais. A partir desta experi\u00eancia sectorial, familiar e comunit\u00e1ria renovamos princ\u00edpios e valores que fundamentam uma nova espiritualidade da VIDA: o direito \u00e0 \u201c<strong><em>Terra, ao Teto e ao Trabalho\u201d<\/em><\/strong>. Caminhamos com a consci\u00eancia e a certeza que outro mundo \u00e9 poss\u00edvel fundamentado no Ser \u2013 Humano e na M\u00e3e Terra, acima do capital e do mercado.<\/p>\n<p>A partir deste caminhar de sonhos e esperan\u00e7as, o MMTC, como fam\u00edlia e comunidade internacional, reafirma o compromisso assumido no Semin\u00e1rio e Assembleia Geral de \u00c1vila, Espanha 2017<strong>: <em>Contribuir a partir do local, nacional e internacional na Dignifica\u00e7\u00e3o da Vida da Classe trabalhadora e na constru\u00e7\u00e3o de uma Mesa e uma Casa Comum, em Justi\u00e7a e Solidariedade.<\/em><\/strong><\/p>\n<p>&nbsp;<\/p>\n<p>Movimento Mundial de Trabalhadores Crist\u00e3os (MMTC)<\/p>\n<p>Mensagem escrita pelo MTC da Guatemala<\/p>\n","protected":false},"excerpt":{"rendered":"<p>MMTC &#8211; MENSAGEM INTERNACIONAL 1\u00ba DE MAIO \u2013 2020<\/p>\n","protected":false},"author":2,"featured_media":2099,"comment_status":"closed","ping_status":"closed","sticky":false,"template":"","format":"standard","meta":{"_et_pb_use_builder":"","_et_pb_old_content":"","_et_gb_content_width":"","footnotes":""},"categories":[2],"tags":[],"class_list":["post-2098","post","type-post","status-publish","format-standard","has-post-thumbnail","hentry","category-noticias"],"yoast_head":"<!-- This site is optimized with the Yoast SEO plugin v26.9 - https:\/\/yoast.com\/product\/yoast-seo-wordpress\/ -->\n<title>Trabalhadores: uma Mesa e Casa Comum em Justi\u00e7a e Solidariedade - LOC-MTC<\/title>\n<meta name=\"robots\" content=\"index, follow, max-snippet:-1, max-image-preview:large, max-video-preview:-1\" \/>\n<link rel=\"canonical\" href=\"https:\/\/sites.ecclesia.pt\/loc-mtc\/trabalhadores-uma-mesa-e-casa-comum-em-justica-e-solidariedade\/\" \/>\n<meta property=\"og:locale\" content=\"pt_PT\" \/>\n<meta property=\"og:type\" content=\"article\" \/>\n<meta property=\"og:title\" content=\"Trabalhadores: uma Mesa e Casa Comum em Justi\u00e7a e Solidariedade - LOC-MTC\" \/>\n<meta property=\"og:description\" content=\"MMTC - MENSAGEM INTERNACIONAL 1\u00ba DE MAIO \u2013 2020\" \/>\n<meta property=\"og:url\" content=\"https:\/\/sites.ecclesia.pt\/loc-mtc\/trabalhadores-uma-mesa-e-casa-comum-em-justica-e-solidariedade\/\" \/>\n<meta property=\"og:site_name\" content=\"LOC-MTC\" \/>\n<meta property=\"article:published_time\" content=\"2020-04-22T12:28:40+00:00\" \/>\n<meta property=\"og:image\" content=\"https:\/\/sites.ecclesia.pt\/loc-mtc\/wp-content\/uploads\/2020\/04\/1.jpg\" \/>\n\t<meta property=\"og:image:width\" content=\"1280\" \/>\n\t<meta property=\"og:image:height\" content=\"908\" \/>\n\t<meta property=\"og:image:type\" content=\"image\/jpeg\" \/>\n<meta name=\"author\" content=\"LOC-MTC\" \/>\n<meta name=\"twitter:card\" content=\"summary_large_image\" \/>\n<meta name=\"twitter:label1\" content=\"Escrito por\" \/>\n\t<meta name=\"twitter:data1\" content=\"LOC-MTC\" \/>\n\t<meta name=\"twitter:label2\" content=\"Tempo estimado de leitura\" \/>\n\t<meta name=\"twitter:data2\" content=\"4 minutos\" \/>\n<script type=\"application\/ld+json\" class=\"yoast-schema-graph\">{\"@context\":\"https:\/\/schema.org\",\"@graph\":[{\"@type\":\"Article\",\"@id\":\"https:\/\/sites.ecclesia.pt\/loc-mtc\/trabalhadores-uma-mesa-e-casa-comum-em-justica-e-solidariedade\/#article\",\"isPartOf\":{\"@id\":\"https:\/\/sites.ecclesia.pt\/loc-mtc\/trabalhadores-uma-mesa-e-casa-comum-em-justica-e-solidariedade\/\"},\"author\":{\"name\":\"LOC-MTC\",\"@id\":\"https:\/\/sites.ecclesia.pt\/loc-mtc\/#\/schema\/person\/8ba13a346b282ac81bddb0740218c156\"},\"headline\":\"Trabalhadores: uma Mesa e Casa Comum em Justi\u00e7a e Solidariedade\",\"datePublished\":\"2020-04-22T12:28:40+00:00\",\"mainEntityOfPage\":{\"@id\":\"https:\/\/sites.ecclesia.pt\/loc-mtc\/trabalhadores-uma-mesa-e-casa-comum-em-justica-e-solidariedade\/\"},\"wordCount\":752,\"publisher\":{\"@id\":\"https:\/\/sites.ecclesia.pt\/loc-mtc\/#organization\"},\"image\":{\"@id\":\"https:\/\/sites.ecclesia.pt\/loc-mtc\/trabalhadores-uma-mesa-e-casa-comum-em-justica-e-solidariedade\/#primaryimage\"},\"thumbnailUrl\":\"https:\/\/sites.ecclesia.pt\/loc-mtc\/wp-content\/uploads\/2020\/04\/1.jpg\",\"articleSection\":[\"Not\u00edcias\"],\"inLanguage\":\"pt-PT\"},{\"@type\":\"WebPage\",\"@id\":\"https:\/\/sites.ecclesia.pt\/loc-mtc\/trabalhadores-uma-mesa-e-casa-comum-em-justica-e-solidariedade\/\",\"url\":\"https:\/\/sites.ecclesia.pt\/loc-mtc\/trabalhadores-uma-mesa-e-casa-comum-em-justica-e-solidariedade\/\",\"name\":\"Trabalhadores: uma Mesa e Casa Comum em Justi\u00e7a e Solidariedade - LOC-MTC\",\"isPartOf\":{\"@id\":\"https:\/\/sites.ecclesia.pt\/loc-mtc\/#website\"},\"primaryImageOfPage\":{\"@id\":\"https:\/\/sites.ecclesia.pt\/loc-mtc\/trabalhadores-uma-mesa-e-casa-comum-em-justica-e-solidariedade\/#primaryimage\"},\"image\":{\"@id\":\"https:\/\/sites.ecclesia.pt\/loc-mtc\/trabalhadores-uma-mesa-e-casa-comum-em-justica-e-solidariedade\/#primaryimage\"},\"thumbnailUrl\":\"https:\/\/sites.ecclesia.pt\/loc-mtc\/wp-content\/uploads\/2020\/04\/1.jpg\",\"datePublished\":\"2020-04-22T12:28:40+00:00\",\"breadcrumb\":{\"@id\":\"https:\/\/sites.ecclesia.pt\/loc-mtc\/trabalhadores-uma-mesa-e-casa-comum-em-justica-e-solidariedade\/#breadcrumb\"},\"inLanguage\":\"pt-PT\",\"potentialAction\":[{\"@type\":\"ReadAction\",\"target\":[\"https:\/\/sites.ecclesia.pt\/loc-mtc\/trabalhadores-uma-mesa-e-casa-comum-em-justica-e-solidariedade\/\"]}]},{\"@type\":\"ImageObject\",\"inLanguage\":\"pt-PT\",\"@id\":\"https:\/\/sites.ecclesia.pt\/loc-mtc\/trabalhadores-uma-mesa-e-casa-comum-em-justica-e-solidariedade\/#primaryimage\",\"url\":\"https:\/\/sites.ecclesia.pt\/loc-mtc\/wp-content\/uploads\/2020\/04\/1.jpg\",\"contentUrl\":\"https:\/\/sites.ecclesia.pt\/loc-mtc\/wp-content\/uploads\/2020\/04\/1.jpg\",\"width\":1280,\"height\":908},{\"@type\":\"BreadcrumbList\",\"@id\":\"https:\/\/sites.ecclesia.pt\/loc-mtc\/trabalhadores-uma-mesa-e-casa-comum-em-justica-e-solidariedade\/#breadcrumb\",\"itemListElement\":[{\"@type\":\"ListItem\",\"position\":1,\"name\":\"Home\",\"item\":\"https:\/\/sites.ecclesia.pt\/loc-mtc\/\"},{\"@type\":\"ListItem\",\"position\":2,\"name\":\"Trabalhadores: uma Mesa e Casa Comum em Justi\u00e7a e Solidariedade\"}]},{\"@type\":\"WebSite\",\"@id\":\"https:\/\/sites.ecclesia.pt\/loc-mtc\/#website\",\"url\":\"https:\/\/sites.ecclesia.pt\/loc-mtc\/\",\"name\":\"LOC-MTC\",\"description\":\"Liga Oper\u00e1ria Cat\u00f3lica \u2013 Movimento de Trabalhadores Crist\u00e3os\",\"publisher\":{\"@id\":\"https:\/\/sites.ecclesia.pt\/loc-mtc\/#organization\"},\"potentialAction\":[{\"@type\":\"SearchAction\",\"target\":{\"@type\":\"EntryPoint\",\"urlTemplate\":\"https:\/\/sites.ecclesia.pt\/loc-mtc\/?s={search_term_string}\"},\"query-input\":{\"@type\":\"PropertyValueSpecification\",\"valueRequired\":true,\"valueName\":\"search_term_string\"}}],\"inLanguage\":\"pt-PT\"},{\"@type\":\"Organization\",\"@id\":\"https:\/\/sites.ecclesia.pt\/loc-mtc\/#organization\",\"name\":\"LOC\/MTC - Liga Oper\u00e1ria Cat\u00f3lica\/Movimento dos Trabalhadores Crist\u00e3os\",\"alternateName\":\"LOC\/MTC\",\"url\":\"https:\/\/sites.ecclesia.pt\/loc-mtc\/\",\"logo\":{\"@type\":\"ImageObject\",\"inLanguage\":\"pt-PT\",\"@id\":\"https:\/\/sites.ecclesia.pt\/loc-mtc\/#\/schema\/logo\/image\/\",\"url\":\"https:\/\/sites.ecclesia.pt\/loc-mtc\/wp-content\/uploads\/2021\/07\/loc-mtc-fb.jpg\",\"contentUrl\":\"https:\/\/sites.ecclesia.pt\/loc-mtc\/wp-content\/uploads\/2021\/07\/loc-mtc-fb.jpg\",\"width\":583,\"height\":552,\"caption\":\"LOC\/MTC - Liga Oper\u00e1ria Cat\u00f3lica\/Movimento dos Trabalhadores Crist\u00e3os\"},\"image\":{\"@id\":\"https:\/\/sites.ecclesia.pt\/loc-mtc\/#\/schema\/logo\/image\/\"}},{\"@type\":\"Person\",\"@id\":\"https:\/\/sites.ecclesia.pt\/loc-mtc\/#\/schema\/person\/8ba13a346b282ac81bddb0740218c156\",\"name\":\"LOC-MTC\",\"image\":{\"@type\":\"ImageObject\",\"inLanguage\":\"pt-PT\",\"@id\":\"https:\/\/sites.ecclesia.pt\/loc-mtc\/#\/schema\/person\/image\/\",\"url\":\"https:\/\/secure.gravatar.com\/avatar\/381f263bbf1376baf59211319cecf05597b65a26b86db6798bf393c99c999ed9?s=96&d=mm&r=g\",\"contentUrl\":\"https:\/\/secure.gravatar.com\/avatar\/381f263bbf1376baf59211319cecf05597b65a26b86db6798bf393c99c999ed9?s=96&d=mm&r=g\",\"caption\":\"LOC-MTC\"},\"sameAs\":[\"http:\/\/www.ecclesia.pt\/loc-mtc\"]}]}<\/script>\n<!-- \/ Yoast SEO plugin. -->","yoast_head_json":{"title":"Trabalhadores: uma Mesa e Casa Comum em Justi\u00e7a e Solidariedade - LOC-MTC","robots":{"index":"index","follow":"follow","max-snippet":"max-snippet:-1","max-image-preview":"max-image-preview:large","max-video-preview":"max-video-preview:-1"},"canonical":"https:\/\/sites.ecclesia.pt\/loc-mtc\/trabalhadores-uma-mesa-e-casa-comum-em-justica-e-solidariedade\/","og_locale":"pt_PT","og_type":"article","og_title":"Trabalhadores: uma Mesa e Casa Comum em Justi\u00e7a e Solidariedade - LOC-MTC","og_description":"MMTC - MENSAGEM INTERNACIONAL 1\u00ba DE MAIO \u2013 2020","og_url":"https:\/\/sites.ecclesia.pt\/loc-mtc\/trabalhadores-uma-mesa-e-casa-comum-em-justica-e-solidariedade\/","og_site_name":"LOC-MTC","article_published_time":"2020-04-22T12:28:40+00:00","og_image":[{"width":1280,"height":908,"url":"https:\/\/sites.ecclesia.pt\/loc-mtc\/wp-content\/uploads\/2020\/04\/1.jpg","type":"image\/jpeg"}],"author":"LOC-MTC","twitter_card":"summary_large_image","twitter_misc":{"Escrito por":"LOC-MTC","Tempo estimado de leitura":"4 minutos"},"schema":{"@context":"https:\/\/schema.org","@graph":[{"@type":"Article","@id":"https:\/\/sites.ecclesia.pt\/loc-mtc\/trabalhadores-uma-mesa-e-casa-comum-em-justica-e-solidariedade\/#article","isPartOf":{"@id":"https:\/\/sites.ecclesia.pt\/loc-mtc\/trabalhadores-uma-mesa-e-casa-comum-em-justica-e-solidariedade\/"},"author":{"name":"LOC-MTC","@id":"https:\/\/sites.ecclesia.pt\/loc-mtc\/#\/schema\/person\/8ba13a346b282ac81bddb0740218c156"},"headline":"Trabalhadores: uma Mesa e Casa Comum em Justi\u00e7a e Solidariedade","datePublished":"2020-04-22T12:28:40+00:00","mainEntityOfPage":{"@id":"https:\/\/sites.ecclesia.pt\/loc-mtc\/trabalhadores-uma-mesa-e-casa-comum-em-justica-e-solidariedade\/"},"wordCount":752,"publisher":{"@id":"https:\/\/sites.ecclesia.pt\/loc-mtc\/#organization"},"image":{"@id":"https:\/\/sites.ecclesia.pt\/loc-mtc\/trabalhadores-uma-mesa-e-casa-comum-em-justica-e-solidariedade\/#primaryimage"},"thumbnailUrl":"https:\/\/sites.ecclesia.pt\/loc-mtc\/wp-content\/uploads\/2020\/04\/1.jpg","articleSection":["Not\u00edcias"],"inLanguage":"pt-PT"},{"@type":"WebPage","@id":"https:\/\/sites.ecclesia.pt\/loc-mtc\/trabalhadores-uma-mesa-e-casa-comum-em-justica-e-solidariedade\/","url":"https:\/\/sites.ecclesia.pt\/loc-mtc\/trabalhadores-uma-mesa-e-casa-comum-em-justica-e-solidariedade\/","name":"Trabalhadores: uma Mesa e Casa Comum em Justi\u00e7a e Solidariedade - LOC-MTC","isPartOf":{"@id":"https:\/\/sites.ecclesia.pt\/loc-mtc\/#website"},"primaryImageOfPage":{"@id":"https:\/\/sites.ecclesia.pt\/loc-mtc\/trabalhadores-uma-mesa-e-casa-comum-em-justica-e-solidariedade\/#primaryimage"},"image":{"@id":"https:\/\/sites.ecclesia.pt\/loc-mtc\/trabalhadores-uma-mesa-e-casa-comum-em-justica-e-solidariedade\/#primaryimage"},"thumbnailUrl":"https:\/\/sites.ecclesia.pt\/loc-mtc\/wp-content\/uploads\/2020\/04\/1.jpg","datePublished":"2020-04-22T12:28:40+00:00","breadcrumb":{"@id":"https:\/\/sites.ecclesia.pt\/loc-mtc\/trabalhadores-uma-mesa-e-casa-comum-em-justica-e-solidariedade\/#breadcrumb"},"inLanguage":"pt-PT","potentialAction":[{"@type":"ReadAction","target":["https:\/\/sites.ecclesia.pt\/loc-mtc\/trabalhadores-uma-mesa-e-casa-comum-em-justica-e-solidariedade\/"]}]},{"@type":"ImageObject","inLanguage":"pt-PT","@id":"https:\/\/sites.ecclesia.pt\/loc-mtc\/trabalhadores-uma-mesa-e-casa-comum-em-justica-e-solidariedade\/#primaryimage","url":"https:\/\/sites.ecclesia.pt\/loc-mtc\/wp-content\/uploads\/2020\/04\/1.jpg","contentUrl":"https:\/\/sites.ecclesia.pt\/loc-mtc\/wp-content\/uploads\/2020\/04\/1.jpg","width":1280,"height":908},{"@type":"BreadcrumbList","@id":"https:\/\/sites.ecclesia.pt\/loc-mtc\/trabalhadores-uma-mesa-e-casa-comum-em-justica-e-solidariedade\/#breadcrumb","itemListElement":[{"@type":"ListItem","position":1,"name":"Home","item":"https:\/\/sites.ecclesia.pt\/loc-mtc\/"},{"@type":"ListItem","position":2,"name":"Trabalhadores: uma Mesa e Casa Comum em Justi\u00e7a e Solidariedade"}]},{"@type":"WebSite","@id":"https:\/\/sites.ecclesia.pt\/loc-mtc\/#website","url":"https:\/\/sites.ecclesia.pt\/loc-mtc\/","name":"LOC-MTC","description":"Liga Oper\u00e1ria Cat\u00f3lica \u2013 Movimento de Trabalhadores Crist\u00e3os","publisher":{"@id":"https:\/\/sites.ecclesia.pt\/loc-mtc\/#organization"},"potentialAction":[{"@type":"SearchAction","target":{"@type":"EntryPoint","urlTemplate":"https:\/\/sites.ecclesia.pt\/loc-mtc\/?s={search_term_string}"},"query-input":{"@type":"PropertyValueSpecification","valueRequired":true,"valueName":"search_term_string"}}],"inLanguage":"pt-PT"},{"@type":"Organization","@id":"https:\/\/sites.ecclesia.pt\/loc-mtc\/#organization","name":"LOC\/MTC - Liga Oper\u00e1ria Cat\u00f3lica\/Movimento dos Trabalhadores Crist\u00e3os","alternateName":"LOC\/MTC","url":"https:\/\/sites.ecclesia.pt\/loc-mtc\/","logo":{"@type":"ImageObject","inLanguage":"pt-PT","@id":"https:\/\/sites.ecclesia.pt\/loc-mtc\/#\/schema\/logo\/image\/","url":"https:\/\/sites.ecclesia.pt\/loc-mtc\/wp-content\/uploads\/2021\/07\/loc-mtc-fb.jpg","contentUrl":"https:\/\/sites.ecclesia.pt\/loc-mtc\/wp-content\/uploads\/2021\/07\/loc-mtc-fb.jpg","width":583,"height":552,"caption":"LOC\/MTC - Liga Oper\u00e1ria Cat\u00f3lica\/Movimento dos Trabalhadores Crist\u00e3os"},"image":{"@id":"https:\/\/sites.ecclesia.pt\/loc-mtc\/#\/schema\/logo\/image\/"}},{"@type":"Person","@id":"https:\/\/sites.ecclesia.pt\/loc-mtc\/#\/schema\/person\/8ba13a346b282ac81bddb0740218c156","name":"LOC-MTC","image":{"@type":"ImageObject","inLanguage":"pt-PT","@id":"https:\/\/sites.ecclesia.pt\/loc-mtc\/#\/schema\/person\/image\/","url":"https:\/\/secure.gravatar.com\/avatar\/381f263bbf1376baf59211319cecf05597b65a26b86db6798bf393c99c999ed9?s=96&d=mm&r=g","contentUrl":"https:\/\/secure.gravatar.com\/avatar\/381f263bbf1376baf59211319cecf05597b65a26b86db6798bf393c99c999ed9?s=96&d=mm&r=g","caption":"LOC-MTC"},"sameAs":["http:\/\/www.ecclesia.pt\/loc-mtc"]}]}},"_links":{"self":[{"href":"https:\/\/sites.ecclesia.pt\/loc-mtc\/wp-json\/wp\/v2\/posts\/2098","targetHints":{"allow":["GET"]}}],"collection":[{"href":"https:\/\/sites.ecclesia.pt\/loc-mtc\/wp-json\/wp\/v2\/posts"}],"about":[{"href":"https:\/\/sites.ecclesia.pt\/loc-mtc\/wp-json\/wp\/v2\/types\/post"}],"author":[{"embeddable":true,"href":"https:\/\/sites.ecclesia.pt\/loc-mtc\/wp-json\/wp\/v2\/users\/2"}],"replies":[{"embeddable":true,"href":"https:\/\/sites.ecclesia.pt\/loc-mtc\/wp-json\/wp\/v2\/comments?post=2098"}],"version-history":[{"count":1,"href":"https:\/\/sites.ecclesia.pt\/loc-mtc\/wp-json\/wp\/v2\/posts\/2098\/revisions"}],"predecessor-version":[{"id":2100,"href":"https:\/\/sites.ecclesia.pt\/loc-mtc\/wp-json\/wp\/v2\/posts\/2098\/revisions\/2100"}],"wp:featuredmedia":[{"embeddable":true,"href":"https:\/\/sites.ecclesia.pt\/loc-mtc\/wp-json\/wp\/v2\/media\/2099"}],"wp:attachment":[{"href":"https:\/\/sites.ecclesia.pt\/loc-mtc\/wp-json\/wp\/v2\/media?parent=2098"}],"wp:term":[{"taxonomy":"category","embeddable":true,"href":"https:\/\/sites.ecclesia.pt\/loc-mtc\/wp-json\/wp\/v2\/categories?post=2098"},{"taxonomy":"post_tag","embeddable":true,"href":"https:\/\/sites.ecclesia.pt\/loc-mtc\/wp-json\/wp\/v2\/tags?post=2098"}],"curies":[{"name":"wp","href":"https:\/\/api.w.org\/{rel}","templated":true}]}}