{"id":2109,"date":"2020-05-07T08:15:17","date_gmt":"2020-05-07T08:15:17","guid":{"rendered":"http:\/\/sites.ecclesia.pt\/loc-mtc\/?p=2109"},"modified":"2020-05-07T08:15:17","modified_gmt":"2020-05-07T08:15:17","slug":"requiem-por-uma-europa-que-deve-morrer-poema-a-uma-europa-sonhada","status":"publish","type":"post","link":"https:\/\/sites.ecclesia.pt\/loc-mtc\/requiem-por-uma-europa-que-deve-morrer-poema-a-uma-europa-sonhada\/","title":{"rendered":"Requiem por uma Europa que deve morrer, poema a uma Europa sonhada"},"content":{"rendered":"<ol>\n<li>Nestes dias de Covid-19, estamos vendo como a sociedade, os povos e os trabalhadores se est\u00e3o organizando em redes de solidariedade e de apoio m\u00fatuo. Estamos vendo o renascimento da ac\u00e7\u00e3o comunit\u00e1ria e uma aten\u00e7\u00e3o especial \u00e0s pessoas mais desprotegidas. Estamos vendo como se reconhece cada dia de trabalho corajoso dos profissionais de sa\u00fade, a centralidade das trabalhadoras dom\u00e9sticas e das trabalhadoras que cuidam dos enfermos e dependentes, o hero\u00edsmo de tantas e tantos santos quotidianos, como gosta de afirmar o papa Francisco, apesar de todas as dificuldades e apesar de que o v\u00edrus do individualismo estar entranhado em n\u00f3s desde sempre, e mais ainda por parte deste capitalismo predador e fratricida que nos conduziu \u00e0 beira do precip\u00edcio.<\/li>\n<\/ol>\n<p>&nbsp;<\/p>\n<ol start=\"2\">\n<li>Por isso, se este tecido humano se esta refazendo a partir do pequeno, com muitas gotas de amor, humildade e generosidade, aspiramos a ver estas din\u00e2micas nas inst\u00e2ncias que nos governam e tamb\u00e9m nas empresas onde trabalhamos. Assi, d\u00f3i-nos ver como na Europa e nas institui\u00e7\u00f5es comunit\u00e1rias os governos dos Estados membros reproduzem em interesse pr\u00f3prio umas din\u00e2micas que j\u00e1 se deram, sem ir mais longe, na crise financeira de 2008, e que devem ser superadas neste momento t\u00e3o grave.<\/li>\n<\/ol>\n<p>&nbsp;<\/p>\n<ol start=\"3\">\n<li>A Organiza\u00e7\u00e3o Internacional do Trabalho (OIT) alerta-nos para a chegada de uma onda de desemprego no mundo e na Europa em particular (um m\u00ednimo de 12-15 milh\u00f5es de trabalhos perdidos) como n\u00e3o havia acontecido desde h\u00e1 d\u00e9cadas. Vimos, al\u00e9m disso, de uma situa\u00e7\u00e3o de debilidade com Estados de bem-estar que desinvestiram na sua ac\u00e7\u00e3o social e nos servi\u00e7os p\u00fablicos (fruto das pol\u00edticas de austeridade) e um mercado laboral fortemente precarizado. \u00c9 o momento de fazer pol\u00edtica pelo bem comum e para isso, como indica o papa Francisco, \u00e9 necess\u00e1rio aplicar medidas que superem o paradigma tecnocr\u00e1tico dominante em vigor.<\/li>\n<\/ol>\n<p>&nbsp;<\/p>\n<ol start=\"4\">\n<li>Os Estados devem garantir a m\u00e1xima ocupa\u00e7\u00e3o em condi\u00e7\u00f5es dignas e, para aqueles que n\u00e3o possam conseguir um emprego, proporcionar rendimentos vitais suficientes, como j\u00e1 est\u00e1 a pedir o Papa. Tamb\u00e9m \u00e9 o momento para exigir aos grandes atores do sector privado empresarial \u2013 que na hist\u00f3ria recente beneficiaram do resgate p\u00fablico, como, por exemplo o sector banc\u00e1rio \u2013 um compromisso econ\u00f3mico e \u00e9tico e uma distribui\u00e7\u00e3o mais equitativa do excedente que criam nesta reconstru\u00e7\u00e3o.<\/li>\n<\/ol>\n<p>&nbsp;<\/p>\n<ol start=\"5\">\n<li>Os nossos governantes e n\u00f3s que os elegemos devemos aprender com o que est\u00e1 a acontecer: H\u00e1 que fortalecer os sistemas p\u00fablicos de sa\u00fade e da protec\u00e7\u00e3o social; aplicar pol\u00edticas de regula\u00e7\u00e3o para proteger os trabalhadores; reconstruir o tecido produtivo e industrial de proximidade que proporcione condi\u00e7\u00f5es laborais dignas e minimize o preju\u00edzo ao meio ambiente e que os cidad\u00e3os paguem um pre\u00e7o justo por estes produtos eticamente produzidos.<\/li>\n<\/ol>\n<p>&nbsp;<\/p>\n<ol start=\"6\">\n<li>Ningu\u00e9m duvida que, depende de como a Europa enfrente a reconstru\u00e7\u00e3o econ\u00f3mica e social depois da pandemia, a sua exist\u00eancia ter\u00e1 sentido (porque cumpre uma fun\u00e7\u00e3o) ou se desmoronar\u00e1. Ser\u00e3o necess\u00e1rias pol\u00edticas de financiamento comum, preferentemente mutualizada, para sustentar o gasto p\u00fablico que se ir\u00e1 gerar. Este \u00e9 tamb\u00e9m o momento da solidariedade, da coopera\u00e7\u00e3o m\u00fatua e da ac\u00e7\u00e3o conjunta e consensualizada, A crise sanit\u00e1ria p\u00f4s em evid\u00eancia a nossa interdepend\u00eancia, e o facto de os pa\u00edses chamados ricos viverem uma experi\u00eancia de pobreza e enfermidade que os aproxima dos pa\u00edses mais empobrecidos abre uma oportunidade para escutar mais claramente o chamamento a mudar pessoalmente e colectivamente. \u00c9 o momento para afastar, de uma vez por todas, o populismo, o erguer de fronteiras, a fabrica\u00e7\u00e3o e tr\u00e1fico de armas, a marginaliza\u00e7\u00e3o do diferente e a rejei\u00e7\u00e3o do imigrante. \u00c9 o momento de deixar de ser credores de pa\u00edses pobres que j\u00e1 pagaram sobejamente as suas d\u00edvidas.<\/li>\n<\/ol>\n<p>&nbsp;<\/p>\n<ol start=\"7\">\n<li>O tempo da p\u00e1scoa deu-nos a ocasi\u00e3o de nos convertermos e de construir entre todos. E em di\u00e1logo, um modelo produtivo socialmente mais inclusivo, baixo em carbono e ambientalmente mais sustent\u00e1vel, em linha com as medidas que contempla o Acordo Verde Europeu. \u201cAgora, mais do que nunca, s\u00e3o as pessoas, as comunidades, os povos os que devem estar no centro, unidos para curar, cuidar e partilhar\u201d (da carta que o papa Francisco dirigiu aos movimentos populares no passado Domingo da Ressurrei\u00e7\u00e3o).<\/li>\n<\/ol>\n<p>&nbsp;<\/p>\n<ol start=\"8\">\n<li>Por tudo o que anteriormente foi referido, o MTCE reafirma-se nas suas op\u00e7\u00f5es crist\u00e3s vividas no seio do mundo oper\u00e1rio e na sua aposta a favor das classes populares e trabalhadoras. O MTCE quer colocar todo o seu esfor\u00e7o para que a Europa, a nossa Europa, seja fiel a si mesma e queira que todos os seus filhos vivam com plenitude a sua condi\u00e7\u00e3o humana e a sua dignidade de filhas e filhos de Deus. Uma Europa com o cora\u00e7\u00e3o aberto a todos os ventos de justi\u00e7a, um cora\u00e7\u00e3o misericordioso para proteger os seus filhos mais d\u00e9beis e para acolher os pobres que batem \u00e0s nossas portas.<\/li>\n<\/ol>\n","protected":false},"excerpt":{"rendered":"<p>Comunicado do Movimento de Trabalhadores Crist\u00e3os da Europa (MTCE)<br \/>\nA prop\u00f3sito do Dia da Europa \u2013 9 de maio de 2020<\/p>\n","protected":false},"author":2,"featured_media":2110,"comment_status":"closed","ping_status":"closed","sticky":false,"template":"","format":"standard","meta":{"_et_pb_use_builder":"","_et_pb_old_content":"","_et_gb_content_width":"","footnotes":""},"categories":[2],"tags":[],"class_list":["post-2109","post","type-post","status-publish","format-standard","has-post-thumbnail","hentry","category-noticias"],"yoast_head":"<!-- This site is optimized with the Yoast SEO plugin v26.9 - https:\/\/yoast.com\/product\/yoast-seo-wordpress\/ -->\n<title>Requiem por uma Europa que deve morrer, poema a uma Europa sonhada - LOC-MTC<\/title>\n<meta name=\"robots\" content=\"index, follow, max-snippet:-1, max-image-preview:large, max-video-preview:-1\" \/>\n<link rel=\"canonical\" href=\"https:\/\/sites.ecclesia.pt\/loc-mtc\/requiem-por-uma-europa-que-deve-morrer-poema-a-uma-europa-sonhada\/\" \/>\n<meta property=\"og:locale\" content=\"pt_PT\" \/>\n<meta property=\"og:type\" content=\"article\" \/>\n<meta property=\"og:title\" content=\"Requiem por uma Europa que deve morrer, poema a uma Europa sonhada - LOC-MTC\" \/>\n<meta property=\"og:description\" content=\"Comunicado do Movimento de Trabalhadores Crist\u00e3os da Europa (MTCE) A prop\u00f3sito do Dia da Europa \u2013 9 de maio de 2020\" \/>\n<meta property=\"og:url\" content=\"https:\/\/sites.ecclesia.pt\/loc-mtc\/requiem-por-uma-europa-que-deve-morrer-poema-a-uma-europa-sonhada\/\" \/>\n<meta property=\"og:site_name\" content=\"LOC-MTC\" \/>\n<meta property=\"article:published_time\" content=\"2020-05-07T08:15:17+00:00\" \/>\n<meta property=\"og:image\" content=\"https:\/\/sites.ecclesia.pt\/loc-mtc\/wp-content\/uploads\/2020\/05\/Dia-da-Europa.gif\" \/>\n\t<meta property=\"og:image:width\" content=\"348\" \/>\n\t<meta property=\"og:image:height\" content=\"227\" \/>\n\t<meta property=\"og:image:type\" content=\"image\/gif\" \/>\n<meta name=\"author\" content=\"LOC-MTC\" \/>\n<meta name=\"twitter:card\" content=\"summary_large_image\" \/>\n<meta name=\"twitter:label1\" content=\"Escrito por\" \/>\n\t<meta name=\"twitter:data1\" content=\"LOC-MTC\" \/>\n\t<meta name=\"twitter:label2\" content=\"Tempo estimado de leitura\" \/>\n\t<meta name=\"twitter:data2\" content=\"4 minutos\" \/>\n<script type=\"application\/ld+json\" class=\"yoast-schema-graph\">{\"@context\":\"https:\/\/schema.org\",\"@graph\":[{\"@type\":\"Article\",\"@id\":\"https:\/\/sites.ecclesia.pt\/loc-mtc\/requiem-por-uma-europa-que-deve-morrer-poema-a-uma-europa-sonhada\/#article\",\"isPartOf\":{\"@id\":\"https:\/\/sites.ecclesia.pt\/loc-mtc\/requiem-por-uma-europa-que-deve-morrer-poema-a-uma-europa-sonhada\/\"},\"author\":{\"name\":\"LOC-MTC\",\"@id\":\"https:\/\/sites.ecclesia.pt\/loc-mtc\/#\/schema\/person\/8ba13a346b282ac81bddb0740218c156\"},\"headline\":\"Requiem por uma Europa que deve morrer, poema a uma Europa sonhada\",\"datePublished\":\"2020-05-07T08:15:17+00:00\",\"mainEntityOfPage\":{\"@id\":\"https:\/\/sites.ecclesia.pt\/loc-mtc\/requiem-por-uma-europa-que-deve-morrer-poema-a-uma-europa-sonhada\/\"},\"wordCount\":891,\"publisher\":{\"@id\":\"https:\/\/sites.ecclesia.pt\/loc-mtc\/#organization\"},\"image\":{\"@id\":\"https:\/\/sites.ecclesia.pt\/loc-mtc\/requiem-por-uma-europa-que-deve-morrer-poema-a-uma-europa-sonhada\/#primaryimage\"},\"thumbnailUrl\":\"https:\/\/sites.ecclesia.pt\/loc-mtc\/wp-content\/uploads\/2020\/05\/Dia-da-Europa.gif\",\"articleSection\":[\"Not\u00edcias\"],\"inLanguage\":\"pt-PT\"},{\"@type\":\"WebPage\",\"@id\":\"https:\/\/sites.ecclesia.pt\/loc-mtc\/requiem-por-uma-europa-que-deve-morrer-poema-a-uma-europa-sonhada\/\",\"url\":\"https:\/\/sites.ecclesia.pt\/loc-mtc\/requiem-por-uma-europa-que-deve-morrer-poema-a-uma-europa-sonhada\/\",\"name\":\"Requiem por uma Europa que deve morrer, poema a uma Europa sonhada - LOC-MTC\",\"isPartOf\":{\"@id\":\"https:\/\/sites.ecclesia.pt\/loc-mtc\/#website\"},\"primaryImageOfPage\":{\"@id\":\"https:\/\/sites.ecclesia.pt\/loc-mtc\/requiem-por-uma-europa-que-deve-morrer-poema-a-uma-europa-sonhada\/#primaryimage\"},\"image\":{\"@id\":\"https:\/\/sites.ecclesia.pt\/loc-mtc\/requiem-por-uma-europa-que-deve-morrer-poema-a-uma-europa-sonhada\/#primaryimage\"},\"thumbnailUrl\":\"https:\/\/sites.ecclesia.pt\/loc-mtc\/wp-content\/uploads\/2020\/05\/Dia-da-Europa.gif\",\"datePublished\":\"2020-05-07T08:15:17+00:00\",\"breadcrumb\":{\"@id\":\"https:\/\/sites.ecclesia.pt\/loc-mtc\/requiem-por-uma-europa-que-deve-morrer-poema-a-uma-europa-sonhada\/#breadcrumb\"},\"inLanguage\":\"pt-PT\",\"potentialAction\":[{\"@type\":\"ReadAction\",\"target\":[\"https:\/\/sites.ecclesia.pt\/loc-mtc\/requiem-por-uma-europa-que-deve-morrer-poema-a-uma-europa-sonhada\/\"]}]},{\"@type\":\"ImageObject\",\"inLanguage\":\"pt-PT\",\"@id\":\"https:\/\/sites.ecclesia.pt\/loc-mtc\/requiem-por-uma-europa-que-deve-morrer-poema-a-uma-europa-sonhada\/#primaryimage\",\"url\":\"https:\/\/sites.ecclesia.pt\/loc-mtc\/wp-content\/uploads\/2020\/05\/Dia-da-Europa.gif\",\"contentUrl\":\"https:\/\/sites.ecclesia.pt\/loc-mtc\/wp-content\/uploads\/2020\/05\/Dia-da-Europa.gif\",\"width\":348,\"height\":227},{\"@type\":\"BreadcrumbList\",\"@id\":\"https:\/\/sites.ecclesia.pt\/loc-mtc\/requiem-por-uma-europa-que-deve-morrer-poema-a-uma-europa-sonhada\/#breadcrumb\",\"itemListElement\":[{\"@type\":\"ListItem\",\"position\":1,\"name\":\"Home\",\"item\":\"https:\/\/sites.ecclesia.pt\/loc-mtc\/\"},{\"@type\":\"ListItem\",\"position\":2,\"name\":\"Requiem por uma Europa que deve morrer, poema a uma Europa sonhada\"}]},{\"@type\":\"WebSite\",\"@id\":\"https:\/\/sites.ecclesia.pt\/loc-mtc\/#website\",\"url\":\"https:\/\/sites.ecclesia.pt\/loc-mtc\/\",\"name\":\"LOC-MTC\",\"description\":\"Liga Oper\u00e1ria Cat\u00f3lica \u2013 Movimento de Trabalhadores Crist\u00e3os\",\"publisher\":{\"@id\":\"https:\/\/sites.ecclesia.pt\/loc-mtc\/#organization\"},\"potentialAction\":[{\"@type\":\"SearchAction\",\"target\":{\"@type\":\"EntryPoint\",\"urlTemplate\":\"https:\/\/sites.ecclesia.pt\/loc-mtc\/?s={search_term_string}\"},\"query-input\":{\"@type\":\"PropertyValueSpecification\",\"valueRequired\":true,\"valueName\":\"search_term_string\"}}],\"inLanguage\":\"pt-PT\"},{\"@type\":\"Organization\",\"@id\":\"https:\/\/sites.ecclesia.pt\/loc-mtc\/#organization\",\"name\":\"LOC\/MTC - Liga Oper\u00e1ria Cat\u00f3lica\/Movimento dos Trabalhadores Crist\u00e3os\",\"alternateName\":\"LOC\/MTC\",\"url\":\"https:\/\/sites.ecclesia.pt\/loc-mtc\/\",\"logo\":{\"@type\":\"ImageObject\",\"inLanguage\":\"pt-PT\",\"@id\":\"https:\/\/sites.ecclesia.pt\/loc-mtc\/#\/schema\/logo\/image\/\",\"url\":\"https:\/\/sites.ecclesia.pt\/loc-mtc\/wp-content\/uploads\/2021\/07\/loc-mtc-fb.jpg\",\"contentUrl\":\"https:\/\/sites.ecclesia.pt\/loc-mtc\/wp-content\/uploads\/2021\/07\/loc-mtc-fb.jpg\",\"width\":583,\"height\":552,\"caption\":\"LOC\/MTC - Liga Oper\u00e1ria Cat\u00f3lica\/Movimento dos Trabalhadores Crist\u00e3os\"},\"image\":{\"@id\":\"https:\/\/sites.ecclesia.pt\/loc-mtc\/#\/schema\/logo\/image\/\"}},{\"@type\":\"Person\",\"@id\":\"https:\/\/sites.ecclesia.pt\/loc-mtc\/#\/schema\/person\/8ba13a346b282ac81bddb0740218c156\",\"name\":\"LOC-MTC\",\"image\":{\"@type\":\"ImageObject\",\"inLanguage\":\"pt-PT\",\"@id\":\"https:\/\/sites.ecclesia.pt\/loc-mtc\/#\/schema\/person\/image\/\",\"url\":\"https:\/\/secure.gravatar.com\/avatar\/381f263bbf1376baf59211319cecf05597b65a26b86db6798bf393c99c999ed9?s=96&d=mm&r=g\",\"contentUrl\":\"https:\/\/secure.gravatar.com\/avatar\/381f263bbf1376baf59211319cecf05597b65a26b86db6798bf393c99c999ed9?s=96&d=mm&r=g\",\"caption\":\"LOC-MTC\"},\"sameAs\":[\"http:\/\/www.ecclesia.pt\/loc-mtc\"]}]}<\/script>\n<!-- \/ Yoast SEO plugin. -->","yoast_head_json":{"title":"Requiem por uma Europa que deve morrer, poema a uma Europa sonhada - LOC-MTC","robots":{"index":"index","follow":"follow","max-snippet":"max-snippet:-1","max-image-preview":"max-image-preview:large","max-video-preview":"max-video-preview:-1"},"canonical":"https:\/\/sites.ecclesia.pt\/loc-mtc\/requiem-por-uma-europa-que-deve-morrer-poema-a-uma-europa-sonhada\/","og_locale":"pt_PT","og_type":"article","og_title":"Requiem por uma Europa que deve morrer, poema a uma Europa sonhada - LOC-MTC","og_description":"Comunicado do Movimento de Trabalhadores Crist\u00e3os da Europa (MTCE) A prop\u00f3sito do Dia da Europa \u2013 9 de maio de 2020","og_url":"https:\/\/sites.ecclesia.pt\/loc-mtc\/requiem-por-uma-europa-que-deve-morrer-poema-a-uma-europa-sonhada\/","og_site_name":"LOC-MTC","article_published_time":"2020-05-07T08:15:17+00:00","og_image":[{"width":348,"height":227,"url":"https:\/\/sites.ecclesia.pt\/loc-mtc\/wp-content\/uploads\/2020\/05\/Dia-da-Europa.gif","type":"image\/gif"}],"author":"LOC-MTC","twitter_card":"summary_large_image","twitter_misc":{"Escrito por":"LOC-MTC","Tempo estimado de leitura":"4 minutos"},"schema":{"@context":"https:\/\/schema.org","@graph":[{"@type":"Article","@id":"https:\/\/sites.ecclesia.pt\/loc-mtc\/requiem-por-uma-europa-que-deve-morrer-poema-a-uma-europa-sonhada\/#article","isPartOf":{"@id":"https:\/\/sites.ecclesia.pt\/loc-mtc\/requiem-por-uma-europa-que-deve-morrer-poema-a-uma-europa-sonhada\/"},"author":{"name":"LOC-MTC","@id":"https:\/\/sites.ecclesia.pt\/loc-mtc\/#\/schema\/person\/8ba13a346b282ac81bddb0740218c156"},"headline":"Requiem por uma Europa que deve morrer, poema a uma Europa sonhada","datePublished":"2020-05-07T08:15:17+00:00","mainEntityOfPage":{"@id":"https:\/\/sites.ecclesia.pt\/loc-mtc\/requiem-por-uma-europa-que-deve-morrer-poema-a-uma-europa-sonhada\/"},"wordCount":891,"publisher":{"@id":"https:\/\/sites.ecclesia.pt\/loc-mtc\/#organization"},"image":{"@id":"https:\/\/sites.ecclesia.pt\/loc-mtc\/requiem-por-uma-europa-que-deve-morrer-poema-a-uma-europa-sonhada\/#primaryimage"},"thumbnailUrl":"https:\/\/sites.ecclesia.pt\/loc-mtc\/wp-content\/uploads\/2020\/05\/Dia-da-Europa.gif","articleSection":["Not\u00edcias"],"inLanguage":"pt-PT"},{"@type":"WebPage","@id":"https:\/\/sites.ecclesia.pt\/loc-mtc\/requiem-por-uma-europa-que-deve-morrer-poema-a-uma-europa-sonhada\/","url":"https:\/\/sites.ecclesia.pt\/loc-mtc\/requiem-por-uma-europa-que-deve-morrer-poema-a-uma-europa-sonhada\/","name":"Requiem por uma Europa que deve morrer, poema a uma Europa sonhada - LOC-MTC","isPartOf":{"@id":"https:\/\/sites.ecclesia.pt\/loc-mtc\/#website"},"primaryImageOfPage":{"@id":"https:\/\/sites.ecclesia.pt\/loc-mtc\/requiem-por-uma-europa-que-deve-morrer-poema-a-uma-europa-sonhada\/#primaryimage"},"image":{"@id":"https:\/\/sites.ecclesia.pt\/loc-mtc\/requiem-por-uma-europa-que-deve-morrer-poema-a-uma-europa-sonhada\/#primaryimage"},"thumbnailUrl":"https:\/\/sites.ecclesia.pt\/loc-mtc\/wp-content\/uploads\/2020\/05\/Dia-da-Europa.gif","datePublished":"2020-05-07T08:15:17+00:00","breadcrumb":{"@id":"https:\/\/sites.ecclesia.pt\/loc-mtc\/requiem-por-uma-europa-que-deve-morrer-poema-a-uma-europa-sonhada\/#breadcrumb"},"inLanguage":"pt-PT","potentialAction":[{"@type":"ReadAction","target":["https:\/\/sites.ecclesia.pt\/loc-mtc\/requiem-por-uma-europa-que-deve-morrer-poema-a-uma-europa-sonhada\/"]}]},{"@type":"ImageObject","inLanguage":"pt-PT","@id":"https:\/\/sites.ecclesia.pt\/loc-mtc\/requiem-por-uma-europa-que-deve-morrer-poema-a-uma-europa-sonhada\/#primaryimage","url":"https:\/\/sites.ecclesia.pt\/loc-mtc\/wp-content\/uploads\/2020\/05\/Dia-da-Europa.gif","contentUrl":"https:\/\/sites.ecclesia.pt\/loc-mtc\/wp-content\/uploads\/2020\/05\/Dia-da-Europa.gif","width":348,"height":227},{"@type":"BreadcrumbList","@id":"https:\/\/sites.ecclesia.pt\/loc-mtc\/requiem-por-uma-europa-que-deve-morrer-poema-a-uma-europa-sonhada\/#breadcrumb","itemListElement":[{"@type":"ListItem","position":1,"name":"Home","item":"https:\/\/sites.ecclesia.pt\/loc-mtc\/"},{"@type":"ListItem","position":2,"name":"Requiem por uma Europa que deve morrer, poema a uma Europa sonhada"}]},{"@type":"WebSite","@id":"https:\/\/sites.ecclesia.pt\/loc-mtc\/#website","url":"https:\/\/sites.ecclesia.pt\/loc-mtc\/","name":"LOC-MTC","description":"Liga Oper\u00e1ria Cat\u00f3lica \u2013 Movimento de Trabalhadores Crist\u00e3os","publisher":{"@id":"https:\/\/sites.ecclesia.pt\/loc-mtc\/#organization"},"potentialAction":[{"@type":"SearchAction","target":{"@type":"EntryPoint","urlTemplate":"https:\/\/sites.ecclesia.pt\/loc-mtc\/?s={search_term_string}"},"query-input":{"@type":"PropertyValueSpecification","valueRequired":true,"valueName":"search_term_string"}}],"inLanguage":"pt-PT"},{"@type":"Organization","@id":"https:\/\/sites.ecclesia.pt\/loc-mtc\/#organization","name":"LOC\/MTC - Liga Oper\u00e1ria Cat\u00f3lica\/Movimento dos Trabalhadores Crist\u00e3os","alternateName":"LOC\/MTC","url":"https:\/\/sites.ecclesia.pt\/loc-mtc\/","logo":{"@type":"ImageObject","inLanguage":"pt-PT","@id":"https:\/\/sites.ecclesia.pt\/loc-mtc\/#\/schema\/logo\/image\/","url":"https:\/\/sites.ecclesia.pt\/loc-mtc\/wp-content\/uploads\/2021\/07\/loc-mtc-fb.jpg","contentUrl":"https:\/\/sites.ecclesia.pt\/loc-mtc\/wp-content\/uploads\/2021\/07\/loc-mtc-fb.jpg","width":583,"height":552,"caption":"LOC\/MTC - Liga Oper\u00e1ria Cat\u00f3lica\/Movimento dos Trabalhadores Crist\u00e3os"},"image":{"@id":"https:\/\/sites.ecclesia.pt\/loc-mtc\/#\/schema\/logo\/image\/"}},{"@type":"Person","@id":"https:\/\/sites.ecclesia.pt\/loc-mtc\/#\/schema\/person\/8ba13a346b282ac81bddb0740218c156","name":"LOC-MTC","image":{"@type":"ImageObject","inLanguage":"pt-PT","@id":"https:\/\/sites.ecclesia.pt\/loc-mtc\/#\/schema\/person\/image\/","url":"https:\/\/secure.gravatar.com\/avatar\/381f263bbf1376baf59211319cecf05597b65a26b86db6798bf393c99c999ed9?s=96&d=mm&r=g","contentUrl":"https:\/\/secure.gravatar.com\/avatar\/381f263bbf1376baf59211319cecf05597b65a26b86db6798bf393c99c999ed9?s=96&d=mm&r=g","caption":"LOC-MTC"},"sameAs":["http:\/\/www.ecclesia.pt\/loc-mtc"]}]}},"_links":{"self":[{"href":"https:\/\/sites.ecclesia.pt\/loc-mtc\/wp-json\/wp\/v2\/posts\/2109","targetHints":{"allow":["GET"]}}],"collection":[{"href":"https:\/\/sites.ecclesia.pt\/loc-mtc\/wp-json\/wp\/v2\/posts"}],"about":[{"href":"https:\/\/sites.ecclesia.pt\/loc-mtc\/wp-json\/wp\/v2\/types\/post"}],"author":[{"embeddable":true,"href":"https:\/\/sites.ecclesia.pt\/loc-mtc\/wp-json\/wp\/v2\/users\/2"}],"replies":[{"embeddable":true,"href":"https:\/\/sites.ecclesia.pt\/loc-mtc\/wp-json\/wp\/v2\/comments?post=2109"}],"version-history":[{"count":1,"href":"https:\/\/sites.ecclesia.pt\/loc-mtc\/wp-json\/wp\/v2\/posts\/2109\/revisions"}],"predecessor-version":[{"id":2111,"href":"https:\/\/sites.ecclesia.pt\/loc-mtc\/wp-json\/wp\/v2\/posts\/2109\/revisions\/2111"}],"wp:featuredmedia":[{"embeddable":true,"href":"https:\/\/sites.ecclesia.pt\/loc-mtc\/wp-json\/wp\/v2\/media\/2110"}],"wp:attachment":[{"href":"https:\/\/sites.ecclesia.pt\/loc-mtc\/wp-json\/wp\/v2\/media?parent=2109"}],"wp:term":[{"taxonomy":"category","embeddable":true,"href":"https:\/\/sites.ecclesia.pt\/loc-mtc\/wp-json\/wp\/v2\/categories?post=2109"},{"taxonomy":"post_tag","embeddable":true,"href":"https:\/\/sites.ecclesia.pt\/loc-mtc\/wp-json\/wp\/v2\/tags?post=2109"}],"curies":[{"name":"wp","href":"https:\/\/api.w.org\/{rel}","templated":true}]}}