{"id":2117,"date":"2020-05-27T09:26:40","date_gmt":"2020-05-27T09:26:40","guid":{"rendered":"http:\/\/sites.ecclesia.pt\/loc-mtc\/?p=2117"},"modified":"2020-05-27T09:26:40","modified_gmt":"2020-05-27T09:26:40","slug":"tem-sido-muito-duro","status":"publish","type":"post","link":"https:\/\/sites.ecclesia.pt\/loc-mtc\/tem-sido-muito-duro\/","title":{"rendered":"Tem sido muito duro!"},"content":{"rendered":"<p>No Supermercado encontro um casal conhecido, com o seu filhote. Depois de uma troca de palavras com a crian\u00e7a viro-me para os pais e pergunto: Ent\u00e3o, como est\u00e3o a viver o confinamento, est\u00e1 a ser muito dif\u00edcil?<\/p>\n<p>O pai desviou o rosto e respirou fundo, expressando press\u00e3o, a m\u00e3e n\u00e3o segurou as l\u00e1grimas e disse-me:<\/p>\n<p>&#8211; Tem sido muito duro! Aguentar o menino e faz\u00ea-lo perceber tudo isto. A incerteza se vamos voltar a trabalhar. Depois, para estes meses ainda tivemos dinheiro, mas para o m\u00eas que vem n\u00e3o sei como vamos fazer. A presta\u00e7\u00e3o da casa \u00e9 elevada e do banco ainda n\u00e3o disseram nada\u2026<\/p>\n<p>Escutava-a, com aten\u00e7\u00e3o e com dor. Nisto, reparei que a pessoa que estava \u00e0 minha frente avan\u00e7ou para o pagamento. A seguir, era eu. Despedi-me do pequenito com um sorriso. O pai tamb\u00e9m se despediu, com um olhar triste, mas simp\u00e1tico. A m\u00e3e perguntou ainda:<\/p>\n<p>&#8211; Posso ligar-lhe logo, para conversarmos?<\/p>\n<p>Respondi-lhe afirmativamente. Depois, acrescentou:<\/p>\n<p>&#8211; Reze por n\u00f3s. J\u00e1 n\u00e3o temos mais for\u00e7as, mas o pior \u00e9 que tenho medo de perdermos a f\u00e9. Onde est\u00e1 Deus para n\u00e3o nos ouvir\u2026 Desculpe! Mas est\u00e1 a ser muito dif\u00edcil.<\/p>\n<p>Afastou-se e, de novo, as l\u00e1grimas deslizaram pelo seu rosto.<\/p>\n<p>Entretanto, fiz o pagamento e regressei a casa. No caminho \u2013 tinha ido a p\u00e9 \u2013, n\u00e3o fui capaz de me abstrair daquele encontro e daquela pergunta. Sim. Aquela pergunta \u00e9 express\u00e3o do sofrimento daquela fam\u00edlia e de tantas outras, nestes tempos t\u00e3o dif\u00edceis.<\/p>\n<p>H\u00e1 pessoas que vivem o medo de, por desempenharem uma fun\u00e7\u00e3o de risco, estarem diariamente expostas ao perigo de cont\u00e1gio; pessoas que vivem em regime de lay-off h\u00e1 v\u00e1rias semanas; pessoas que se encontram a trabalhar a partir de casa; pessoas que perderam o seu emprego; pessoas que, n\u00e3o podendo trabalhar remotamente, sentem a inseguran\u00e7a do seu futuro profissional; pessoas que refletem a dificuldade de conjuga\u00e7\u00e3o, agora mais acentuada, em conciliar a fam\u00edlia e o trabalho, etc. H\u00e1 muitos rostos que nos s\u00e3o familiares com estas realidades, muitos olhares que j\u00e1 testemunharam grande sofrimento, muitas m\u00e3os que, mesmo exaustas, deram o melhor de si nesta luta, muito abra\u00e7os que ficaram por dar.<\/p>\n<p>&nbsp;<\/p>\n<p>N\u00e3o tenho d\u00favidas absolutamente nenhumas que Deus est\u00e1 presente e connosco. Mais at\u00e9. Nunca esteve t\u00e3o pr\u00f3ximo de n\u00f3s como est\u00e1 nestes momentos de dor e de drama que toda humanidade est\u00e1 a viver. Mas, s\u00f3 conseguiremos \u00abdecifrar\u00bb bem as respostas que Deus d\u00e1 \u00e0s nossas quest\u00f5es, quando formos capazes de responder \u00e0s Suas quest\u00f5es. A B\u00edblia apresenta-nos, logo, no livro do G\u00e9nesis, duas perguntas que Ele dirige \u00e0 humanidade, representada por Ad\u00e3o, a primeira, e por Caim, a segunda: \u201cOnde est\u00e1s\u201d, \u201conde est\u00e1 o teu irm\u00e3o\u201d?<\/p>\n<p>Sabemos, tamb\u00e9m, <strong>que todas as dificuldades podem revelar oportunidades<\/strong> aparentemente dif\u00edceis de perceber, como nesta cena que o Evangelista Marcos nos relata: <em>\u00abPorque estais a discutir que n\u00e3o tendes p\u00e3o? Ainda n\u00e3o entendeis nem compreendeis? Tendes o cora\u00e7\u00e3o endurecido? Tendes olhos e n\u00e3o vedes, ouvidos e n\u00e3o ouvis? N\u00e3o vos lembrais quantos cestos de bocados recolhestes, quando Eu parti os cinco p\u00e3es para as cinco mil pessoas?\u00bb.<\/em> [Ev Mc 8, 14-21]<\/p>\n<p>Que paradoxo: quando estamos aflitos, Jesus \u201cmanda-nos\u201d cuidar dos nossos irm\u00e3os!<\/p>\n<p>&nbsp;<\/p>\n<p>Se n\u00e3o sabemos onde est\u00e1 o \u00abirm\u00e3o\u00bb e todos aqueles que connosco protagonizam a exist\u00eancia, o amor que Ele nos concede e capacita nunca vai gerar felicidade. Este tempo muito dif\u00edcil \u00e9 tamb\u00e9m a oportunidade para nos perguntarmos onde est\u00e1 a felicidade (qual o nosso \u201clugar\u201d), e como constru\u00ed-la (qual o \u201ccaminho\u201d que havemos de percorrer).<\/p>\n<p>No fundo, sem saber \u00abonde estamos\u00bb e \u00abonde est\u00e1 o irm\u00e3o\u00bb, jamais vamos descortinar o que Deus, permanentemente, nos revela, sobretudo, ser\u00e1 imposs\u00edvel sentir a resson\u00e2ncia da Sua voz que n\u00e3o se cansa de nos sussurrar ao cora\u00e7\u00e3o: \u00abN\u00e3o tenhas medo. Eu amo-te! Eu estou contigo. Vive do meu amor e tudo resto ser\u00e1 poss\u00edvel!\u00bb<\/p>\n<p>&nbsp;<\/p>\n<p>Maio de 2020<\/p>\n<p>p. Manuel Sim\u00f5es, Assistente Nacional<\/p>\n","protected":false},"excerpt":{"rendered":"<p>No Supermercado encontro um casal conhecido, com o seu filhote. Depois de uma troca de palavras com a crian\u00e7a viro-me para os pais e pergunto: Ent\u00e3o, como est\u00e3o a viver o confinamento, est\u00e1 a ser muito dif\u00edcil? O pai desviou o rosto e respirou fundo, expressando press\u00e3o, a m\u00e3e n\u00e3o segurou as l\u00e1grimas e disse-me: [&hellip;]<\/p>\n","protected":false},"author":2,"featured_media":2118,"comment_status":"closed","ping_status":"closed","sticky":false,"template":"","format":"standard","meta":{"_et_pb_use_builder":"","_et_pb_old_content":"","_et_gb_content_width":"","footnotes":""},"categories":[2],"tags":[],"class_list":["post-2117","post","type-post","status-publish","format-standard","has-post-thumbnail","hentry","category-noticias"],"yoast_head":"<!-- This site is optimized with the Yoast SEO plugin v26.9 - https:\/\/yoast.com\/product\/yoast-seo-wordpress\/ -->\n<title>Tem sido muito duro! - LOC-MTC<\/title>\n<meta name=\"robots\" content=\"index, follow, max-snippet:-1, max-image-preview:large, max-video-preview:-1\" \/>\n<link rel=\"canonical\" href=\"https:\/\/sites.ecclesia.pt\/loc-mtc\/tem-sido-muito-duro\/\" \/>\n<meta property=\"og:locale\" content=\"pt_PT\" \/>\n<meta property=\"og:type\" content=\"article\" \/>\n<meta property=\"og:title\" content=\"Tem sido muito duro! - LOC-MTC\" \/>\n<meta property=\"og:description\" content=\"No Supermercado encontro um casal conhecido, com o seu filhote. Depois de uma troca de palavras com a crian\u00e7a viro-me para os pais e pergunto: Ent\u00e3o, como est\u00e3o a viver o confinamento, est\u00e1 a ser muito dif\u00edcil? O pai desviou o rosto e respirou fundo, expressando press\u00e3o, a m\u00e3e n\u00e3o segurou as l\u00e1grimas e disse-me: [&hellip;]\" \/>\n<meta property=\"og:url\" content=\"https:\/\/sites.ecclesia.pt\/loc-mtc\/tem-sido-muito-duro\/\" \/>\n<meta property=\"og:site_name\" content=\"LOC-MTC\" \/>\n<meta property=\"article:published_time\" content=\"2020-05-27T09:26:40+00:00\" \/>\n<meta property=\"og:image\" content=\"https:\/\/sites.ecclesia.pt\/loc-mtc\/wp-content\/uploads\/2020\/05\/62208733_428051397926692_9083022796363137024_o.gif\" \/>\n\t<meta property=\"og:image:width\" content=\"295\" \/>\n\t<meta property=\"og:image:height\" content=\"227\" \/>\n\t<meta property=\"og:image:type\" content=\"image\/gif\" \/>\n<meta name=\"author\" content=\"LOC-MTC\" \/>\n<meta name=\"twitter:card\" content=\"summary_large_image\" \/>\n<meta name=\"twitter:label1\" content=\"Escrito por\" \/>\n\t<meta name=\"twitter:data1\" content=\"LOC-MTC\" \/>\n\t<meta name=\"twitter:label2\" content=\"Tempo estimado de leitura\" \/>\n\t<meta name=\"twitter:data2\" content=\"4 minutos\" \/>\n<script type=\"application\/ld+json\" class=\"yoast-schema-graph\">{\"@context\":\"https:\/\/schema.org\",\"@graph\":[{\"@type\":\"Article\",\"@id\":\"https:\/\/sites.ecclesia.pt\/loc-mtc\/tem-sido-muito-duro\/#article\",\"isPartOf\":{\"@id\":\"https:\/\/sites.ecclesia.pt\/loc-mtc\/tem-sido-muito-duro\/\"},\"author\":{\"name\":\"LOC-MTC\",\"@id\":\"https:\/\/sites.ecclesia.pt\/loc-mtc\/#\/schema\/person\/8ba13a346b282ac81bddb0740218c156\"},\"headline\":\"Tem sido muito duro!\",\"datePublished\":\"2020-05-27T09:26:40+00:00\",\"mainEntityOfPage\":{\"@id\":\"https:\/\/sites.ecclesia.pt\/loc-mtc\/tem-sido-muito-duro\/\"},\"wordCount\":722,\"publisher\":{\"@id\":\"https:\/\/sites.ecclesia.pt\/loc-mtc\/#organization\"},\"image\":{\"@id\":\"https:\/\/sites.ecclesia.pt\/loc-mtc\/tem-sido-muito-duro\/#primaryimage\"},\"thumbnailUrl\":\"https:\/\/sites.ecclesia.pt\/loc-mtc\/wp-content\/uploads\/2020\/05\/62208733_428051397926692_9083022796363137024_o.gif\",\"articleSection\":[\"Not\u00edcias\"],\"inLanguage\":\"pt-PT\"},{\"@type\":\"WebPage\",\"@id\":\"https:\/\/sites.ecclesia.pt\/loc-mtc\/tem-sido-muito-duro\/\",\"url\":\"https:\/\/sites.ecclesia.pt\/loc-mtc\/tem-sido-muito-duro\/\",\"name\":\"Tem sido muito duro! - LOC-MTC\",\"isPartOf\":{\"@id\":\"https:\/\/sites.ecclesia.pt\/loc-mtc\/#website\"},\"primaryImageOfPage\":{\"@id\":\"https:\/\/sites.ecclesia.pt\/loc-mtc\/tem-sido-muito-duro\/#primaryimage\"},\"image\":{\"@id\":\"https:\/\/sites.ecclesia.pt\/loc-mtc\/tem-sido-muito-duro\/#primaryimage\"},\"thumbnailUrl\":\"https:\/\/sites.ecclesia.pt\/loc-mtc\/wp-content\/uploads\/2020\/05\/62208733_428051397926692_9083022796363137024_o.gif\",\"datePublished\":\"2020-05-27T09:26:40+00:00\",\"breadcrumb\":{\"@id\":\"https:\/\/sites.ecclesia.pt\/loc-mtc\/tem-sido-muito-duro\/#breadcrumb\"},\"inLanguage\":\"pt-PT\",\"potentialAction\":[{\"@type\":\"ReadAction\",\"target\":[\"https:\/\/sites.ecclesia.pt\/loc-mtc\/tem-sido-muito-duro\/\"]}]},{\"@type\":\"ImageObject\",\"inLanguage\":\"pt-PT\",\"@id\":\"https:\/\/sites.ecclesia.pt\/loc-mtc\/tem-sido-muito-duro\/#primaryimage\",\"url\":\"https:\/\/sites.ecclesia.pt\/loc-mtc\/wp-content\/uploads\/2020\/05\/62208733_428051397926692_9083022796363137024_o.gif\",\"contentUrl\":\"https:\/\/sites.ecclesia.pt\/loc-mtc\/wp-content\/uploads\/2020\/05\/62208733_428051397926692_9083022796363137024_o.gif\",\"width\":295,\"height\":227},{\"@type\":\"BreadcrumbList\",\"@id\":\"https:\/\/sites.ecclesia.pt\/loc-mtc\/tem-sido-muito-duro\/#breadcrumb\",\"itemListElement\":[{\"@type\":\"ListItem\",\"position\":1,\"name\":\"Home\",\"item\":\"https:\/\/sites.ecclesia.pt\/loc-mtc\/\"},{\"@type\":\"ListItem\",\"position\":2,\"name\":\"Tem sido muito duro!\"}]},{\"@type\":\"WebSite\",\"@id\":\"https:\/\/sites.ecclesia.pt\/loc-mtc\/#website\",\"url\":\"https:\/\/sites.ecclesia.pt\/loc-mtc\/\",\"name\":\"LOC-MTC\",\"description\":\"Liga Oper\u00e1ria Cat\u00f3lica \u2013 Movimento de Trabalhadores Crist\u00e3os\",\"publisher\":{\"@id\":\"https:\/\/sites.ecclesia.pt\/loc-mtc\/#organization\"},\"potentialAction\":[{\"@type\":\"SearchAction\",\"target\":{\"@type\":\"EntryPoint\",\"urlTemplate\":\"https:\/\/sites.ecclesia.pt\/loc-mtc\/?s={search_term_string}\"},\"query-input\":{\"@type\":\"PropertyValueSpecification\",\"valueRequired\":true,\"valueName\":\"search_term_string\"}}],\"inLanguage\":\"pt-PT\"},{\"@type\":\"Organization\",\"@id\":\"https:\/\/sites.ecclesia.pt\/loc-mtc\/#organization\",\"name\":\"LOC\/MTC - Liga Oper\u00e1ria Cat\u00f3lica\/Movimento dos Trabalhadores Crist\u00e3os\",\"alternateName\":\"LOC\/MTC\",\"url\":\"https:\/\/sites.ecclesia.pt\/loc-mtc\/\",\"logo\":{\"@type\":\"ImageObject\",\"inLanguage\":\"pt-PT\",\"@id\":\"https:\/\/sites.ecclesia.pt\/loc-mtc\/#\/schema\/logo\/image\/\",\"url\":\"https:\/\/sites.ecclesia.pt\/loc-mtc\/wp-content\/uploads\/2021\/07\/loc-mtc-fb.jpg\",\"contentUrl\":\"https:\/\/sites.ecclesia.pt\/loc-mtc\/wp-content\/uploads\/2021\/07\/loc-mtc-fb.jpg\",\"width\":583,\"height\":552,\"caption\":\"LOC\/MTC - Liga Oper\u00e1ria Cat\u00f3lica\/Movimento dos Trabalhadores Crist\u00e3os\"},\"image\":{\"@id\":\"https:\/\/sites.ecclesia.pt\/loc-mtc\/#\/schema\/logo\/image\/\"}},{\"@type\":\"Person\",\"@id\":\"https:\/\/sites.ecclesia.pt\/loc-mtc\/#\/schema\/person\/8ba13a346b282ac81bddb0740218c156\",\"name\":\"LOC-MTC\",\"image\":{\"@type\":\"ImageObject\",\"inLanguage\":\"pt-PT\",\"@id\":\"https:\/\/sites.ecclesia.pt\/loc-mtc\/#\/schema\/person\/image\/\",\"url\":\"https:\/\/secure.gravatar.com\/avatar\/381f263bbf1376baf59211319cecf05597b65a26b86db6798bf393c99c999ed9?s=96&d=mm&r=g\",\"contentUrl\":\"https:\/\/secure.gravatar.com\/avatar\/381f263bbf1376baf59211319cecf05597b65a26b86db6798bf393c99c999ed9?s=96&d=mm&r=g\",\"caption\":\"LOC-MTC\"},\"sameAs\":[\"http:\/\/www.ecclesia.pt\/loc-mtc\"]}]}<\/script>\n<!-- \/ Yoast SEO plugin. -->","yoast_head_json":{"title":"Tem sido muito duro! - LOC-MTC","robots":{"index":"index","follow":"follow","max-snippet":"max-snippet:-1","max-image-preview":"max-image-preview:large","max-video-preview":"max-video-preview:-1"},"canonical":"https:\/\/sites.ecclesia.pt\/loc-mtc\/tem-sido-muito-duro\/","og_locale":"pt_PT","og_type":"article","og_title":"Tem sido muito duro! - LOC-MTC","og_description":"No Supermercado encontro um casal conhecido, com o seu filhote. Depois de uma troca de palavras com a crian\u00e7a viro-me para os pais e pergunto: Ent\u00e3o, como est\u00e3o a viver o confinamento, est\u00e1 a ser muito dif\u00edcil? O pai desviou o rosto e respirou fundo, expressando press\u00e3o, a m\u00e3e n\u00e3o segurou as l\u00e1grimas e disse-me: [&hellip;]","og_url":"https:\/\/sites.ecclesia.pt\/loc-mtc\/tem-sido-muito-duro\/","og_site_name":"LOC-MTC","article_published_time":"2020-05-27T09:26:40+00:00","og_image":[{"width":295,"height":227,"url":"https:\/\/sites.ecclesia.pt\/loc-mtc\/wp-content\/uploads\/2020\/05\/62208733_428051397926692_9083022796363137024_o.gif","type":"image\/gif"}],"author":"LOC-MTC","twitter_card":"summary_large_image","twitter_misc":{"Escrito por":"LOC-MTC","Tempo estimado de leitura":"4 minutos"},"schema":{"@context":"https:\/\/schema.org","@graph":[{"@type":"Article","@id":"https:\/\/sites.ecclesia.pt\/loc-mtc\/tem-sido-muito-duro\/#article","isPartOf":{"@id":"https:\/\/sites.ecclesia.pt\/loc-mtc\/tem-sido-muito-duro\/"},"author":{"name":"LOC-MTC","@id":"https:\/\/sites.ecclesia.pt\/loc-mtc\/#\/schema\/person\/8ba13a346b282ac81bddb0740218c156"},"headline":"Tem sido muito duro!","datePublished":"2020-05-27T09:26:40+00:00","mainEntityOfPage":{"@id":"https:\/\/sites.ecclesia.pt\/loc-mtc\/tem-sido-muito-duro\/"},"wordCount":722,"publisher":{"@id":"https:\/\/sites.ecclesia.pt\/loc-mtc\/#organization"},"image":{"@id":"https:\/\/sites.ecclesia.pt\/loc-mtc\/tem-sido-muito-duro\/#primaryimage"},"thumbnailUrl":"https:\/\/sites.ecclesia.pt\/loc-mtc\/wp-content\/uploads\/2020\/05\/62208733_428051397926692_9083022796363137024_o.gif","articleSection":["Not\u00edcias"],"inLanguage":"pt-PT"},{"@type":"WebPage","@id":"https:\/\/sites.ecclesia.pt\/loc-mtc\/tem-sido-muito-duro\/","url":"https:\/\/sites.ecclesia.pt\/loc-mtc\/tem-sido-muito-duro\/","name":"Tem sido muito duro! - LOC-MTC","isPartOf":{"@id":"https:\/\/sites.ecclesia.pt\/loc-mtc\/#website"},"primaryImageOfPage":{"@id":"https:\/\/sites.ecclesia.pt\/loc-mtc\/tem-sido-muito-duro\/#primaryimage"},"image":{"@id":"https:\/\/sites.ecclesia.pt\/loc-mtc\/tem-sido-muito-duro\/#primaryimage"},"thumbnailUrl":"https:\/\/sites.ecclesia.pt\/loc-mtc\/wp-content\/uploads\/2020\/05\/62208733_428051397926692_9083022796363137024_o.gif","datePublished":"2020-05-27T09:26:40+00:00","breadcrumb":{"@id":"https:\/\/sites.ecclesia.pt\/loc-mtc\/tem-sido-muito-duro\/#breadcrumb"},"inLanguage":"pt-PT","potentialAction":[{"@type":"ReadAction","target":["https:\/\/sites.ecclesia.pt\/loc-mtc\/tem-sido-muito-duro\/"]}]},{"@type":"ImageObject","inLanguage":"pt-PT","@id":"https:\/\/sites.ecclesia.pt\/loc-mtc\/tem-sido-muito-duro\/#primaryimage","url":"https:\/\/sites.ecclesia.pt\/loc-mtc\/wp-content\/uploads\/2020\/05\/62208733_428051397926692_9083022796363137024_o.gif","contentUrl":"https:\/\/sites.ecclesia.pt\/loc-mtc\/wp-content\/uploads\/2020\/05\/62208733_428051397926692_9083022796363137024_o.gif","width":295,"height":227},{"@type":"BreadcrumbList","@id":"https:\/\/sites.ecclesia.pt\/loc-mtc\/tem-sido-muito-duro\/#breadcrumb","itemListElement":[{"@type":"ListItem","position":1,"name":"Home","item":"https:\/\/sites.ecclesia.pt\/loc-mtc\/"},{"@type":"ListItem","position":2,"name":"Tem sido muito duro!"}]},{"@type":"WebSite","@id":"https:\/\/sites.ecclesia.pt\/loc-mtc\/#website","url":"https:\/\/sites.ecclesia.pt\/loc-mtc\/","name":"LOC-MTC","description":"Liga Oper\u00e1ria Cat\u00f3lica \u2013 Movimento de Trabalhadores Crist\u00e3os","publisher":{"@id":"https:\/\/sites.ecclesia.pt\/loc-mtc\/#organization"},"potentialAction":[{"@type":"SearchAction","target":{"@type":"EntryPoint","urlTemplate":"https:\/\/sites.ecclesia.pt\/loc-mtc\/?s={search_term_string}"},"query-input":{"@type":"PropertyValueSpecification","valueRequired":true,"valueName":"search_term_string"}}],"inLanguage":"pt-PT"},{"@type":"Organization","@id":"https:\/\/sites.ecclesia.pt\/loc-mtc\/#organization","name":"LOC\/MTC - Liga Oper\u00e1ria Cat\u00f3lica\/Movimento dos Trabalhadores Crist\u00e3os","alternateName":"LOC\/MTC","url":"https:\/\/sites.ecclesia.pt\/loc-mtc\/","logo":{"@type":"ImageObject","inLanguage":"pt-PT","@id":"https:\/\/sites.ecclesia.pt\/loc-mtc\/#\/schema\/logo\/image\/","url":"https:\/\/sites.ecclesia.pt\/loc-mtc\/wp-content\/uploads\/2021\/07\/loc-mtc-fb.jpg","contentUrl":"https:\/\/sites.ecclesia.pt\/loc-mtc\/wp-content\/uploads\/2021\/07\/loc-mtc-fb.jpg","width":583,"height":552,"caption":"LOC\/MTC - Liga Oper\u00e1ria Cat\u00f3lica\/Movimento dos Trabalhadores Crist\u00e3os"},"image":{"@id":"https:\/\/sites.ecclesia.pt\/loc-mtc\/#\/schema\/logo\/image\/"}},{"@type":"Person","@id":"https:\/\/sites.ecclesia.pt\/loc-mtc\/#\/schema\/person\/8ba13a346b282ac81bddb0740218c156","name":"LOC-MTC","image":{"@type":"ImageObject","inLanguage":"pt-PT","@id":"https:\/\/sites.ecclesia.pt\/loc-mtc\/#\/schema\/person\/image\/","url":"https:\/\/secure.gravatar.com\/avatar\/381f263bbf1376baf59211319cecf05597b65a26b86db6798bf393c99c999ed9?s=96&d=mm&r=g","contentUrl":"https:\/\/secure.gravatar.com\/avatar\/381f263bbf1376baf59211319cecf05597b65a26b86db6798bf393c99c999ed9?s=96&d=mm&r=g","caption":"LOC-MTC"},"sameAs":["http:\/\/www.ecclesia.pt\/loc-mtc"]}]}},"_links":{"self":[{"href":"https:\/\/sites.ecclesia.pt\/loc-mtc\/wp-json\/wp\/v2\/posts\/2117","targetHints":{"allow":["GET"]}}],"collection":[{"href":"https:\/\/sites.ecclesia.pt\/loc-mtc\/wp-json\/wp\/v2\/posts"}],"about":[{"href":"https:\/\/sites.ecclesia.pt\/loc-mtc\/wp-json\/wp\/v2\/types\/post"}],"author":[{"embeddable":true,"href":"https:\/\/sites.ecclesia.pt\/loc-mtc\/wp-json\/wp\/v2\/users\/2"}],"replies":[{"embeddable":true,"href":"https:\/\/sites.ecclesia.pt\/loc-mtc\/wp-json\/wp\/v2\/comments?post=2117"}],"version-history":[{"count":1,"href":"https:\/\/sites.ecclesia.pt\/loc-mtc\/wp-json\/wp\/v2\/posts\/2117\/revisions"}],"predecessor-version":[{"id":2119,"href":"https:\/\/sites.ecclesia.pt\/loc-mtc\/wp-json\/wp\/v2\/posts\/2117\/revisions\/2119"}],"wp:featuredmedia":[{"embeddable":true,"href":"https:\/\/sites.ecclesia.pt\/loc-mtc\/wp-json\/wp\/v2\/media\/2118"}],"wp:attachment":[{"href":"https:\/\/sites.ecclesia.pt\/loc-mtc\/wp-json\/wp\/v2\/media?parent=2117"}],"wp:term":[{"taxonomy":"category","embeddable":true,"href":"https:\/\/sites.ecclesia.pt\/loc-mtc\/wp-json\/wp\/v2\/categories?post=2117"},{"taxonomy":"post_tag","embeddable":true,"href":"https:\/\/sites.ecclesia.pt\/loc-mtc\/wp-json\/wp\/v2\/tags?post=2117"}],"curies":[{"name":"wp","href":"https:\/\/api.w.org\/{rel}","templated":true}]}}