{"id":2130,"date":"2020-05-31T15:55:39","date_gmt":"2020-05-31T15:55:39","guid":{"rendered":"http:\/\/sites.ecclesia.pt\/loc-mtc\/?p=2130"},"modified":"2020-05-31T16:03:14","modified_gmt":"2020-05-31T16:03:14","slug":"entrevista-aos-coordenadores-diocesanos-da-loc-mtc","status":"publish","type":"post","link":"https:\/\/sites.ecclesia.pt\/loc-mtc\/entrevista-aos-coordenadores-diocesanos-da-loc-mtc\/","title":{"rendered":"Entrevista aos Coordenadores Diocesanos da LOC\/MTC"},"content":{"rendered":"<p><img loading=\"lazy\" decoding=\"async\" class=\"alignnone wp-image-2131 size-large\" src=\"https:\/\/sites.ecclesia.pt\/loc-mtc\/wp-content\/uploads\/2020\/05\/Entrevista-Coordenadores-Porto-1-1-791x1024.jpg\" alt=\"\" width=\"791\" height=\"1024\" \/><\/p>\n<p><img loading=\"lazy\" decoding=\"async\" class=\"alignnone wp-image-2132 size-large\" src=\"https:\/\/sites.ecclesia.pt\/loc-mtc\/wp-content\/uploads\/2020\/05\/Entrevista-Coordenadores-Porto-2-1-791x1024.jpg\" alt=\"\" width=\"791\" height=\"1024\" \/><\/p>\n<p><img loading=\"lazy\" decoding=\"async\" class=\"alignnone wp-image-2133 size-large\" src=\"https:\/\/sites.ecclesia.pt\/loc-mtc\/wp-content\/uploads\/2020\/05\/Entrevista-Coordenadores-Porto-3-1-791x1024.jpg\" alt=\"\" width=\"791\" height=\"1024\" \/><\/p>\n<p><img loading=\"lazy\" decoding=\"async\" class=\"alignnone wp-image-2134 size-large\" src=\"https:\/\/sites.ecclesia.pt\/loc-mtc\/wp-content\/uploads\/2020\/05\/Entrevista-Coordenadores-Porto-4-1-724x1024.jpg\" alt=\"\" width=\"724\" height=\"1024\" \/><\/p>\n<p><img loading=\"lazy\" decoding=\"async\" class=\"alignnone wp-image-2135 size-large\" src=\"https:\/\/sites.ecclesia.pt\/loc-mtc\/wp-content\/uploads\/2020\/05\/Entrevista-Coordenadores-Porto-5-1-724x1024.jpg\" alt=\"\" width=\"724\" height=\"1024\" \/><\/p>\n<p><img loading=\"lazy\" decoding=\"async\" class=\"alignnone wp-image-2136 size-large\" src=\"https:\/\/sites.ecclesia.pt\/loc-mtc\/wp-content\/uploads\/2020\/05\/Entrevista-Coordenadores-Porto-6-1-724x1024.jpg\" alt=\"\" width=\"724\" height=\"1024\" \/><\/p>\n<p><img loading=\"lazy\" decoding=\"async\" class=\"alignnone wp-image-2137 size-large\" src=\"https:\/\/sites.ecclesia.pt\/loc-mtc\/wp-content\/uploads\/2020\/05\/Entrevista-Coordenadores-Porto-7-1-724x1024.jpg\" alt=\"\" width=\"724\" height=\"1024\" \/><\/p>\n","protected":false},"excerpt":{"rendered":"<p>\u00c9 tempo de conversarmos, dentro das condi\u00e7\u00f5es poss\u00edveis, as limita\u00e7\u00f5es e cuidados que o novo coronav\u00edrus exige.<br \/>\nE lembrem-se que enquanto isto durar n\u00e3o admite descuidos, cada atitude, cada contacto, exige responsabilidade.<br \/>\nE como diz o outro se a vida nos d\u00e1 um lim\u00e3o, fa\u00e7amos uma limonada.<br \/>\nTemos uma experi\u00eancia de milit\u00e2ncia de muita responsabilidade e ent\u00e3o vamos tamb\u00e9m aplicar essa experi\u00eancia para o cuidado da nossa vida e de todos aqueles com que nos ligamos.<br \/>\nHoje envio uma experi\u00eancia que queremos partilhar com o m\u00e1ximo poss\u00edvel de militantes e amigos do movimento.<br \/>\nQueremos chegar a todas as dioceses, seus coordenadores e iniciamos pelos Coordenadores da Diocese do Porto.<br \/>\n\u00c9 nestes tempos que se preparam os caminhos do futuro.<br \/>\nConhecer-nos melhor \u00e9 tamb\u00e9m confiar mais uns nos outros.<br \/>\nBrevemente, coordenadores de outra diocese receberam o convite para responder \u00e0 nossa entrevista.<br \/>\nBoas leituras, boa divulga\u00e7\u00e3o pelos militantes e amigos da LOC\/MTC de Portugal e arredores.<br \/>\nAbra\u00e7o e muita sa\u00fade.<\/p>\n","protected":false},"author":2,"featured_media":2141,"comment_status":"closed","ping_status":"closed","sticky":false,"template":"","format":"standard","meta":{"_et_pb_use_builder":"","_et_pb_old_content":"","_et_gb_content_width":"","footnotes":""},"categories":[2],"tags":[],"class_list":["post-2130","post","type-post","status-publish","format-standard","has-post-thumbnail","hentry","category-noticias"],"yoast_head":"<!-- This site is optimized with the Yoast SEO plugin v26.9 - https:\/\/yoast.com\/product\/yoast-seo-wordpress\/ -->\n<title>Entrevista aos Coordenadores Diocesanos da LOC\/MTC - LOC-MTC<\/title>\n<meta name=\"robots\" content=\"index, follow, max-snippet:-1, max-image-preview:large, max-video-preview:-1\" \/>\n<link rel=\"canonical\" href=\"https:\/\/sites.ecclesia.pt\/loc-mtc\/entrevista-aos-coordenadores-diocesanos-da-loc-mtc\/\" \/>\n<meta property=\"og:locale\" content=\"pt_PT\" \/>\n<meta property=\"og:type\" content=\"article\" \/>\n<meta property=\"og:title\" content=\"Entrevista aos Coordenadores Diocesanos da LOC\/MTC - LOC-MTC\" \/>\n<meta property=\"og:description\" content=\"\u00c9 tempo de conversarmos, dentro das condi\u00e7\u00f5es poss\u00edveis, as limita\u00e7\u00f5es e cuidados que o novo coronav\u00edrus exige. E lembrem-se que enquanto isto durar n\u00e3o admite descuidos, cada atitude, cada contacto, exige responsabilidade. E como diz o outro se a vida nos d\u00e1 um lim\u00e3o, fa\u00e7amos uma limonada. Temos uma experi\u00eancia de milit\u00e2ncia de muita responsabilidade e ent\u00e3o vamos tamb\u00e9m aplicar essa experi\u00eancia para o cuidado da nossa vida e de todos aqueles com que nos ligamos. Hoje envio uma experi\u00eancia que queremos partilhar com o m\u00e1ximo poss\u00edvel de militantes e amigos do movimento. Queremos chegar a todas as dioceses, seus coordenadores e iniciamos pelos Coordenadores da Diocese do Porto. \u00c9 nestes tempos que se preparam os caminhos do futuro. Conhecer-nos melhor \u00e9 tamb\u00e9m confiar mais uns nos outros. Brevemente, coordenadores de outra diocese receberam o convite para responder \u00e0 nossa entrevista. Boas leituras, boa divulga\u00e7\u00e3o pelos militantes e amigos da LOC\/MTC de Portugal e arredores. Abra\u00e7o e muita sa\u00fade.\" \/>\n<meta property=\"og:url\" content=\"https:\/\/sites.ecclesia.pt\/loc-mtc\/entrevista-aos-coordenadores-diocesanos-da-loc-mtc\/\" \/>\n<meta property=\"og:site_name\" content=\"LOC-MTC\" \/>\n<meta property=\"article:published_time\" content=\"2020-05-31T15:55:39+00:00\" \/>\n<meta property=\"article:modified_time\" content=\"2020-05-31T16:03:14+00:00\" \/>\n<meta property=\"og:image\" content=\"https:\/\/sites.ecclesia.pt\/loc-mtc\/wp-content\/uploads\/2020\/05\/Entrevista-Coordenadores-Porto.jpg\" \/>\n\t<meta property=\"og:image:width\" content=\"778\" \/>\n\t<meta property=\"og:image:height\" content=\"513\" \/>\n\t<meta property=\"og:image:type\" content=\"image\/jpeg\" \/>\n<meta name=\"author\" content=\"LOC-MTC\" \/>\n<meta name=\"twitter:card\" content=\"summary_large_image\" \/>\n<meta name=\"twitter:label1\" content=\"Escrito por\" \/>\n\t<meta name=\"twitter:data1\" content=\"LOC-MTC\" \/>\n<script type=\"application\/ld+json\" class=\"yoast-schema-graph\">{\"@context\":\"https:\/\/schema.org\",\"@graph\":[{\"@type\":\"Article\",\"@id\":\"https:\/\/sites.ecclesia.pt\/loc-mtc\/entrevista-aos-coordenadores-diocesanos-da-loc-mtc\/#article\",\"isPartOf\":{\"@id\":\"https:\/\/sites.ecclesia.pt\/loc-mtc\/entrevista-aos-coordenadores-diocesanos-da-loc-mtc\/\"},\"author\":{\"name\":\"LOC-MTC\",\"@id\":\"https:\/\/sites.ecclesia.pt\/loc-mtc\/#\/schema\/person\/8ba13a346b282ac81bddb0740218c156\"},\"headline\":\"Entrevista aos Coordenadores Diocesanos da LOC\/MTC\",\"datePublished\":\"2020-05-31T15:55:39+00:00\",\"dateModified\":\"2020-05-31T16:03:14+00:00\",\"mainEntityOfPage\":{\"@id\":\"https:\/\/sites.ecclesia.pt\/loc-mtc\/entrevista-aos-coordenadores-diocesanos-da-loc-mtc\/\"},\"wordCount\":7,\"publisher\":{\"@id\":\"https:\/\/sites.ecclesia.pt\/loc-mtc\/#organization\"},\"image\":{\"@id\":\"https:\/\/sites.ecclesia.pt\/loc-mtc\/entrevista-aos-coordenadores-diocesanos-da-loc-mtc\/#primaryimage\"},\"thumbnailUrl\":\"https:\/\/sites.ecclesia.pt\/loc-mtc\/wp-content\/uploads\/2020\/05\/Entrevista-Coordenadores-Porto.jpg\",\"articleSection\":[\"Not\u00edcias\"],\"inLanguage\":\"pt-PT\"},{\"@type\":\"WebPage\",\"@id\":\"https:\/\/sites.ecclesia.pt\/loc-mtc\/entrevista-aos-coordenadores-diocesanos-da-loc-mtc\/\",\"url\":\"https:\/\/sites.ecclesia.pt\/loc-mtc\/entrevista-aos-coordenadores-diocesanos-da-loc-mtc\/\",\"name\":\"Entrevista aos Coordenadores Diocesanos da LOC\/MTC - LOC-MTC\",\"isPartOf\":{\"@id\":\"https:\/\/sites.ecclesia.pt\/loc-mtc\/#website\"},\"primaryImageOfPage\":{\"@id\":\"https:\/\/sites.ecclesia.pt\/loc-mtc\/entrevista-aos-coordenadores-diocesanos-da-loc-mtc\/#primaryimage\"},\"image\":{\"@id\":\"https:\/\/sites.ecclesia.pt\/loc-mtc\/entrevista-aos-coordenadores-diocesanos-da-loc-mtc\/#primaryimage\"},\"thumbnailUrl\":\"https:\/\/sites.ecclesia.pt\/loc-mtc\/wp-content\/uploads\/2020\/05\/Entrevista-Coordenadores-Porto.jpg\",\"datePublished\":\"2020-05-31T15:55:39+00:00\",\"dateModified\":\"2020-05-31T16:03:14+00:00\",\"breadcrumb\":{\"@id\":\"https:\/\/sites.ecclesia.pt\/loc-mtc\/entrevista-aos-coordenadores-diocesanos-da-loc-mtc\/#breadcrumb\"},\"inLanguage\":\"pt-PT\",\"potentialAction\":[{\"@type\":\"ReadAction\",\"target\":[\"https:\/\/sites.ecclesia.pt\/loc-mtc\/entrevista-aos-coordenadores-diocesanos-da-loc-mtc\/\"]}]},{\"@type\":\"ImageObject\",\"inLanguage\":\"pt-PT\",\"@id\":\"https:\/\/sites.ecclesia.pt\/loc-mtc\/entrevista-aos-coordenadores-diocesanos-da-loc-mtc\/#primaryimage\",\"url\":\"https:\/\/sites.ecclesia.pt\/loc-mtc\/wp-content\/uploads\/2020\/05\/Entrevista-Coordenadores-Porto.jpg\",\"contentUrl\":\"https:\/\/sites.ecclesia.pt\/loc-mtc\/wp-content\/uploads\/2020\/05\/Entrevista-Coordenadores-Porto.jpg\",\"width\":778,\"height\":513},{\"@type\":\"BreadcrumbList\",\"@id\":\"https:\/\/sites.ecclesia.pt\/loc-mtc\/entrevista-aos-coordenadores-diocesanos-da-loc-mtc\/#breadcrumb\",\"itemListElement\":[{\"@type\":\"ListItem\",\"position\":1,\"name\":\"Home\",\"item\":\"https:\/\/sites.ecclesia.pt\/loc-mtc\/\"},{\"@type\":\"ListItem\",\"position\":2,\"name\":\"Entrevista aos Coordenadores Diocesanos da LOC\/MTC\"}]},{\"@type\":\"WebSite\",\"@id\":\"https:\/\/sites.ecclesia.pt\/loc-mtc\/#website\",\"url\":\"https:\/\/sites.ecclesia.pt\/loc-mtc\/\",\"name\":\"LOC-MTC\",\"description\":\"Liga Oper\u00e1ria Cat\u00f3lica \u2013 Movimento de Trabalhadores Crist\u00e3os\",\"publisher\":{\"@id\":\"https:\/\/sites.ecclesia.pt\/loc-mtc\/#organization\"},\"potentialAction\":[{\"@type\":\"SearchAction\",\"target\":{\"@type\":\"EntryPoint\",\"urlTemplate\":\"https:\/\/sites.ecclesia.pt\/loc-mtc\/?s={search_term_string}\"},\"query-input\":{\"@type\":\"PropertyValueSpecification\",\"valueRequired\":true,\"valueName\":\"search_term_string\"}}],\"inLanguage\":\"pt-PT\"},{\"@type\":\"Organization\",\"@id\":\"https:\/\/sites.ecclesia.pt\/loc-mtc\/#organization\",\"name\":\"LOC\/MTC - Liga Oper\u00e1ria Cat\u00f3lica\/Movimento dos Trabalhadores Crist\u00e3os\",\"alternateName\":\"LOC\/MTC\",\"url\":\"https:\/\/sites.ecclesia.pt\/loc-mtc\/\",\"logo\":{\"@type\":\"ImageObject\",\"inLanguage\":\"pt-PT\",\"@id\":\"https:\/\/sites.ecclesia.pt\/loc-mtc\/#\/schema\/logo\/image\/\",\"url\":\"https:\/\/sites.ecclesia.pt\/loc-mtc\/wp-content\/uploads\/2021\/07\/loc-mtc-fb.jpg\",\"contentUrl\":\"https:\/\/sites.ecclesia.pt\/loc-mtc\/wp-content\/uploads\/2021\/07\/loc-mtc-fb.jpg\",\"width\":583,\"height\":552,\"caption\":\"LOC\/MTC - Liga Oper\u00e1ria Cat\u00f3lica\/Movimento dos Trabalhadores Crist\u00e3os\"},\"image\":{\"@id\":\"https:\/\/sites.ecclesia.pt\/loc-mtc\/#\/schema\/logo\/image\/\"}},{\"@type\":\"Person\",\"@id\":\"https:\/\/sites.ecclesia.pt\/loc-mtc\/#\/schema\/person\/8ba13a346b282ac81bddb0740218c156\",\"name\":\"LOC-MTC\",\"image\":{\"@type\":\"ImageObject\",\"inLanguage\":\"pt-PT\",\"@id\":\"https:\/\/sites.ecclesia.pt\/loc-mtc\/#\/schema\/person\/image\/\",\"url\":\"https:\/\/secure.gravatar.com\/avatar\/381f263bbf1376baf59211319cecf05597b65a26b86db6798bf393c99c999ed9?s=96&d=mm&r=g\",\"contentUrl\":\"https:\/\/secure.gravatar.com\/avatar\/381f263bbf1376baf59211319cecf05597b65a26b86db6798bf393c99c999ed9?s=96&d=mm&r=g\",\"caption\":\"LOC-MTC\"},\"sameAs\":[\"http:\/\/www.ecclesia.pt\/loc-mtc\"]}]}<\/script>\n<!-- \/ Yoast SEO plugin. -->","yoast_head_json":{"title":"Entrevista aos Coordenadores Diocesanos da LOC\/MTC - LOC-MTC","robots":{"index":"index","follow":"follow","max-snippet":"max-snippet:-1","max-image-preview":"max-image-preview:large","max-video-preview":"max-video-preview:-1"},"canonical":"https:\/\/sites.ecclesia.pt\/loc-mtc\/entrevista-aos-coordenadores-diocesanos-da-loc-mtc\/","og_locale":"pt_PT","og_type":"article","og_title":"Entrevista aos Coordenadores Diocesanos da LOC\/MTC - LOC-MTC","og_description":"\u00c9 tempo de conversarmos, dentro das condi\u00e7\u00f5es poss\u00edveis, as limita\u00e7\u00f5es e cuidados que o novo coronav\u00edrus exige. E lembrem-se que enquanto isto durar n\u00e3o admite descuidos, cada atitude, cada contacto, exige responsabilidade. E como diz o outro se a vida nos d\u00e1 um lim\u00e3o, fa\u00e7amos uma limonada. Temos uma experi\u00eancia de milit\u00e2ncia de muita responsabilidade e ent\u00e3o vamos tamb\u00e9m aplicar essa experi\u00eancia para o cuidado da nossa vida e de todos aqueles com que nos ligamos. Hoje envio uma experi\u00eancia que queremos partilhar com o m\u00e1ximo poss\u00edvel de militantes e amigos do movimento. Queremos chegar a todas as dioceses, seus coordenadores e iniciamos pelos Coordenadores da Diocese do Porto. \u00c9 nestes tempos que se preparam os caminhos do futuro. Conhecer-nos melhor \u00e9 tamb\u00e9m confiar mais uns nos outros. Brevemente, coordenadores de outra diocese receberam o convite para responder \u00e0 nossa entrevista. Boas leituras, boa divulga\u00e7\u00e3o pelos militantes e amigos da LOC\/MTC de Portugal e arredores. Abra\u00e7o e muita sa\u00fade.","og_url":"https:\/\/sites.ecclesia.pt\/loc-mtc\/entrevista-aos-coordenadores-diocesanos-da-loc-mtc\/","og_site_name":"LOC-MTC","article_published_time":"2020-05-31T15:55:39+00:00","article_modified_time":"2020-05-31T16:03:14+00:00","og_image":[{"width":778,"height":513,"url":"https:\/\/sites.ecclesia.pt\/loc-mtc\/wp-content\/uploads\/2020\/05\/Entrevista-Coordenadores-Porto.jpg","type":"image\/jpeg"}],"author":"LOC-MTC","twitter_card":"summary_large_image","twitter_misc":{"Escrito por":"LOC-MTC"},"schema":{"@context":"https:\/\/schema.org","@graph":[{"@type":"Article","@id":"https:\/\/sites.ecclesia.pt\/loc-mtc\/entrevista-aos-coordenadores-diocesanos-da-loc-mtc\/#article","isPartOf":{"@id":"https:\/\/sites.ecclesia.pt\/loc-mtc\/entrevista-aos-coordenadores-diocesanos-da-loc-mtc\/"},"author":{"name":"LOC-MTC","@id":"https:\/\/sites.ecclesia.pt\/loc-mtc\/#\/schema\/person\/8ba13a346b282ac81bddb0740218c156"},"headline":"Entrevista aos Coordenadores Diocesanos da LOC\/MTC","datePublished":"2020-05-31T15:55:39+00:00","dateModified":"2020-05-31T16:03:14+00:00","mainEntityOfPage":{"@id":"https:\/\/sites.ecclesia.pt\/loc-mtc\/entrevista-aos-coordenadores-diocesanos-da-loc-mtc\/"},"wordCount":7,"publisher":{"@id":"https:\/\/sites.ecclesia.pt\/loc-mtc\/#organization"},"image":{"@id":"https:\/\/sites.ecclesia.pt\/loc-mtc\/entrevista-aos-coordenadores-diocesanos-da-loc-mtc\/#primaryimage"},"thumbnailUrl":"https:\/\/sites.ecclesia.pt\/loc-mtc\/wp-content\/uploads\/2020\/05\/Entrevista-Coordenadores-Porto.jpg","articleSection":["Not\u00edcias"],"inLanguage":"pt-PT"},{"@type":"WebPage","@id":"https:\/\/sites.ecclesia.pt\/loc-mtc\/entrevista-aos-coordenadores-diocesanos-da-loc-mtc\/","url":"https:\/\/sites.ecclesia.pt\/loc-mtc\/entrevista-aos-coordenadores-diocesanos-da-loc-mtc\/","name":"Entrevista aos Coordenadores Diocesanos da LOC\/MTC - LOC-MTC","isPartOf":{"@id":"https:\/\/sites.ecclesia.pt\/loc-mtc\/#website"},"primaryImageOfPage":{"@id":"https:\/\/sites.ecclesia.pt\/loc-mtc\/entrevista-aos-coordenadores-diocesanos-da-loc-mtc\/#primaryimage"},"image":{"@id":"https:\/\/sites.ecclesia.pt\/loc-mtc\/entrevista-aos-coordenadores-diocesanos-da-loc-mtc\/#primaryimage"},"thumbnailUrl":"https:\/\/sites.ecclesia.pt\/loc-mtc\/wp-content\/uploads\/2020\/05\/Entrevista-Coordenadores-Porto.jpg","datePublished":"2020-05-31T15:55:39+00:00","dateModified":"2020-05-31T16:03:14+00:00","breadcrumb":{"@id":"https:\/\/sites.ecclesia.pt\/loc-mtc\/entrevista-aos-coordenadores-diocesanos-da-loc-mtc\/#breadcrumb"},"inLanguage":"pt-PT","potentialAction":[{"@type":"ReadAction","target":["https:\/\/sites.ecclesia.pt\/loc-mtc\/entrevista-aos-coordenadores-diocesanos-da-loc-mtc\/"]}]},{"@type":"ImageObject","inLanguage":"pt-PT","@id":"https:\/\/sites.ecclesia.pt\/loc-mtc\/entrevista-aos-coordenadores-diocesanos-da-loc-mtc\/#primaryimage","url":"https:\/\/sites.ecclesia.pt\/loc-mtc\/wp-content\/uploads\/2020\/05\/Entrevista-Coordenadores-Porto.jpg","contentUrl":"https:\/\/sites.ecclesia.pt\/loc-mtc\/wp-content\/uploads\/2020\/05\/Entrevista-Coordenadores-Porto.jpg","width":778,"height":513},{"@type":"BreadcrumbList","@id":"https:\/\/sites.ecclesia.pt\/loc-mtc\/entrevista-aos-coordenadores-diocesanos-da-loc-mtc\/#breadcrumb","itemListElement":[{"@type":"ListItem","position":1,"name":"Home","item":"https:\/\/sites.ecclesia.pt\/loc-mtc\/"},{"@type":"ListItem","position":2,"name":"Entrevista aos Coordenadores Diocesanos da LOC\/MTC"}]},{"@type":"WebSite","@id":"https:\/\/sites.ecclesia.pt\/loc-mtc\/#website","url":"https:\/\/sites.ecclesia.pt\/loc-mtc\/","name":"LOC-MTC","description":"Liga Oper\u00e1ria Cat\u00f3lica \u2013 Movimento de Trabalhadores Crist\u00e3os","publisher":{"@id":"https:\/\/sites.ecclesia.pt\/loc-mtc\/#organization"},"potentialAction":[{"@type":"SearchAction","target":{"@type":"EntryPoint","urlTemplate":"https:\/\/sites.ecclesia.pt\/loc-mtc\/?s={search_term_string}"},"query-input":{"@type":"PropertyValueSpecification","valueRequired":true,"valueName":"search_term_string"}}],"inLanguage":"pt-PT"},{"@type":"Organization","@id":"https:\/\/sites.ecclesia.pt\/loc-mtc\/#organization","name":"LOC\/MTC - Liga Oper\u00e1ria Cat\u00f3lica\/Movimento dos Trabalhadores Crist\u00e3os","alternateName":"LOC\/MTC","url":"https:\/\/sites.ecclesia.pt\/loc-mtc\/","logo":{"@type":"ImageObject","inLanguage":"pt-PT","@id":"https:\/\/sites.ecclesia.pt\/loc-mtc\/#\/schema\/logo\/image\/","url":"https:\/\/sites.ecclesia.pt\/loc-mtc\/wp-content\/uploads\/2021\/07\/loc-mtc-fb.jpg","contentUrl":"https:\/\/sites.ecclesia.pt\/loc-mtc\/wp-content\/uploads\/2021\/07\/loc-mtc-fb.jpg","width":583,"height":552,"caption":"LOC\/MTC - Liga Oper\u00e1ria Cat\u00f3lica\/Movimento dos Trabalhadores Crist\u00e3os"},"image":{"@id":"https:\/\/sites.ecclesia.pt\/loc-mtc\/#\/schema\/logo\/image\/"}},{"@type":"Person","@id":"https:\/\/sites.ecclesia.pt\/loc-mtc\/#\/schema\/person\/8ba13a346b282ac81bddb0740218c156","name":"LOC-MTC","image":{"@type":"ImageObject","inLanguage":"pt-PT","@id":"https:\/\/sites.ecclesia.pt\/loc-mtc\/#\/schema\/person\/image\/","url":"https:\/\/secure.gravatar.com\/avatar\/381f263bbf1376baf59211319cecf05597b65a26b86db6798bf393c99c999ed9?s=96&d=mm&r=g","contentUrl":"https:\/\/secure.gravatar.com\/avatar\/381f263bbf1376baf59211319cecf05597b65a26b86db6798bf393c99c999ed9?s=96&d=mm&r=g","caption":"LOC-MTC"},"sameAs":["http:\/\/www.ecclesia.pt\/loc-mtc"]}]}},"_links":{"self":[{"href":"https:\/\/sites.ecclesia.pt\/loc-mtc\/wp-json\/wp\/v2\/posts\/2130","targetHints":{"allow":["GET"]}}],"collection":[{"href":"https:\/\/sites.ecclesia.pt\/loc-mtc\/wp-json\/wp\/v2\/posts"}],"about":[{"href":"https:\/\/sites.ecclesia.pt\/loc-mtc\/wp-json\/wp\/v2\/types\/post"}],"author":[{"embeddable":true,"href":"https:\/\/sites.ecclesia.pt\/loc-mtc\/wp-json\/wp\/v2\/users\/2"}],"replies":[{"embeddable":true,"href":"https:\/\/sites.ecclesia.pt\/loc-mtc\/wp-json\/wp\/v2\/comments?post=2130"}],"version-history":[{"count":3,"href":"https:\/\/sites.ecclesia.pt\/loc-mtc\/wp-json\/wp\/v2\/posts\/2130\/revisions"}],"predecessor-version":[{"id":2140,"href":"https:\/\/sites.ecclesia.pt\/loc-mtc\/wp-json\/wp\/v2\/posts\/2130\/revisions\/2140"}],"wp:featuredmedia":[{"embeddable":true,"href":"https:\/\/sites.ecclesia.pt\/loc-mtc\/wp-json\/wp\/v2\/media\/2141"}],"wp:attachment":[{"href":"https:\/\/sites.ecclesia.pt\/loc-mtc\/wp-json\/wp\/v2\/media?parent=2130"}],"wp:term":[{"taxonomy":"category","embeddable":true,"href":"https:\/\/sites.ecclesia.pt\/loc-mtc\/wp-json\/wp\/v2\/categories?post=2130"},{"taxonomy":"post_tag","embeddable":true,"href":"https:\/\/sites.ecclesia.pt\/loc-mtc\/wp-json\/wp\/v2\/tags?post=2130"}],"curies":[{"name":"wp","href":"https:\/\/api.w.org\/{rel}","templated":true}]}}