{"id":2144,"date":"2020-06-09T12:42:54","date_gmt":"2020-06-09T12:42:54","guid":{"rendered":"http:\/\/sites.ecclesia.pt\/loc-mtc\/?p=2144"},"modified":"2020-06-09T12:42:54","modified_gmt":"2020-06-09T12:42:54","slug":"vivencia-de-uma-enfermeira-gestora-em-ambito-hospitalar-durante-a-pandemia","status":"publish","type":"post","link":"https:\/\/sites.ecclesia.pt\/loc-mtc\/vivencia-de-uma-enfermeira-gestora-em-ambito-hospitalar-durante-a-pandemia\/","title":{"rendered":"Viv\u00eancia de Uma Enfermeira Gestora em \u00c2mbito Hospitalar Durante a Pandemia"},"content":{"rendered":"<p>A Covid-19 \u00e9 uma doen\u00e7a nova. De repente, um novo coronav\u00edrus \u2013 SARS-CoV-2 \u2013 provocou uma pandemia. Uma situa\u00e7\u00e3o desconhecida de todos, com contornos que ningu\u00e9m sabe o que esperar, a n\u00e3o ser que \u00e9 grave, muito grave, e que o sistema de sa\u00fade pode entrar em rotura. Os hospitais s\u00e3o obrigados a reorganizarem-se, a esquecer a normal divis\u00e3o de servi\u00e7os por especialidades, a mobilizar todos os recursos materiais e humanos. Normas da Dire\u00e7\u00e3o Geral de Sa\u00fade a sa\u00edrem a todo o minuto.<\/p>\n<p>O medo do desconhecido presente desde o primeiro minuto, o trabalho \u00e9 exaustivo e em v\u00e1rias frentes:<\/p>\n<p>H\u00e1 que deslocar servi\u00e7os confinando espa\u00e7os, onde \u00e9 normalmente a ortopedia tem de passar a ser ortopedia e cirurgia. Onde s\u00e3o as cirurgias vai passar a ser internamento COVID.<\/p>\n<p>H\u00e1 que dividir os recursos humanos, ter em conta que cada enfermeiro tem tamb\u00e9m uma hist\u00f3ria associada: ou tem j\u00e1 alguma idade, ou est\u00e1 a amamentar, ou est\u00e1 gravida, ou tem uma doen\u00e7a cr\u00f3nica\u2026 E n\u00e3o podem estar em contacto com o v\u00edrus<\/p>\n<p><img loading=\"lazy\" decoding=\"async\" class=\"size-medium wp-image-2146 alignleft\" src=\"https:\/\/sites.ecclesia.pt\/loc-mtc\/wp-content\/uploads\/2020\/06\/2-225x300.png\" alt=\"\" width=\"225\" height=\"300\" \/>H\u00e1 que ter em conta que montar um servi\u00e7o desta natureza implica uma especificidade enorme; desde todos os equipamentos de prote\u00e7\u00e3o necess\u00e1rios, aos ventiladores, aos monitores, \u00e0 medica\u00e7\u00e3o, n\u00e3o pode faltar nada, mas n\u00e3o pode estar nada a mais sob o risco de ter de ir para incinerar. \u00c9 necess\u00e1rio criar circuitos, zonas limpas e zonas sujas, tudo o que entra s\u00f3 pode sair duplamente embalado ou para a esteriliza\u00e7\u00e3o ou para incinerar. At\u00e9 a alimenta\u00e7\u00e3o dos profissionais tem de ser em embalagens descart\u00e1veis. Os servi\u00e7os n\u00e3o est\u00e3o preparados, mas todo o pessoal tem que tomar banho antes de sair e trocar de roupa, coisas simples, mas como se o balne\u00e1rio \u00e9 fora do servi\u00e7o?<\/p>\n<p>H\u00e1 que formar e treinar as equipas, por exemplo o fato de prote\u00e7\u00e3o tem normas muito especificas de vestir e despir, o m\u00ednimo erro e est\u00e1 tudo conspurcado. Todas as normas t\u00eam de ser cumpridas, que papel dif\u00edcil o de conseguir transmitir seguran\u00e7a \u00e0 minha equipa.<\/p>\n<p>H\u00e1 que redefinir hor\u00e1rios, quanto menos vezes entrarem e sa\u00edrem melhor, turnos maiores permitem tamb\u00e9m um intervalo maior fora do servi\u00e7o (apesar de confinados sem irem ter com a fam\u00edlia), por outro lado ningu\u00e9m aguenta mais de 4 horas dentro dos fatos.<\/p>\n<p>Como enfermeira gestora, confesso que foi muito dif\u00edcil, como gerir tudo isto mantendo uma equipa motivada, motivada para fazer bem, com todos os medos associados. Foram noites sem conseguir dormir. Vir a casa foi sempre um porto de abrigo, mas n\u00e3o tinha o direito de partilhar tudo o que estava a viver com o meu marido, n\u00e3o o podia preocupar ainda mais. Ningu\u00e9m est\u00e1 preparado para sofrer um embate destes. Foi uma experi\u00eancia inesquec\u00edvel, e terrivelmente marcante.<\/p>\n<p>Os doentes come\u00e7aram a chegar, \u00e9 simplesmente horr\u00edvel. Hipoxia \u00e9 o sintoma mais comum. Hipoxia significa que existe uma baixa quantidade de oxig\u00e9nio necess\u00e1ria para manter as suas fun\u00e7\u00f5es vitais no sangue. Normalmente manifesta-se por dispneia, franca dificuldade respirat\u00f3ria, pela incapacidade de se terminar frases, cansa\u00e7o extremo e uso de m\u00fasculos acess\u00f3rios da respira\u00e7\u00e3o, dores que nem eles conseguem definir.<\/p>\n<p>Em poucas horas este doente tem necessidades de ser ventilados. Emerg\u00eancia que temos de responder e que nem sempre tem o melhor final, sobretudo nos doentes mais idosos. Nunca me vou esquecer dos olhos cheios de d\u00favidas e ang\u00fastia daquela senhora que lutou 16 dias com os seus 102 anos e n\u00e3o conseguiu sobreviver, n\u00e3o teve sequer o direito a despedir-se da sua fam\u00edlia.<\/p>\n<p>No meio de toda esta luta n\u00e3o podia ignorar a necessidade de todos os dias ter de repor stocks, era indispens\u00e1vel que n\u00e3o tiv\u00e9ssemos nenhuma falta de materiais. As not\u00edcias apontavam para ruturas e ruturas podiam implicar a contamina\u00e7\u00e3o da equipa que sou respons\u00e1vel, Isso n\u00e3o podia acontecer. Felizmente n\u00e3o aconteceu, no nosso hospital n\u00e3o faltou materiais embora com uma gest\u00e3o muito criteriosa.<\/p>\n<p>Pouco a pouco a situa\u00e7\u00e3o foi melhorando e hoje j\u00e1 estamos com o nosso servi\u00e7o de cirurgia a funcionar normalmente. E eu estou imensamente grata \u00e0 minha equipa, vivemos momentos muito dif\u00edceis, mas uni\u00e3o n\u00e3o faltou com trabalho de excelente qualidade e uma disponibilidade total.<\/p>\n<p>Um sentimento perdura, os enfermeiros s\u00e3o pe\u00e7as fundamentais de um sistema que sem eles n\u00e3o funciona e s\u00f3 s\u00e3o devidamente valorizados numa pandemia, fora esta situa\u00e7\u00e3o, s\u00e3o pessoal de segunda, muito pouco respeitados e valorizados por quem mais precisa deles, a popula\u00e7\u00e3o em geral.<\/p>\n<p><strong>\u00a0<\/strong><\/p>\n<p><strong>Graciete Marques<\/strong><\/p>\n<p><strong>Militante do grupo Caminhar de Cacia<\/strong><\/p>\n<p><strong>Diocese de Aveiro<\/strong><\/p>\n","protected":false},"excerpt":{"rendered":"<p>O pr\u00f3ximo Boletim Militante (B. M.) da LOC\/MTC &#8211; Liga Oper\u00e1ria Cat\u00f3lica\/Movimento de Trabalhadores Crist\u00e3os est\u00e1 em prepara\u00e7\u00e3o.<br \/>\nPedimos testemunhos a militantes das Dioceses onde est\u00e1 o Movimento, sobre as viv\u00eancias deste tempo de pandemia.<br \/>\nFica j\u00e1 aqui um desses testemunhos de vida, de uma Militante que vive o problema do lado de dentro do nosso Servi\u00e7o Nacional de Sa\u00fade.<\/p>\n","protected":false},"author":2,"featured_media":2145,"comment_status":"closed","ping_status":"closed","sticky":false,"template":"","format":"standard","meta":{"_et_pb_use_builder":"","_et_pb_old_content":"","_et_gb_content_width":"","footnotes":""},"categories":[2],"tags":[],"class_list":["post-2144","post","type-post","status-publish","format-standard","has-post-thumbnail","hentry","category-noticias"],"yoast_head":"<!-- This site is optimized with the Yoast SEO plugin v26.9 - https:\/\/yoast.com\/product\/yoast-seo-wordpress\/ -->\n<title>Viv\u00eancia de Uma Enfermeira Gestora em \u00c2mbito Hospitalar Durante a Pandemia - LOC-MTC<\/title>\n<meta name=\"robots\" content=\"index, follow, max-snippet:-1, max-image-preview:large, max-video-preview:-1\" \/>\n<link rel=\"canonical\" href=\"https:\/\/sites.ecclesia.pt\/loc-mtc\/vivencia-de-uma-enfermeira-gestora-em-ambito-hospitalar-durante-a-pandemia\/\" \/>\n<meta property=\"og:locale\" content=\"pt_PT\" \/>\n<meta property=\"og:type\" content=\"article\" \/>\n<meta property=\"og:title\" content=\"Viv\u00eancia de Uma Enfermeira Gestora em \u00c2mbito Hospitalar Durante a Pandemia - LOC-MTC\" \/>\n<meta property=\"og:description\" content=\"O pr\u00f3ximo Boletim Militante (B. M.) da LOC\/MTC - Liga Oper\u00e1ria Cat\u00f3lica\/Movimento de Trabalhadores Crist\u00e3os est\u00e1 em prepara\u00e7\u00e3o. Pedimos testemunhos a militantes das Dioceses onde est\u00e1 o Movimento, sobre as viv\u00eancias deste tempo de pandemia. Fica j\u00e1 aqui um desses testemunhos de vida, de uma Militante que vive o problema do lado de dentro do nosso Servi\u00e7o Nacional de Sa\u00fade.\" \/>\n<meta property=\"og:url\" content=\"https:\/\/sites.ecclesia.pt\/loc-mtc\/vivencia-de-uma-enfermeira-gestora-em-ambito-hospitalar-durante-a-pandemia\/\" \/>\n<meta property=\"og:site_name\" content=\"LOC-MTC\" \/>\n<meta property=\"article:published_time\" content=\"2020-06-09T12:42:54+00:00\" \/>\n<meta property=\"og:image\" content=\"https:\/\/sites.ecclesia.pt\/loc-mtc\/wp-content\/uploads\/2020\/06\/1.png\" \/>\n\t<meta property=\"og:image:width\" content=\"877\" \/>\n\t<meta property=\"og:image:height\" content=\"658\" \/>\n\t<meta property=\"og:image:type\" content=\"image\/png\" \/>\n<meta name=\"author\" content=\"LOC-MTC\" \/>\n<meta name=\"twitter:card\" content=\"summary_large_image\" \/>\n<meta name=\"twitter:label1\" content=\"Escrito por\" \/>\n\t<meta name=\"twitter:data1\" content=\"LOC-MTC\" \/>\n\t<meta name=\"twitter:label2\" content=\"Tempo estimado de leitura\" \/>\n\t<meta name=\"twitter:data2\" content=\"4 minutos\" \/>\n<script type=\"application\/ld+json\" class=\"yoast-schema-graph\">{\"@context\":\"https:\/\/schema.org\",\"@graph\":[{\"@type\":\"Article\",\"@id\":\"https:\/\/sites.ecclesia.pt\/loc-mtc\/vivencia-de-uma-enfermeira-gestora-em-ambito-hospitalar-durante-a-pandemia\/#article\",\"isPartOf\":{\"@id\":\"https:\/\/sites.ecclesia.pt\/loc-mtc\/vivencia-de-uma-enfermeira-gestora-em-ambito-hospitalar-durante-a-pandemia\/\"},\"author\":{\"name\":\"LOC-MTC\",\"@id\":\"https:\/\/sites.ecclesia.pt\/loc-mtc\/#\/schema\/person\/8ba13a346b282ac81bddb0740218c156\"},\"headline\":\"Viv\u00eancia de Uma Enfermeira Gestora em \u00c2mbito Hospitalar Durante a Pandemia\",\"datePublished\":\"2020-06-09T12:42:54+00:00\",\"mainEntityOfPage\":{\"@id\":\"https:\/\/sites.ecclesia.pt\/loc-mtc\/vivencia-de-uma-enfermeira-gestora-em-ambito-hospitalar-durante-a-pandemia\/\"},\"wordCount\":828,\"publisher\":{\"@id\":\"https:\/\/sites.ecclesia.pt\/loc-mtc\/#organization\"},\"image\":{\"@id\":\"https:\/\/sites.ecclesia.pt\/loc-mtc\/vivencia-de-uma-enfermeira-gestora-em-ambito-hospitalar-durante-a-pandemia\/#primaryimage\"},\"thumbnailUrl\":\"https:\/\/sites.ecclesia.pt\/loc-mtc\/wp-content\/uploads\/2020\/06\/1.png\",\"articleSection\":[\"Not\u00edcias\"],\"inLanguage\":\"pt-PT\"},{\"@type\":\"WebPage\",\"@id\":\"https:\/\/sites.ecclesia.pt\/loc-mtc\/vivencia-de-uma-enfermeira-gestora-em-ambito-hospitalar-durante-a-pandemia\/\",\"url\":\"https:\/\/sites.ecclesia.pt\/loc-mtc\/vivencia-de-uma-enfermeira-gestora-em-ambito-hospitalar-durante-a-pandemia\/\",\"name\":\"Viv\u00eancia de Uma Enfermeira Gestora em \u00c2mbito Hospitalar Durante a Pandemia - LOC-MTC\",\"isPartOf\":{\"@id\":\"https:\/\/sites.ecclesia.pt\/loc-mtc\/#website\"},\"primaryImageOfPage\":{\"@id\":\"https:\/\/sites.ecclesia.pt\/loc-mtc\/vivencia-de-uma-enfermeira-gestora-em-ambito-hospitalar-durante-a-pandemia\/#primaryimage\"},\"image\":{\"@id\":\"https:\/\/sites.ecclesia.pt\/loc-mtc\/vivencia-de-uma-enfermeira-gestora-em-ambito-hospitalar-durante-a-pandemia\/#primaryimage\"},\"thumbnailUrl\":\"https:\/\/sites.ecclesia.pt\/loc-mtc\/wp-content\/uploads\/2020\/06\/1.png\",\"datePublished\":\"2020-06-09T12:42:54+00:00\",\"breadcrumb\":{\"@id\":\"https:\/\/sites.ecclesia.pt\/loc-mtc\/vivencia-de-uma-enfermeira-gestora-em-ambito-hospitalar-durante-a-pandemia\/#breadcrumb\"},\"inLanguage\":\"pt-PT\",\"potentialAction\":[{\"@type\":\"ReadAction\",\"target\":[\"https:\/\/sites.ecclesia.pt\/loc-mtc\/vivencia-de-uma-enfermeira-gestora-em-ambito-hospitalar-durante-a-pandemia\/\"]}]},{\"@type\":\"ImageObject\",\"inLanguage\":\"pt-PT\",\"@id\":\"https:\/\/sites.ecclesia.pt\/loc-mtc\/vivencia-de-uma-enfermeira-gestora-em-ambito-hospitalar-durante-a-pandemia\/#primaryimage\",\"url\":\"https:\/\/sites.ecclesia.pt\/loc-mtc\/wp-content\/uploads\/2020\/06\/1.png\",\"contentUrl\":\"https:\/\/sites.ecclesia.pt\/loc-mtc\/wp-content\/uploads\/2020\/06\/1.png\",\"width\":877,\"height\":658},{\"@type\":\"BreadcrumbList\",\"@id\":\"https:\/\/sites.ecclesia.pt\/loc-mtc\/vivencia-de-uma-enfermeira-gestora-em-ambito-hospitalar-durante-a-pandemia\/#breadcrumb\",\"itemListElement\":[{\"@type\":\"ListItem\",\"position\":1,\"name\":\"Home\",\"item\":\"https:\/\/sites.ecclesia.pt\/loc-mtc\/\"},{\"@type\":\"ListItem\",\"position\":2,\"name\":\"Viv\u00eancia de Uma Enfermeira Gestora em \u00c2mbito Hospitalar Durante a Pandemia\"}]},{\"@type\":\"WebSite\",\"@id\":\"https:\/\/sites.ecclesia.pt\/loc-mtc\/#website\",\"url\":\"https:\/\/sites.ecclesia.pt\/loc-mtc\/\",\"name\":\"LOC-MTC\",\"description\":\"Liga Oper\u00e1ria Cat\u00f3lica \u2013 Movimento de Trabalhadores Crist\u00e3os\",\"publisher\":{\"@id\":\"https:\/\/sites.ecclesia.pt\/loc-mtc\/#organization\"},\"potentialAction\":[{\"@type\":\"SearchAction\",\"target\":{\"@type\":\"EntryPoint\",\"urlTemplate\":\"https:\/\/sites.ecclesia.pt\/loc-mtc\/?s={search_term_string}\"},\"query-input\":{\"@type\":\"PropertyValueSpecification\",\"valueRequired\":true,\"valueName\":\"search_term_string\"}}],\"inLanguage\":\"pt-PT\"},{\"@type\":\"Organization\",\"@id\":\"https:\/\/sites.ecclesia.pt\/loc-mtc\/#organization\",\"name\":\"LOC\/MTC - Liga Oper\u00e1ria Cat\u00f3lica\/Movimento dos Trabalhadores Crist\u00e3os\",\"alternateName\":\"LOC\/MTC\",\"url\":\"https:\/\/sites.ecclesia.pt\/loc-mtc\/\",\"logo\":{\"@type\":\"ImageObject\",\"inLanguage\":\"pt-PT\",\"@id\":\"https:\/\/sites.ecclesia.pt\/loc-mtc\/#\/schema\/logo\/image\/\",\"url\":\"https:\/\/sites.ecclesia.pt\/loc-mtc\/wp-content\/uploads\/2021\/07\/loc-mtc-fb.jpg\",\"contentUrl\":\"https:\/\/sites.ecclesia.pt\/loc-mtc\/wp-content\/uploads\/2021\/07\/loc-mtc-fb.jpg\",\"width\":583,\"height\":552,\"caption\":\"LOC\/MTC - Liga Oper\u00e1ria Cat\u00f3lica\/Movimento dos Trabalhadores Crist\u00e3os\"},\"image\":{\"@id\":\"https:\/\/sites.ecclesia.pt\/loc-mtc\/#\/schema\/logo\/image\/\"}},{\"@type\":\"Person\",\"@id\":\"https:\/\/sites.ecclesia.pt\/loc-mtc\/#\/schema\/person\/8ba13a346b282ac81bddb0740218c156\",\"name\":\"LOC-MTC\",\"image\":{\"@type\":\"ImageObject\",\"inLanguage\":\"pt-PT\",\"@id\":\"https:\/\/sites.ecclesia.pt\/loc-mtc\/#\/schema\/person\/image\/\",\"url\":\"https:\/\/secure.gravatar.com\/avatar\/381f263bbf1376baf59211319cecf05597b65a26b86db6798bf393c99c999ed9?s=96&d=mm&r=g\",\"contentUrl\":\"https:\/\/secure.gravatar.com\/avatar\/381f263bbf1376baf59211319cecf05597b65a26b86db6798bf393c99c999ed9?s=96&d=mm&r=g\",\"caption\":\"LOC-MTC\"},\"sameAs\":[\"http:\/\/www.ecclesia.pt\/loc-mtc\"]}]}<\/script>\n<!-- \/ Yoast SEO plugin. -->","yoast_head_json":{"title":"Viv\u00eancia de Uma Enfermeira Gestora em \u00c2mbito Hospitalar Durante a Pandemia - LOC-MTC","robots":{"index":"index","follow":"follow","max-snippet":"max-snippet:-1","max-image-preview":"max-image-preview:large","max-video-preview":"max-video-preview:-1"},"canonical":"https:\/\/sites.ecclesia.pt\/loc-mtc\/vivencia-de-uma-enfermeira-gestora-em-ambito-hospitalar-durante-a-pandemia\/","og_locale":"pt_PT","og_type":"article","og_title":"Viv\u00eancia de Uma Enfermeira Gestora em \u00c2mbito Hospitalar Durante a Pandemia - LOC-MTC","og_description":"O pr\u00f3ximo Boletim Militante (B. M.) da LOC\/MTC - Liga Oper\u00e1ria Cat\u00f3lica\/Movimento de Trabalhadores Crist\u00e3os est\u00e1 em prepara\u00e7\u00e3o. Pedimos testemunhos a militantes das Dioceses onde est\u00e1 o Movimento, sobre as viv\u00eancias deste tempo de pandemia. Fica j\u00e1 aqui um desses testemunhos de vida, de uma Militante que vive o problema do lado de dentro do nosso Servi\u00e7o Nacional de Sa\u00fade.","og_url":"https:\/\/sites.ecclesia.pt\/loc-mtc\/vivencia-de-uma-enfermeira-gestora-em-ambito-hospitalar-durante-a-pandemia\/","og_site_name":"LOC-MTC","article_published_time":"2020-06-09T12:42:54+00:00","og_image":[{"width":877,"height":658,"url":"https:\/\/sites.ecclesia.pt\/loc-mtc\/wp-content\/uploads\/2020\/06\/1.png","type":"image\/png"}],"author":"LOC-MTC","twitter_card":"summary_large_image","twitter_misc":{"Escrito por":"LOC-MTC","Tempo estimado de leitura":"4 minutos"},"schema":{"@context":"https:\/\/schema.org","@graph":[{"@type":"Article","@id":"https:\/\/sites.ecclesia.pt\/loc-mtc\/vivencia-de-uma-enfermeira-gestora-em-ambito-hospitalar-durante-a-pandemia\/#article","isPartOf":{"@id":"https:\/\/sites.ecclesia.pt\/loc-mtc\/vivencia-de-uma-enfermeira-gestora-em-ambito-hospitalar-durante-a-pandemia\/"},"author":{"name":"LOC-MTC","@id":"https:\/\/sites.ecclesia.pt\/loc-mtc\/#\/schema\/person\/8ba13a346b282ac81bddb0740218c156"},"headline":"Viv\u00eancia de Uma Enfermeira Gestora em \u00c2mbito Hospitalar Durante a Pandemia","datePublished":"2020-06-09T12:42:54+00:00","mainEntityOfPage":{"@id":"https:\/\/sites.ecclesia.pt\/loc-mtc\/vivencia-de-uma-enfermeira-gestora-em-ambito-hospitalar-durante-a-pandemia\/"},"wordCount":828,"publisher":{"@id":"https:\/\/sites.ecclesia.pt\/loc-mtc\/#organization"},"image":{"@id":"https:\/\/sites.ecclesia.pt\/loc-mtc\/vivencia-de-uma-enfermeira-gestora-em-ambito-hospitalar-durante-a-pandemia\/#primaryimage"},"thumbnailUrl":"https:\/\/sites.ecclesia.pt\/loc-mtc\/wp-content\/uploads\/2020\/06\/1.png","articleSection":["Not\u00edcias"],"inLanguage":"pt-PT"},{"@type":"WebPage","@id":"https:\/\/sites.ecclesia.pt\/loc-mtc\/vivencia-de-uma-enfermeira-gestora-em-ambito-hospitalar-durante-a-pandemia\/","url":"https:\/\/sites.ecclesia.pt\/loc-mtc\/vivencia-de-uma-enfermeira-gestora-em-ambito-hospitalar-durante-a-pandemia\/","name":"Viv\u00eancia de Uma Enfermeira Gestora em \u00c2mbito Hospitalar Durante a Pandemia - LOC-MTC","isPartOf":{"@id":"https:\/\/sites.ecclesia.pt\/loc-mtc\/#website"},"primaryImageOfPage":{"@id":"https:\/\/sites.ecclesia.pt\/loc-mtc\/vivencia-de-uma-enfermeira-gestora-em-ambito-hospitalar-durante-a-pandemia\/#primaryimage"},"image":{"@id":"https:\/\/sites.ecclesia.pt\/loc-mtc\/vivencia-de-uma-enfermeira-gestora-em-ambito-hospitalar-durante-a-pandemia\/#primaryimage"},"thumbnailUrl":"https:\/\/sites.ecclesia.pt\/loc-mtc\/wp-content\/uploads\/2020\/06\/1.png","datePublished":"2020-06-09T12:42:54+00:00","breadcrumb":{"@id":"https:\/\/sites.ecclesia.pt\/loc-mtc\/vivencia-de-uma-enfermeira-gestora-em-ambito-hospitalar-durante-a-pandemia\/#breadcrumb"},"inLanguage":"pt-PT","potentialAction":[{"@type":"ReadAction","target":["https:\/\/sites.ecclesia.pt\/loc-mtc\/vivencia-de-uma-enfermeira-gestora-em-ambito-hospitalar-durante-a-pandemia\/"]}]},{"@type":"ImageObject","inLanguage":"pt-PT","@id":"https:\/\/sites.ecclesia.pt\/loc-mtc\/vivencia-de-uma-enfermeira-gestora-em-ambito-hospitalar-durante-a-pandemia\/#primaryimage","url":"https:\/\/sites.ecclesia.pt\/loc-mtc\/wp-content\/uploads\/2020\/06\/1.png","contentUrl":"https:\/\/sites.ecclesia.pt\/loc-mtc\/wp-content\/uploads\/2020\/06\/1.png","width":877,"height":658},{"@type":"BreadcrumbList","@id":"https:\/\/sites.ecclesia.pt\/loc-mtc\/vivencia-de-uma-enfermeira-gestora-em-ambito-hospitalar-durante-a-pandemia\/#breadcrumb","itemListElement":[{"@type":"ListItem","position":1,"name":"Home","item":"https:\/\/sites.ecclesia.pt\/loc-mtc\/"},{"@type":"ListItem","position":2,"name":"Viv\u00eancia de Uma Enfermeira Gestora em \u00c2mbito Hospitalar Durante a Pandemia"}]},{"@type":"WebSite","@id":"https:\/\/sites.ecclesia.pt\/loc-mtc\/#website","url":"https:\/\/sites.ecclesia.pt\/loc-mtc\/","name":"LOC-MTC","description":"Liga Oper\u00e1ria Cat\u00f3lica \u2013 Movimento de Trabalhadores Crist\u00e3os","publisher":{"@id":"https:\/\/sites.ecclesia.pt\/loc-mtc\/#organization"},"potentialAction":[{"@type":"SearchAction","target":{"@type":"EntryPoint","urlTemplate":"https:\/\/sites.ecclesia.pt\/loc-mtc\/?s={search_term_string}"},"query-input":{"@type":"PropertyValueSpecification","valueRequired":true,"valueName":"search_term_string"}}],"inLanguage":"pt-PT"},{"@type":"Organization","@id":"https:\/\/sites.ecclesia.pt\/loc-mtc\/#organization","name":"LOC\/MTC - Liga Oper\u00e1ria Cat\u00f3lica\/Movimento dos Trabalhadores Crist\u00e3os","alternateName":"LOC\/MTC","url":"https:\/\/sites.ecclesia.pt\/loc-mtc\/","logo":{"@type":"ImageObject","inLanguage":"pt-PT","@id":"https:\/\/sites.ecclesia.pt\/loc-mtc\/#\/schema\/logo\/image\/","url":"https:\/\/sites.ecclesia.pt\/loc-mtc\/wp-content\/uploads\/2021\/07\/loc-mtc-fb.jpg","contentUrl":"https:\/\/sites.ecclesia.pt\/loc-mtc\/wp-content\/uploads\/2021\/07\/loc-mtc-fb.jpg","width":583,"height":552,"caption":"LOC\/MTC - Liga Oper\u00e1ria Cat\u00f3lica\/Movimento dos Trabalhadores Crist\u00e3os"},"image":{"@id":"https:\/\/sites.ecclesia.pt\/loc-mtc\/#\/schema\/logo\/image\/"}},{"@type":"Person","@id":"https:\/\/sites.ecclesia.pt\/loc-mtc\/#\/schema\/person\/8ba13a346b282ac81bddb0740218c156","name":"LOC-MTC","image":{"@type":"ImageObject","inLanguage":"pt-PT","@id":"https:\/\/sites.ecclesia.pt\/loc-mtc\/#\/schema\/person\/image\/","url":"https:\/\/secure.gravatar.com\/avatar\/381f263bbf1376baf59211319cecf05597b65a26b86db6798bf393c99c999ed9?s=96&d=mm&r=g","contentUrl":"https:\/\/secure.gravatar.com\/avatar\/381f263bbf1376baf59211319cecf05597b65a26b86db6798bf393c99c999ed9?s=96&d=mm&r=g","caption":"LOC-MTC"},"sameAs":["http:\/\/www.ecclesia.pt\/loc-mtc"]}]}},"_links":{"self":[{"href":"https:\/\/sites.ecclesia.pt\/loc-mtc\/wp-json\/wp\/v2\/posts\/2144","targetHints":{"allow":["GET"]}}],"collection":[{"href":"https:\/\/sites.ecclesia.pt\/loc-mtc\/wp-json\/wp\/v2\/posts"}],"about":[{"href":"https:\/\/sites.ecclesia.pt\/loc-mtc\/wp-json\/wp\/v2\/types\/post"}],"author":[{"embeddable":true,"href":"https:\/\/sites.ecclesia.pt\/loc-mtc\/wp-json\/wp\/v2\/users\/2"}],"replies":[{"embeddable":true,"href":"https:\/\/sites.ecclesia.pt\/loc-mtc\/wp-json\/wp\/v2\/comments?post=2144"}],"version-history":[{"count":1,"href":"https:\/\/sites.ecclesia.pt\/loc-mtc\/wp-json\/wp\/v2\/posts\/2144\/revisions"}],"predecessor-version":[{"id":2147,"href":"https:\/\/sites.ecclesia.pt\/loc-mtc\/wp-json\/wp\/v2\/posts\/2144\/revisions\/2147"}],"wp:featuredmedia":[{"embeddable":true,"href":"https:\/\/sites.ecclesia.pt\/loc-mtc\/wp-json\/wp\/v2\/media\/2145"}],"wp:attachment":[{"href":"https:\/\/sites.ecclesia.pt\/loc-mtc\/wp-json\/wp\/v2\/media?parent=2144"}],"wp:term":[{"taxonomy":"category","embeddable":true,"href":"https:\/\/sites.ecclesia.pt\/loc-mtc\/wp-json\/wp\/v2\/categories?post=2144"},{"taxonomy":"post_tag","embeddable":true,"href":"https:\/\/sites.ecclesia.pt\/loc-mtc\/wp-json\/wp\/v2\/tags?post=2144"}],"curies":[{"name":"wp","href":"https:\/\/api.w.org\/{rel}","templated":true}]}}