{"id":2222,"date":"2020-10-05T19:36:58","date_gmt":"2020-10-05T19:36:58","guid":{"rendered":"http:\/\/sites.ecclesia.pt\/loc-mtc\/?p=2222"},"modified":"2020-10-05T19:36:58","modified_gmt":"2020-10-05T19:36:58","slug":"oracao-para-a-jornada-mundial-do-trabalho-digno","status":"publish","type":"post","link":"https:\/\/sites.ecclesia.pt\/loc-mtc\/oracao-para-a-jornada-mundial-do-trabalho-digno\/","title":{"rendered":"Ora\u00e7\u00e3o para a \u201cJornada Mundial do Trabalho Digno\u201d"},"content":{"rendered":"<p>Senhor,<\/p>\n<p>escuta a nossa ora\u00e7\u00e3o neste ano de 2020 e nesta jornada pelo trabalho digno!<\/p>\n<p>&nbsp;<\/p>\n<p>Tu v\u00eas como estamos a viver nesta crise sanit\u00e1ria mundial causada pelo COVID-19!<\/p>\n<p><strong>Durante esta crise<\/strong> temos reconhecido o trabalho do pessoal da sa\u00fade e tamb\u00e9m o de todas as pessoas indispens\u00e1veis ao funcionamento da vida social e econ\u00f3mica do pa\u00eds\u2026 temos rezado e aplaudido o trabalho para garantir a \u201cvida em comunidade\u201d no nosso pa\u00eds.<\/p>\n<p>Desej\u00e1ramos que o seu trabalho fosse melhor recompensado, apreciado e digno!<\/p>\n<p>&nbsp;<\/p>\n<p><strong>Mas antes desta crise<\/strong>, Senhor,<\/p>\n<p>Tu sabes bem que este trabalho n\u00e3o estava muito reconhecido e que os mesmos enfermeiros, bombeiros, pol\u00edcias, transportadores, apanhadores de lixo, etc. que pediam melhores sal\u00e1rios, melhores condi\u00e7\u00f5es de trabalho e melhores equipamentos, foram rejeitados, reprimidos, ignorados, em nome do equil\u00edbrio econ\u00f3mico!<\/p>\n<p>&nbsp;<\/p>\n<p>Tu, Senhor,<\/p>\n<p>Sabes que muitos trabalhadores e trabalhadoras perderam a sa\u00fade e, \u00e0s vezes, inclusive a vida, porque as suas condi\u00e7\u00f5es de trabalho eram demasiado duras e perigosas.<\/p>\n<p>&nbsp;<\/p>\n<p><strong>Assim, Senhor,<\/strong><\/p>\n<p><strong>faz que esta crise mundial produza algo de novo!<\/strong><\/p>\n<p>-Que produza algo de novo na nossa vida pessoal, comprometendo-nos a ter novas formas de consumo, novos projetos, cuidando do equil\u00edbrio do planeta e respeitando mais <strong>dignamente<\/strong> o trabalho dos outros.<\/p>\n<p>&nbsp;<\/p>\n<p>-Que produza algo de novo na nossa vida social para que, nas nossas Equipas de Revis\u00e3o de Vida, nas nossas associa\u00e7\u00f5es, nossas cooperativas,\u2026 saibamos inventar novas formas de trabalho mais respeitosas da sa\u00fade e com um sal\u00e1rio <strong>digno<\/strong>.<\/p>\n<p>&nbsp;<\/p>\n<p>-Que produza algo de novo na nossa vida nacional para que os respons\u00e1veis pol\u00edticos, econ\u00f3micos e sindicais\u2026 ponham o ser humano como prioridade sobre a economia e assim exer\u00e7am a sua responsabilidade com um pouco mais de <strong>dec\u00eancia<\/strong>.<\/p>\n<p>&nbsp;<\/p>\n<p>-Que produza algo de novo nas nossas rela\u00e7\u00f5es internacionais e que mudem os sistemas injustos que aprisionam milh\u00f5es de homens e mulheres na pobreza material, na precaridade da sa\u00fade, na exclus\u00e3o econ\u00f3mica,\u2026 tantos males que impedem ter uma aut\u00eantica vida <strong>digna<\/strong>.<\/p>\n<p>-Que produza algo de novo na nossa vida espiritual, para que, atrav\u00e9s destas provas, possamos compreender melhor at\u00e9 que ponto contas com cada um e cada uma de n\u00f3s.<\/p>\n<p>&nbsp;<\/p>\n<p>Sim, Senhor Deus, ajuda-nos:<\/p>\n<p>A ser homens e mulheres de F\u00c9, que sempre desejam crer num mundo <strong>digno<\/strong>.<\/p>\n<p>A ser homens e mulheres de ESPERAN\u00c7A, capazes de imaginar uma vida <strong>digna<\/strong>.<\/p>\n<p>A ser homens e mulheres de AMOR, que tomam decis\u00f5es e levam a cabo a\u00e7\u00f5es para que o mundo que constru\u00edmos seja mais formoso, mais justo, que seja espelho do teu amor, um espelho de ti; um Deus bom, paciente e misericordioso,<\/p>\n<p>um <strong>DEUS DIGNO<\/strong> para todos, pelos s\u00e9culos dos s\u00e9culos. Amen.<\/p>\n<p>&nbsp;<\/p>\n<p>Padre Bernard ROBERT \u2013 Assistente Internacional<\/p>\n","protected":false},"excerpt":{"rendered":"<p>7 de Outubro de 2020<\/p>\n","protected":false},"author":2,"featured_media":2219,"comment_status":"closed","ping_status":"closed","sticky":false,"template":"","format":"standard","meta":{"_et_pb_use_builder":"","_et_pb_old_content":"","_et_gb_content_width":"","footnotes":""},"categories":[2],"tags":[],"class_list":["post-2222","post","type-post","status-publish","format-standard","has-post-thumbnail","hentry","category-noticias"],"yoast_head":"<!-- This site is optimized with the Yoast SEO plugin v26.9 - https:\/\/yoast.com\/product\/yoast-seo-wordpress\/ -->\n<title>Ora\u00e7\u00e3o para a \u201cJornada Mundial do Trabalho Digno\u201d - LOC-MTC<\/title>\n<meta name=\"robots\" content=\"index, follow, max-snippet:-1, max-image-preview:large, max-video-preview:-1\" \/>\n<link rel=\"canonical\" href=\"https:\/\/sites.ecclesia.pt\/loc-mtc\/oracao-para-a-jornada-mundial-do-trabalho-digno\/\" \/>\n<meta property=\"og:locale\" content=\"pt_PT\" \/>\n<meta property=\"og:type\" content=\"article\" \/>\n<meta property=\"og:title\" content=\"Ora\u00e7\u00e3o para a \u201cJornada Mundial do Trabalho Digno\u201d - LOC-MTC\" \/>\n<meta property=\"og:description\" content=\"7 de Outubro de 2020\" \/>\n<meta property=\"og:url\" content=\"https:\/\/sites.ecclesia.pt\/loc-mtc\/oracao-para-a-jornada-mundial-do-trabalho-digno\/\" \/>\n<meta property=\"og:site_name\" content=\"LOC-MTC\" \/>\n<meta property=\"article:published_time\" content=\"2020-10-05T19:36:58+00:00\" \/>\n<meta property=\"og:image\" content=\"https:\/\/sites.ecclesia.pt\/loc-mtc\/wp-content\/uploads\/2020\/10\/banner7O-en.png\" \/>\n\t<meta property=\"og:image:width\" content=\"633\" \/>\n\t<meta property=\"og:image:height\" content=\"378\" \/>\n\t<meta property=\"og:image:type\" content=\"image\/png\" \/>\n<meta name=\"author\" content=\"LOC-MTC\" \/>\n<meta name=\"twitter:card\" content=\"summary_large_image\" \/>\n<meta name=\"twitter:label1\" content=\"Escrito por\" \/>\n\t<meta name=\"twitter:data1\" content=\"LOC-MTC\" \/>\n\t<meta name=\"twitter:label2\" content=\"Tempo estimado de leitura\" \/>\n\t<meta name=\"twitter:data2\" content=\"2 minutos\" \/>\n<script type=\"application\/ld+json\" class=\"yoast-schema-graph\">{\"@context\":\"https:\/\/schema.org\",\"@graph\":[{\"@type\":\"Article\",\"@id\":\"https:\/\/sites.ecclesia.pt\/loc-mtc\/oracao-para-a-jornada-mundial-do-trabalho-digno\/#article\",\"isPartOf\":{\"@id\":\"https:\/\/sites.ecclesia.pt\/loc-mtc\/oracao-para-a-jornada-mundial-do-trabalho-digno\/\"},\"author\":{\"name\":\"LOC-MTC\",\"@id\":\"https:\/\/sites.ecclesia.pt\/loc-mtc\/#\/schema\/person\/8ba13a346b282ac81bddb0740218c156\"},\"headline\":\"Ora\u00e7\u00e3o para a \u201cJornada Mundial do Trabalho Digno\u201d\",\"datePublished\":\"2020-10-05T19:36:58+00:00\",\"mainEntityOfPage\":{\"@id\":\"https:\/\/sites.ecclesia.pt\/loc-mtc\/oracao-para-a-jornada-mundial-do-trabalho-digno\/\"},\"wordCount\":492,\"publisher\":{\"@id\":\"https:\/\/sites.ecclesia.pt\/loc-mtc\/#organization\"},\"image\":{\"@id\":\"https:\/\/sites.ecclesia.pt\/loc-mtc\/oracao-para-a-jornada-mundial-do-trabalho-digno\/#primaryimage\"},\"thumbnailUrl\":\"https:\/\/sites.ecclesia.pt\/loc-mtc\/wp-content\/uploads\/2020\/10\/banner7O-en.png\",\"articleSection\":[\"Not\u00edcias\"],\"inLanguage\":\"pt-PT\"},{\"@type\":\"WebPage\",\"@id\":\"https:\/\/sites.ecclesia.pt\/loc-mtc\/oracao-para-a-jornada-mundial-do-trabalho-digno\/\",\"url\":\"https:\/\/sites.ecclesia.pt\/loc-mtc\/oracao-para-a-jornada-mundial-do-trabalho-digno\/\",\"name\":\"Ora\u00e7\u00e3o para a \u201cJornada Mundial do Trabalho Digno\u201d - LOC-MTC\",\"isPartOf\":{\"@id\":\"https:\/\/sites.ecclesia.pt\/loc-mtc\/#website\"},\"primaryImageOfPage\":{\"@id\":\"https:\/\/sites.ecclesia.pt\/loc-mtc\/oracao-para-a-jornada-mundial-do-trabalho-digno\/#primaryimage\"},\"image\":{\"@id\":\"https:\/\/sites.ecclesia.pt\/loc-mtc\/oracao-para-a-jornada-mundial-do-trabalho-digno\/#primaryimage\"},\"thumbnailUrl\":\"https:\/\/sites.ecclesia.pt\/loc-mtc\/wp-content\/uploads\/2020\/10\/banner7O-en.png\",\"datePublished\":\"2020-10-05T19:36:58+00:00\",\"breadcrumb\":{\"@id\":\"https:\/\/sites.ecclesia.pt\/loc-mtc\/oracao-para-a-jornada-mundial-do-trabalho-digno\/#breadcrumb\"},\"inLanguage\":\"pt-PT\",\"potentialAction\":[{\"@type\":\"ReadAction\",\"target\":[\"https:\/\/sites.ecclesia.pt\/loc-mtc\/oracao-para-a-jornada-mundial-do-trabalho-digno\/\"]}]},{\"@type\":\"ImageObject\",\"inLanguage\":\"pt-PT\",\"@id\":\"https:\/\/sites.ecclesia.pt\/loc-mtc\/oracao-para-a-jornada-mundial-do-trabalho-digno\/#primaryimage\",\"url\":\"https:\/\/sites.ecclesia.pt\/loc-mtc\/wp-content\/uploads\/2020\/10\/banner7O-en.png\",\"contentUrl\":\"https:\/\/sites.ecclesia.pt\/loc-mtc\/wp-content\/uploads\/2020\/10\/banner7O-en.png\",\"width\":633,\"height\":378},{\"@type\":\"BreadcrumbList\",\"@id\":\"https:\/\/sites.ecclesia.pt\/loc-mtc\/oracao-para-a-jornada-mundial-do-trabalho-digno\/#breadcrumb\",\"itemListElement\":[{\"@type\":\"ListItem\",\"position\":1,\"name\":\"Home\",\"item\":\"https:\/\/sites.ecclesia.pt\/loc-mtc\/\"},{\"@type\":\"ListItem\",\"position\":2,\"name\":\"Ora\u00e7\u00e3o para a \u201cJornada Mundial do Trabalho Digno\u201d\"}]},{\"@type\":\"WebSite\",\"@id\":\"https:\/\/sites.ecclesia.pt\/loc-mtc\/#website\",\"url\":\"https:\/\/sites.ecclesia.pt\/loc-mtc\/\",\"name\":\"LOC-MTC\",\"description\":\"Liga Oper\u00e1ria Cat\u00f3lica \u2013 Movimento de Trabalhadores Crist\u00e3os\",\"publisher\":{\"@id\":\"https:\/\/sites.ecclesia.pt\/loc-mtc\/#organization\"},\"potentialAction\":[{\"@type\":\"SearchAction\",\"target\":{\"@type\":\"EntryPoint\",\"urlTemplate\":\"https:\/\/sites.ecclesia.pt\/loc-mtc\/?s={search_term_string}\"},\"query-input\":{\"@type\":\"PropertyValueSpecification\",\"valueRequired\":true,\"valueName\":\"search_term_string\"}}],\"inLanguage\":\"pt-PT\"},{\"@type\":\"Organization\",\"@id\":\"https:\/\/sites.ecclesia.pt\/loc-mtc\/#organization\",\"name\":\"LOC\/MTC - Liga Oper\u00e1ria Cat\u00f3lica\/Movimento dos Trabalhadores Crist\u00e3os\",\"alternateName\":\"LOC\/MTC\",\"url\":\"https:\/\/sites.ecclesia.pt\/loc-mtc\/\",\"logo\":{\"@type\":\"ImageObject\",\"inLanguage\":\"pt-PT\",\"@id\":\"https:\/\/sites.ecclesia.pt\/loc-mtc\/#\/schema\/logo\/image\/\",\"url\":\"https:\/\/sites.ecclesia.pt\/loc-mtc\/wp-content\/uploads\/2021\/07\/loc-mtc-fb.jpg\",\"contentUrl\":\"https:\/\/sites.ecclesia.pt\/loc-mtc\/wp-content\/uploads\/2021\/07\/loc-mtc-fb.jpg\",\"width\":583,\"height\":552,\"caption\":\"LOC\/MTC - Liga Oper\u00e1ria Cat\u00f3lica\/Movimento dos Trabalhadores Crist\u00e3os\"},\"image\":{\"@id\":\"https:\/\/sites.ecclesia.pt\/loc-mtc\/#\/schema\/logo\/image\/\"}},{\"@type\":\"Person\",\"@id\":\"https:\/\/sites.ecclesia.pt\/loc-mtc\/#\/schema\/person\/8ba13a346b282ac81bddb0740218c156\",\"name\":\"LOC-MTC\",\"image\":{\"@type\":\"ImageObject\",\"inLanguage\":\"pt-PT\",\"@id\":\"https:\/\/sites.ecclesia.pt\/loc-mtc\/#\/schema\/person\/image\/\",\"url\":\"https:\/\/secure.gravatar.com\/avatar\/381f263bbf1376baf59211319cecf05597b65a26b86db6798bf393c99c999ed9?s=96&d=mm&r=g\",\"contentUrl\":\"https:\/\/secure.gravatar.com\/avatar\/381f263bbf1376baf59211319cecf05597b65a26b86db6798bf393c99c999ed9?s=96&d=mm&r=g\",\"caption\":\"LOC-MTC\"},\"sameAs\":[\"http:\/\/www.ecclesia.pt\/loc-mtc\"]}]}<\/script>\n<!-- \/ Yoast SEO plugin. -->","yoast_head_json":{"title":"Ora\u00e7\u00e3o para a \u201cJornada Mundial do Trabalho Digno\u201d - LOC-MTC","robots":{"index":"index","follow":"follow","max-snippet":"max-snippet:-1","max-image-preview":"max-image-preview:large","max-video-preview":"max-video-preview:-1"},"canonical":"https:\/\/sites.ecclesia.pt\/loc-mtc\/oracao-para-a-jornada-mundial-do-trabalho-digno\/","og_locale":"pt_PT","og_type":"article","og_title":"Ora\u00e7\u00e3o para a \u201cJornada Mundial do Trabalho Digno\u201d - LOC-MTC","og_description":"7 de Outubro de 2020","og_url":"https:\/\/sites.ecclesia.pt\/loc-mtc\/oracao-para-a-jornada-mundial-do-trabalho-digno\/","og_site_name":"LOC-MTC","article_published_time":"2020-10-05T19:36:58+00:00","og_image":[{"width":633,"height":378,"url":"https:\/\/sites.ecclesia.pt\/loc-mtc\/wp-content\/uploads\/2020\/10\/banner7O-en.png","type":"image\/png"}],"author":"LOC-MTC","twitter_card":"summary_large_image","twitter_misc":{"Escrito por":"LOC-MTC","Tempo estimado de leitura":"2 minutos"},"schema":{"@context":"https:\/\/schema.org","@graph":[{"@type":"Article","@id":"https:\/\/sites.ecclesia.pt\/loc-mtc\/oracao-para-a-jornada-mundial-do-trabalho-digno\/#article","isPartOf":{"@id":"https:\/\/sites.ecclesia.pt\/loc-mtc\/oracao-para-a-jornada-mundial-do-trabalho-digno\/"},"author":{"name":"LOC-MTC","@id":"https:\/\/sites.ecclesia.pt\/loc-mtc\/#\/schema\/person\/8ba13a346b282ac81bddb0740218c156"},"headline":"Ora\u00e7\u00e3o para a \u201cJornada Mundial do Trabalho Digno\u201d","datePublished":"2020-10-05T19:36:58+00:00","mainEntityOfPage":{"@id":"https:\/\/sites.ecclesia.pt\/loc-mtc\/oracao-para-a-jornada-mundial-do-trabalho-digno\/"},"wordCount":492,"publisher":{"@id":"https:\/\/sites.ecclesia.pt\/loc-mtc\/#organization"},"image":{"@id":"https:\/\/sites.ecclesia.pt\/loc-mtc\/oracao-para-a-jornada-mundial-do-trabalho-digno\/#primaryimage"},"thumbnailUrl":"https:\/\/sites.ecclesia.pt\/loc-mtc\/wp-content\/uploads\/2020\/10\/banner7O-en.png","articleSection":["Not\u00edcias"],"inLanguage":"pt-PT"},{"@type":"WebPage","@id":"https:\/\/sites.ecclesia.pt\/loc-mtc\/oracao-para-a-jornada-mundial-do-trabalho-digno\/","url":"https:\/\/sites.ecclesia.pt\/loc-mtc\/oracao-para-a-jornada-mundial-do-trabalho-digno\/","name":"Ora\u00e7\u00e3o para a \u201cJornada Mundial do Trabalho Digno\u201d - LOC-MTC","isPartOf":{"@id":"https:\/\/sites.ecclesia.pt\/loc-mtc\/#website"},"primaryImageOfPage":{"@id":"https:\/\/sites.ecclesia.pt\/loc-mtc\/oracao-para-a-jornada-mundial-do-trabalho-digno\/#primaryimage"},"image":{"@id":"https:\/\/sites.ecclesia.pt\/loc-mtc\/oracao-para-a-jornada-mundial-do-trabalho-digno\/#primaryimage"},"thumbnailUrl":"https:\/\/sites.ecclesia.pt\/loc-mtc\/wp-content\/uploads\/2020\/10\/banner7O-en.png","datePublished":"2020-10-05T19:36:58+00:00","breadcrumb":{"@id":"https:\/\/sites.ecclesia.pt\/loc-mtc\/oracao-para-a-jornada-mundial-do-trabalho-digno\/#breadcrumb"},"inLanguage":"pt-PT","potentialAction":[{"@type":"ReadAction","target":["https:\/\/sites.ecclesia.pt\/loc-mtc\/oracao-para-a-jornada-mundial-do-trabalho-digno\/"]}]},{"@type":"ImageObject","inLanguage":"pt-PT","@id":"https:\/\/sites.ecclesia.pt\/loc-mtc\/oracao-para-a-jornada-mundial-do-trabalho-digno\/#primaryimage","url":"https:\/\/sites.ecclesia.pt\/loc-mtc\/wp-content\/uploads\/2020\/10\/banner7O-en.png","contentUrl":"https:\/\/sites.ecclesia.pt\/loc-mtc\/wp-content\/uploads\/2020\/10\/banner7O-en.png","width":633,"height":378},{"@type":"BreadcrumbList","@id":"https:\/\/sites.ecclesia.pt\/loc-mtc\/oracao-para-a-jornada-mundial-do-trabalho-digno\/#breadcrumb","itemListElement":[{"@type":"ListItem","position":1,"name":"Home","item":"https:\/\/sites.ecclesia.pt\/loc-mtc\/"},{"@type":"ListItem","position":2,"name":"Ora\u00e7\u00e3o para a \u201cJornada Mundial do Trabalho Digno\u201d"}]},{"@type":"WebSite","@id":"https:\/\/sites.ecclesia.pt\/loc-mtc\/#website","url":"https:\/\/sites.ecclesia.pt\/loc-mtc\/","name":"LOC-MTC","description":"Liga Oper\u00e1ria Cat\u00f3lica \u2013 Movimento de Trabalhadores Crist\u00e3os","publisher":{"@id":"https:\/\/sites.ecclesia.pt\/loc-mtc\/#organization"},"potentialAction":[{"@type":"SearchAction","target":{"@type":"EntryPoint","urlTemplate":"https:\/\/sites.ecclesia.pt\/loc-mtc\/?s={search_term_string}"},"query-input":{"@type":"PropertyValueSpecification","valueRequired":true,"valueName":"search_term_string"}}],"inLanguage":"pt-PT"},{"@type":"Organization","@id":"https:\/\/sites.ecclesia.pt\/loc-mtc\/#organization","name":"LOC\/MTC - Liga Oper\u00e1ria Cat\u00f3lica\/Movimento dos Trabalhadores Crist\u00e3os","alternateName":"LOC\/MTC","url":"https:\/\/sites.ecclesia.pt\/loc-mtc\/","logo":{"@type":"ImageObject","inLanguage":"pt-PT","@id":"https:\/\/sites.ecclesia.pt\/loc-mtc\/#\/schema\/logo\/image\/","url":"https:\/\/sites.ecclesia.pt\/loc-mtc\/wp-content\/uploads\/2021\/07\/loc-mtc-fb.jpg","contentUrl":"https:\/\/sites.ecclesia.pt\/loc-mtc\/wp-content\/uploads\/2021\/07\/loc-mtc-fb.jpg","width":583,"height":552,"caption":"LOC\/MTC - Liga Oper\u00e1ria Cat\u00f3lica\/Movimento dos Trabalhadores Crist\u00e3os"},"image":{"@id":"https:\/\/sites.ecclesia.pt\/loc-mtc\/#\/schema\/logo\/image\/"}},{"@type":"Person","@id":"https:\/\/sites.ecclesia.pt\/loc-mtc\/#\/schema\/person\/8ba13a346b282ac81bddb0740218c156","name":"LOC-MTC","image":{"@type":"ImageObject","inLanguage":"pt-PT","@id":"https:\/\/sites.ecclesia.pt\/loc-mtc\/#\/schema\/person\/image\/","url":"https:\/\/secure.gravatar.com\/avatar\/381f263bbf1376baf59211319cecf05597b65a26b86db6798bf393c99c999ed9?s=96&d=mm&r=g","contentUrl":"https:\/\/secure.gravatar.com\/avatar\/381f263bbf1376baf59211319cecf05597b65a26b86db6798bf393c99c999ed9?s=96&d=mm&r=g","caption":"LOC-MTC"},"sameAs":["http:\/\/www.ecclesia.pt\/loc-mtc"]}]}},"_links":{"self":[{"href":"https:\/\/sites.ecclesia.pt\/loc-mtc\/wp-json\/wp\/v2\/posts\/2222","targetHints":{"allow":["GET"]}}],"collection":[{"href":"https:\/\/sites.ecclesia.pt\/loc-mtc\/wp-json\/wp\/v2\/posts"}],"about":[{"href":"https:\/\/sites.ecclesia.pt\/loc-mtc\/wp-json\/wp\/v2\/types\/post"}],"author":[{"embeddable":true,"href":"https:\/\/sites.ecclesia.pt\/loc-mtc\/wp-json\/wp\/v2\/users\/2"}],"replies":[{"embeddable":true,"href":"https:\/\/sites.ecclesia.pt\/loc-mtc\/wp-json\/wp\/v2\/comments?post=2222"}],"version-history":[{"count":1,"href":"https:\/\/sites.ecclesia.pt\/loc-mtc\/wp-json\/wp\/v2\/posts\/2222\/revisions"}],"predecessor-version":[{"id":2223,"href":"https:\/\/sites.ecclesia.pt\/loc-mtc\/wp-json\/wp\/v2\/posts\/2222\/revisions\/2223"}],"wp:featuredmedia":[{"embeddable":true,"href":"https:\/\/sites.ecclesia.pt\/loc-mtc\/wp-json\/wp\/v2\/media\/2219"}],"wp:attachment":[{"href":"https:\/\/sites.ecclesia.pt\/loc-mtc\/wp-json\/wp\/v2\/media?parent=2222"}],"wp:term":[{"taxonomy":"category","embeddable":true,"href":"https:\/\/sites.ecclesia.pt\/loc-mtc\/wp-json\/wp\/v2\/categories?post=2222"},{"taxonomy":"post_tag","embeddable":true,"href":"https:\/\/sites.ecclesia.pt\/loc-mtc\/wp-json\/wp\/v2\/tags?post=2222"}],"curies":[{"name":"wp","href":"https:\/\/api.w.org\/{rel}","templated":true}]}}