{"id":2341,"date":"2021-02-28T18:58:52","date_gmt":"2021-02-28T18:58:52","guid":{"rendered":"http:\/\/sites.ecclesia.pt\/loc-mtc\/?p=2341"},"modified":"2021-03-03T06:24:44","modified_gmt":"2021-03-03T06:24:44","slug":"dia-internacional-do-domingo-sem-trabalho-3-de-marco","status":"publish","type":"post","link":"https:\/\/sites.ecclesia.pt\/loc-mtc\/dia-internacional-do-domingo-sem-trabalho-3-de-marco\/","title":{"rendered":"Dia Internacional do Domingo Sem Trabalho, 3 de Mar\u00e7o"},"content":{"rendered":"<p><strong>As ra\u00edzes<\/strong><\/p>\n<p>O domingo sem trabalho tem a sua origem no juda\u00edsmo, e \u00e9 provavelmente, com os seus 2500 anos, a lei social mais antiga da humanidade. No relato b\u00edblico da cria\u00e7\u00e3o do mundo, o \u00faltimo a ser criado n\u00e3o \u00e9 o homem, mas o descanso de Deus, o s\u00e9timo dia (Gn 2,1-3). Desta forma o culminar do trabalho \u00e9 o descanso. O direito ao descanso deve ser garantido a todos: mulheres, homens, servos e servas, escravos e estrangeiros, animais e natureza (Dt 5,14).<\/p>\n<p>Na Europa, o domingo sem trabalho \u00e9 um dos bens culturais mais antigos e deve, portanto, ser preservado como fazendo parte do nosso patrim\u00f3nio cultural. \u00c9 leg\u00edtimo reivindic\u00e1-lo. Pode servir de seguran\u00e7a para as pessoas e para a natureza contra qualquer explora\u00e7\u00e3o. No mundo actual do trabalho, o domingo pode considerar-se um espa\u00e7o que \u00e9 dedicado ao exterior e \u00e0 nossa vida privada. De acordo com a concep\u00e7\u00e3o judaico-crist\u00e3 do ser humano, cada pessoa \u00e9 mais do que possa realizar no trabalho. Ter regularmente tempo para reflectir sobre <strong>&#8220;uma vida boa para todos&#8221; <\/strong>permite refor\u00e7ar a consci\u00eancia da dignidade humana sem limites. O S\u00e1bado ou o Domingo oferecem o quadro perfeito para isso.<\/p>\n<p>&nbsp;<\/p>\n<p><strong>A vida n\u00e3o se deve limitar ao trabalho e ao consumo.<\/strong><\/p>\n<p>As exig\u00eancias crescentes do mundo do trabalho t\u00eam consequ\u00eancias nefastas para os trabalhadores. Assim, o advento e o desenvolvimento das redes sociais faz-nos acreditar que \u00e9 normal estar dispon\u00edvel 24\/24 horas. A fronteira entre tempo livre e tempo de trabalho est\u00e1 a desaparecer visivelmente. Muitas pessoas sentem-se esmagadas. As doen\u00e7as mentais e os sintomas de esgotamento est\u00e3o a aumentar. O domingo garante um ritmo certo, um dia de repouso que n\u00e3o deve ser posto em causa, um tempo de lazer que \u00e9 bom para todos. A vida, cada vez mais r\u00e1pida e barulhenta, grita por tempo livre. O domingo deve ser livre n\u00e3o para se poder suportar a rotina semanal com maior facilidade, mas para poder criar algo diferente, encarando a realidade com outra perspectiva. Uma pausa regular garante a qualidade do trabalho e proporciona um equil\u00edbrio coerente entre todas as vertentes da vida. \u201cAqui trabalha uma pessoa&#8221;, afirmou o Movimento dos Trabalhadores Cat\u00f3licos numa campanha. As pessoas n\u00e3o funcionam como m\u00e1quinas.<\/p>\n<p>&nbsp;<\/p>\n<p><strong>O Domingo fomenta a comunidade<\/strong><\/p>\n<p>O ponto essencial do domingo sem trabalho \u00e9 a possibilidade de passar o tempo em conjunto. As primeiras comunidades crist\u00e3s reuniam-se neste &#8220;primeiro dia da semana&#8221; para partir o p\u00e3o e para se fortalecerem mutuamente na f\u00e9 e na vida. Ainda hoje, o domingo \u00e9 um dia indispens\u00e1vel para o culto e para a constru\u00e7\u00e3o da comunidade. Atualmente a nossa sociedade tem tend\u00eancia a fragmentar-se devido \u00e0 individualiza\u00e7\u00e3o crescente da organiza\u00e7\u00e3o do trabalho. Principalmente as crian\u00e7as t\u00eam necessidade de rituais comuns. Sem espa\u00e7os de partilha e experi\u00eancias comuns para as fam\u00edlias, os amigos, as associa\u00e7\u00f5es, a sociedade vai-se diluindo. O domingo livre fomenta os la\u00e7os humanos da comunidade e os seus valores.<\/p>\n<p><strong>A participa\u00e7\u00e3o na vida da comunidade \u00e9 o alicerce da democracia<\/strong>.<\/p>\n<p>A nossa democracia desenvolve-se ao fomentarmos a participa\u00e7\u00e3o activa na vida da comunidade. O domingo livre, torna-se, assim, condi\u00e7\u00e3o necess\u00e1ria, para o maior n\u00famero de pessoas poss\u00edvel. Por isso, as pessoas que trabalham aos domingos, para que os outros possam ter o domingo livre, merecem uma compensa\u00e7\u00e3o financeira, uma compensa\u00e7\u00e3o em termos de tempo livre, e o reconhecimento p\u00fablico<strong>. Do ponto de vista do MTCE, a extens\u00e3o do trabalho ao Domingo deve ser veementemente rejeitada. <\/strong><\/p>\n<p><em>(Declara\u00e7\u00e3o preparada pelo KAB da Austria)<\/em><\/p>\n","protected":false},"excerpt":{"rendered":"<p>A democracia alimenta-se com experi\u00eancias positivas de conviv\u00eancia e participa\u00e7\u00e3o<br \/>\nhttp:\/\/www.europeansundayalliance.eu\/site\/home<\/p>\n","protected":false},"author":2,"featured_media":2342,"comment_status":"closed","ping_status":"closed","sticky":false,"template":"","format":"standard","meta":{"_et_pb_use_builder":"","_et_pb_old_content":"","_et_gb_content_width":"","footnotes":""},"categories":[2],"tags":[],"class_list":["post-2341","post","type-post","status-publish","format-standard","has-post-thumbnail","hentry","category-noticias"],"yoast_head":"<!-- This site is optimized with the Yoast SEO plugin v26.9 - https:\/\/yoast.com\/product\/yoast-seo-wordpress\/ -->\n<title>Dia Internacional do Domingo Sem Trabalho, 3 de Mar\u00e7o - LOC-MTC<\/title>\n<meta name=\"robots\" content=\"index, follow, max-snippet:-1, max-image-preview:large, max-video-preview:-1\" \/>\n<link rel=\"canonical\" href=\"https:\/\/sites.ecclesia.pt\/loc-mtc\/dia-internacional-do-domingo-sem-trabalho-3-de-marco\/\" \/>\n<meta property=\"og:locale\" content=\"pt_PT\" \/>\n<meta property=\"og:type\" content=\"article\" \/>\n<meta property=\"og:title\" content=\"Dia Internacional do Domingo Sem Trabalho, 3 de Mar\u00e7o - LOC-MTC\" \/>\n<meta property=\"og:description\" content=\"A democracia alimenta-se com experi\u00eancias positivas de conviv\u00eancia e participa\u00e7\u00e3o http:\/\/www.europeansundayalliance.eu\/site\/home\" \/>\n<meta property=\"og:url\" content=\"https:\/\/sites.ecclesia.pt\/loc-mtc\/dia-internacional-do-domingo-sem-trabalho-3-de-marco\/\" \/>\n<meta property=\"og:site_name\" content=\"LOC-MTC\" \/>\n<meta property=\"article:published_time\" content=\"2021-02-28T18:58:52+00:00\" \/>\n<meta property=\"article:modified_time\" content=\"2021-03-03T06:24:44+00:00\" \/>\n<meta property=\"og:image\" content=\"https:\/\/sites.ecclesia.pt\/loc-mtc\/wp-content\/uploads\/2021\/02\/11.png\" \/>\n\t<meta property=\"og:image:width\" content=\"489\" \/>\n\t<meta property=\"og:image:height\" content=\"367\" \/>\n\t<meta property=\"og:image:type\" content=\"image\/png\" \/>\n<meta name=\"author\" content=\"LOC-MTC\" \/>\n<meta name=\"twitter:card\" content=\"summary_large_image\" \/>\n<meta name=\"twitter:label1\" content=\"Escrito por\" \/>\n\t<meta name=\"twitter:data1\" content=\"LOC-MTC\" \/>\n\t<meta name=\"twitter:label2\" content=\"Tempo estimado de leitura\" \/>\n\t<meta name=\"twitter:data2\" content=\"3 minutos\" \/>\n<script type=\"application\/ld+json\" class=\"yoast-schema-graph\">{\"@context\":\"https:\/\/schema.org\",\"@graph\":[{\"@type\":\"Article\",\"@id\":\"https:\/\/sites.ecclesia.pt\/loc-mtc\/dia-internacional-do-domingo-sem-trabalho-3-de-marco\/#article\",\"isPartOf\":{\"@id\":\"https:\/\/sites.ecclesia.pt\/loc-mtc\/dia-internacional-do-domingo-sem-trabalho-3-de-marco\/\"},\"author\":{\"name\":\"LOC-MTC\",\"@id\":\"https:\/\/sites.ecclesia.pt\/loc-mtc\/#\/schema\/person\/8ba13a346b282ac81bddb0740218c156\"},\"headline\":\"Dia Internacional do Domingo Sem Trabalho, 3 de Mar\u00e7o\",\"datePublished\":\"2021-02-28T18:58:52+00:00\",\"dateModified\":\"2021-03-03T06:24:44+00:00\",\"mainEntityOfPage\":{\"@id\":\"https:\/\/sites.ecclesia.pt\/loc-mtc\/dia-internacional-do-domingo-sem-trabalho-3-de-marco\/\"},\"wordCount\":628,\"publisher\":{\"@id\":\"https:\/\/sites.ecclesia.pt\/loc-mtc\/#organization\"},\"image\":{\"@id\":\"https:\/\/sites.ecclesia.pt\/loc-mtc\/dia-internacional-do-domingo-sem-trabalho-3-de-marco\/#primaryimage\"},\"thumbnailUrl\":\"https:\/\/sites.ecclesia.pt\/loc-mtc\/wp-content\/uploads\/2021\/02\/11.png\",\"articleSection\":[\"Not\u00edcias\"],\"inLanguage\":\"pt-PT\"},{\"@type\":\"WebPage\",\"@id\":\"https:\/\/sites.ecclesia.pt\/loc-mtc\/dia-internacional-do-domingo-sem-trabalho-3-de-marco\/\",\"url\":\"https:\/\/sites.ecclesia.pt\/loc-mtc\/dia-internacional-do-domingo-sem-trabalho-3-de-marco\/\",\"name\":\"Dia Internacional do Domingo Sem Trabalho, 3 de Mar\u00e7o - LOC-MTC\",\"isPartOf\":{\"@id\":\"https:\/\/sites.ecclesia.pt\/loc-mtc\/#website\"},\"primaryImageOfPage\":{\"@id\":\"https:\/\/sites.ecclesia.pt\/loc-mtc\/dia-internacional-do-domingo-sem-trabalho-3-de-marco\/#primaryimage\"},\"image\":{\"@id\":\"https:\/\/sites.ecclesia.pt\/loc-mtc\/dia-internacional-do-domingo-sem-trabalho-3-de-marco\/#primaryimage\"},\"thumbnailUrl\":\"https:\/\/sites.ecclesia.pt\/loc-mtc\/wp-content\/uploads\/2021\/02\/11.png\",\"datePublished\":\"2021-02-28T18:58:52+00:00\",\"dateModified\":\"2021-03-03T06:24:44+00:00\",\"breadcrumb\":{\"@id\":\"https:\/\/sites.ecclesia.pt\/loc-mtc\/dia-internacional-do-domingo-sem-trabalho-3-de-marco\/#breadcrumb\"},\"inLanguage\":\"pt-PT\",\"potentialAction\":[{\"@type\":\"ReadAction\",\"target\":[\"https:\/\/sites.ecclesia.pt\/loc-mtc\/dia-internacional-do-domingo-sem-trabalho-3-de-marco\/\"]}]},{\"@type\":\"ImageObject\",\"inLanguage\":\"pt-PT\",\"@id\":\"https:\/\/sites.ecclesia.pt\/loc-mtc\/dia-internacional-do-domingo-sem-trabalho-3-de-marco\/#primaryimage\",\"url\":\"https:\/\/sites.ecclesia.pt\/loc-mtc\/wp-content\/uploads\/2021\/02\/11.png\",\"contentUrl\":\"https:\/\/sites.ecclesia.pt\/loc-mtc\/wp-content\/uploads\/2021\/02\/11.png\",\"width\":489,\"height\":367},{\"@type\":\"BreadcrumbList\",\"@id\":\"https:\/\/sites.ecclesia.pt\/loc-mtc\/dia-internacional-do-domingo-sem-trabalho-3-de-marco\/#breadcrumb\",\"itemListElement\":[{\"@type\":\"ListItem\",\"position\":1,\"name\":\"Home\",\"item\":\"https:\/\/sites.ecclesia.pt\/loc-mtc\/\"},{\"@type\":\"ListItem\",\"position\":2,\"name\":\"Dia Internacional do Domingo Sem Trabalho, 3 de Mar\u00e7o\"}]},{\"@type\":\"WebSite\",\"@id\":\"https:\/\/sites.ecclesia.pt\/loc-mtc\/#website\",\"url\":\"https:\/\/sites.ecclesia.pt\/loc-mtc\/\",\"name\":\"LOC-MTC\",\"description\":\"Liga Oper\u00e1ria Cat\u00f3lica \u2013 Movimento de Trabalhadores Crist\u00e3os\",\"publisher\":{\"@id\":\"https:\/\/sites.ecclesia.pt\/loc-mtc\/#organization\"},\"potentialAction\":[{\"@type\":\"SearchAction\",\"target\":{\"@type\":\"EntryPoint\",\"urlTemplate\":\"https:\/\/sites.ecclesia.pt\/loc-mtc\/?s={search_term_string}\"},\"query-input\":{\"@type\":\"PropertyValueSpecification\",\"valueRequired\":true,\"valueName\":\"search_term_string\"}}],\"inLanguage\":\"pt-PT\"},{\"@type\":\"Organization\",\"@id\":\"https:\/\/sites.ecclesia.pt\/loc-mtc\/#organization\",\"name\":\"LOC\/MTC - Liga Oper\u00e1ria Cat\u00f3lica\/Movimento dos Trabalhadores Crist\u00e3os\",\"alternateName\":\"LOC\/MTC\",\"url\":\"https:\/\/sites.ecclesia.pt\/loc-mtc\/\",\"logo\":{\"@type\":\"ImageObject\",\"inLanguage\":\"pt-PT\",\"@id\":\"https:\/\/sites.ecclesia.pt\/loc-mtc\/#\/schema\/logo\/image\/\",\"url\":\"https:\/\/sites.ecclesia.pt\/loc-mtc\/wp-content\/uploads\/2021\/07\/loc-mtc-fb.jpg\",\"contentUrl\":\"https:\/\/sites.ecclesia.pt\/loc-mtc\/wp-content\/uploads\/2021\/07\/loc-mtc-fb.jpg\",\"width\":583,\"height\":552,\"caption\":\"LOC\/MTC - Liga Oper\u00e1ria Cat\u00f3lica\/Movimento dos Trabalhadores Crist\u00e3os\"},\"image\":{\"@id\":\"https:\/\/sites.ecclesia.pt\/loc-mtc\/#\/schema\/logo\/image\/\"}},{\"@type\":\"Person\",\"@id\":\"https:\/\/sites.ecclesia.pt\/loc-mtc\/#\/schema\/person\/8ba13a346b282ac81bddb0740218c156\",\"name\":\"LOC-MTC\",\"image\":{\"@type\":\"ImageObject\",\"inLanguage\":\"pt-PT\",\"@id\":\"https:\/\/sites.ecclesia.pt\/loc-mtc\/#\/schema\/person\/image\/\",\"url\":\"https:\/\/secure.gravatar.com\/avatar\/381f263bbf1376baf59211319cecf05597b65a26b86db6798bf393c99c999ed9?s=96&d=mm&r=g\",\"contentUrl\":\"https:\/\/secure.gravatar.com\/avatar\/381f263bbf1376baf59211319cecf05597b65a26b86db6798bf393c99c999ed9?s=96&d=mm&r=g\",\"caption\":\"LOC-MTC\"},\"sameAs\":[\"http:\/\/www.ecclesia.pt\/loc-mtc\"]}]}<\/script>\n<!-- \/ Yoast SEO plugin. -->","yoast_head_json":{"title":"Dia Internacional do Domingo Sem Trabalho, 3 de Mar\u00e7o - LOC-MTC","robots":{"index":"index","follow":"follow","max-snippet":"max-snippet:-1","max-image-preview":"max-image-preview:large","max-video-preview":"max-video-preview:-1"},"canonical":"https:\/\/sites.ecclesia.pt\/loc-mtc\/dia-internacional-do-domingo-sem-trabalho-3-de-marco\/","og_locale":"pt_PT","og_type":"article","og_title":"Dia Internacional do Domingo Sem Trabalho, 3 de Mar\u00e7o - LOC-MTC","og_description":"A democracia alimenta-se com experi\u00eancias positivas de conviv\u00eancia e participa\u00e7\u00e3o http:\/\/www.europeansundayalliance.eu\/site\/home","og_url":"https:\/\/sites.ecclesia.pt\/loc-mtc\/dia-internacional-do-domingo-sem-trabalho-3-de-marco\/","og_site_name":"LOC-MTC","article_published_time":"2021-02-28T18:58:52+00:00","article_modified_time":"2021-03-03T06:24:44+00:00","og_image":[{"width":489,"height":367,"url":"https:\/\/sites.ecclesia.pt\/loc-mtc\/wp-content\/uploads\/2021\/02\/11.png","type":"image\/png"}],"author":"LOC-MTC","twitter_card":"summary_large_image","twitter_misc":{"Escrito por":"LOC-MTC","Tempo estimado de leitura":"3 minutos"},"schema":{"@context":"https:\/\/schema.org","@graph":[{"@type":"Article","@id":"https:\/\/sites.ecclesia.pt\/loc-mtc\/dia-internacional-do-domingo-sem-trabalho-3-de-marco\/#article","isPartOf":{"@id":"https:\/\/sites.ecclesia.pt\/loc-mtc\/dia-internacional-do-domingo-sem-trabalho-3-de-marco\/"},"author":{"name":"LOC-MTC","@id":"https:\/\/sites.ecclesia.pt\/loc-mtc\/#\/schema\/person\/8ba13a346b282ac81bddb0740218c156"},"headline":"Dia Internacional do Domingo Sem Trabalho, 3 de Mar\u00e7o","datePublished":"2021-02-28T18:58:52+00:00","dateModified":"2021-03-03T06:24:44+00:00","mainEntityOfPage":{"@id":"https:\/\/sites.ecclesia.pt\/loc-mtc\/dia-internacional-do-domingo-sem-trabalho-3-de-marco\/"},"wordCount":628,"publisher":{"@id":"https:\/\/sites.ecclesia.pt\/loc-mtc\/#organization"},"image":{"@id":"https:\/\/sites.ecclesia.pt\/loc-mtc\/dia-internacional-do-domingo-sem-trabalho-3-de-marco\/#primaryimage"},"thumbnailUrl":"https:\/\/sites.ecclesia.pt\/loc-mtc\/wp-content\/uploads\/2021\/02\/11.png","articleSection":["Not\u00edcias"],"inLanguage":"pt-PT"},{"@type":"WebPage","@id":"https:\/\/sites.ecclesia.pt\/loc-mtc\/dia-internacional-do-domingo-sem-trabalho-3-de-marco\/","url":"https:\/\/sites.ecclesia.pt\/loc-mtc\/dia-internacional-do-domingo-sem-trabalho-3-de-marco\/","name":"Dia Internacional do Domingo Sem Trabalho, 3 de Mar\u00e7o - LOC-MTC","isPartOf":{"@id":"https:\/\/sites.ecclesia.pt\/loc-mtc\/#website"},"primaryImageOfPage":{"@id":"https:\/\/sites.ecclesia.pt\/loc-mtc\/dia-internacional-do-domingo-sem-trabalho-3-de-marco\/#primaryimage"},"image":{"@id":"https:\/\/sites.ecclesia.pt\/loc-mtc\/dia-internacional-do-domingo-sem-trabalho-3-de-marco\/#primaryimage"},"thumbnailUrl":"https:\/\/sites.ecclesia.pt\/loc-mtc\/wp-content\/uploads\/2021\/02\/11.png","datePublished":"2021-02-28T18:58:52+00:00","dateModified":"2021-03-03T06:24:44+00:00","breadcrumb":{"@id":"https:\/\/sites.ecclesia.pt\/loc-mtc\/dia-internacional-do-domingo-sem-trabalho-3-de-marco\/#breadcrumb"},"inLanguage":"pt-PT","potentialAction":[{"@type":"ReadAction","target":["https:\/\/sites.ecclesia.pt\/loc-mtc\/dia-internacional-do-domingo-sem-trabalho-3-de-marco\/"]}]},{"@type":"ImageObject","inLanguage":"pt-PT","@id":"https:\/\/sites.ecclesia.pt\/loc-mtc\/dia-internacional-do-domingo-sem-trabalho-3-de-marco\/#primaryimage","url":"https:\/\/sites.ecclesia.pt\/loc-mtc\/wp-content\/uploads\/2021\/02\/11.png","contentUrl":"https:\/\/sites.ecclesia.pt\/loc-mtc\/wp-content\/uploads\/2021\/02\/11.png","width":489,"height":367},{"@type":"BreadcrumbList","@id":"https:\/\/sites.ecclesia.pt\/loc-mtc\/dia-internacional-do-domingo-sem-trabalho-3-de-marco\/#breadcrumb","itemListElement":[{"@type":"ListItem","position":1,"name":"Home","item":"https:\/\/sites.ecclesia.pt\/loc-mtc\/"},{"@type":"ListItem","position":2,"name":"Dia Internacional do Domingo Sem Trabalho, 3 de Mar\u00e7o"}]},{"@type":"WebSite","@id":"https:\/\/sites.ecclesia.pt\/loc-mtc\/#website","url":"https:\/\/sites.ecclesia.pt\/loc-mtc\/","name":"LOC-MTC","description":"Liga Oper\u00e1ria Cat\u00f3lica \u2013 Movimento de Trabalhadores Crist\u00e3os","publisher":{"@id":"https:\/\/sites.ecclesia.pt\/loc-mtc\/#organization"},"potentialAction":[{"@type":"SearchAction","target":{"@type":"EntryPoint","urlTemplate":"https:\/\/sites.ecclesia.pt\/loc-mtc\/?s={search_term_string}"},"query-input":{"@type":"PropertyValueSpecification","valueRequired":true,"valueName":"search_term_string"}}],"inLanguage":"pt-PT"},{"@type":"Organization","@id":"https:\/\/sites.ecclesia.pt\/loc-mtc\/#organization","name":"LOC\/MTC - Liga Oper\u00e1ria Cat\u00f3lica\/Movimento dos Trabalhadores Crist\u00e3os","alternateName":"LOC\/MTC","url":"https:\/\/sites.ecclesia.pt\/loc-mtc\/","logo":{"@type":"ImageObject","inLanguage":"pt-PT","@id":"https:\/\/sites.ecclesia.pt\/loc-mtc\/#\/schema\/logo\/image\/","url":"https:\/\/sites.ecclesia.pt\/loc-mtc\/wp-content\/uploads\/2021\/07\/loc-mtc-fb.jpg","contentUrl":"https:\/\/sites.ecclesia.pt\/loc-mtc\/wp-content\/uploads\/2021\/07\/loc-mtc-fb.jpg","width":583,"height":552,"caption":"LOC\/MTC - Liga Oper\u00e1ria Cat\u00f3lica\/Movimento dos Trabalhadores Crist\u00e3os"},"image":{"@id":"https:\/\/sites.ecclesia.pt\/loc-mtc\/#\/schema\/logo\/image\/"}},{"@type":"Person","@id":"https:\/\/sites.ecclesia.pt\/loc-mtc\/#\/schema\/person\/8ba13a346b282ac81bddb0740218c156","name":"LOC-MTC","image":{"@type":"ImageObject","inLanguage":"pt-PT","@id":"https:\/\/sites.ecclesia.pt\/loc-mtc\/#\/schema\/person\/image\/","url":"https:\/\/secure.gravatar.com\/avatar\/381f263bbf1376baf59211319cecf05597b65a26b86db6798bf393c99c999ed9?s=96&d=mm&r=g","contentUrl":"https:\/\/secure.gravatar.com\/avatar\/381f263bbf1376baf59211319cecf05597b65a26b86db6798bf393c99c999ed9?s=96&d=mm&r=g","caption":"LOC-MTC"},"sameAs":["http:\/\/www.ecclesia.pt\/loc-mtc"]}]}},"_links":{"self":[{"href":"https:\/\/sites.ecclesia.pt\/loc-mtc\/wp-json\/wp\/v2\/posts\/2341","targetHints":{"allow":["GET"]}}],"collection":[{"href":"https:\/\/sites.ecclesia.pt\/loc-mtc\/wp-json\/wp\/v2\/posts"}],"about":[{"href":"https:\/\/sites.ecclesia.pt\/loc-mtc\/wp-json\/wp\/v2\/types\/post"}],"author":[{"embeddable":true,"href":"https:\/\/sites.ecclesia.pt\/loc-mtc\/wp-json\/wp\/v2\/users\/2"}],"replies":[{"embeddable":true,"href":"https:\/\/sites.ecclesia.pt\/loc-mtc\/wp-json\/wp\/v2\/comments?post=2341"}],"version-history":[{"count":3,"href":"https:\/\/sites.ecclesia.pt\/loc-mtc\/wp-json\/wp\/v2\/posts\/2341\/revisions"}],"predecessor-version":[{"id":2348,"href":"https:\/\/sites.ecclesia.pt\/loc-mtc\/wp-json\/wp\/v2\/posts\/2341\/revisions\/2348"}],"wp:featuredmedia":[{"embeddable":true,"href":"https:\/\/sites.ecclesia.pt\/loc-mtc\/wp-json\/wp\/v2\/media\/2342"}],"wp:attachment":[{"href":"https:\/\/sites.ecclesia.pt\/loc-mtc\/wp-json\/wp\/v2\/media?parent=2341"}],"wp:term":[{"taxonomy":"category","embeddable":true,"href":"https:\/\/sites.ecclesia.pt\/loc-mtc\/wp-json\/wp\/v2\/categories?post=2341"},{"taxonomy":"post_tag","embeddable":true,"href":"https:\/\/sites.ecclesia.pt\/loc-mtc\/wp-json\/wp\/v2\/tags?post=2341"}],"curies":[{"name":"wp","href":"https:\/\/api.w.org\/{rel}","templated":true}]}}