{"id":2349,"date":"2021-03-07T19:16:36","date_gmt":"2021-03-07T19:16:36","guid":{"rendered":"http:\/\/sites.ecclesia.pt\/loc-mtc\/?p=2349"},"modified":"2021-03-07T19:16:36","modified_gmt":"2021-03-07T19:16:36","slug":"08-de-marco-de-2021","status":"publish","type":"post","link":"https:\/\/sites.ecclesia.pt\/loc-mtc\/08-de-marco-de-2021\/","title":{"rendered":"08 DE MAR\u00c7O DE 2021"},"content":{"rendered":"<p>Comemoramos o dia Internacional da Mulher, em mem\u00f3ria do acontecimento transcendental que marcou a hist\u00f3ria do trabalho e a luta sindical no mundo inteiro, o 8 de mar\u00e7o de 1908. Nesta data 129 mulheres morreram num inc\u00eandio na f\u00e1brica Cotton, de Nova York, Estados Unidos, logo ap\u00f3s de se terem declarado em greve com perman\u00eancia no seu lugar de trabalho. O motivo: uma redu\u00e7\u00e3o do turno de trabalho para 10 horas, um sal\u00e1rio igual ao dos homens realizando as mesmas atividades e acabar com as m\u00e1s condi\u00e7\u00f5es de trabalho que existiam.<\/p>\n<p>A partir da nossa caminhada e da nossa pr\u00f3pria vis\u00e3o como Mulheres, militantes &#8211; ligadas ao MMTC, assumimos a dedicat\u00f3ria do ano 2021 a n\u00edvel Mundial com o lema: <strong>\u201cMulheres l\u00edderes: Por um futuro igualit\u00e1rio no mundo da Covid-19\u201d<\/strong>. O nosso contributo quotidiano na constru\u00e7\u00e3o de rela\u00e7\u00f5es de igualdade e da viv\u00eancia do Bem-estar Integral das nossas fam\u00edlias, comunidades e povos, continua a ser subvalorizado e ignorado, por uma sociedade de consumo e de descarte.<\/p>\n<p>A partir das nossas diversas realidades nacionais e continentais, a experi\u00eancia da pandemia da COVID-19, permitiu-nos constatar e apreciar o contributo das MULHERES na economia familiar e comunit\u00e1ria e na aten\u00e7\u00e3o \u00e0 pandemia. Contribuimos como t\u00e9cnicas e profissionais da sa\u00fade, estando na primeira fila e em servi\u00e7os relacionados. Como l\u00edderes, guias espirituais e promotoras de sa\u00fade integral \u2013 familiar e comunit\u00e1ria, contribuimos com os nossos conhecimentos e experi\u00eancias em diversos campos: na Economia do Cuidado, no trabalho profissional, no trabalho das nossas hortas e quintas familiares, contrariando os fatais progn\u00f3sticos que vaticinavam perante a nossa vulnerabilidade socio econ\u00f3mica e pol\u00edtica.<\/p>\n<p>Reconhecemos que a pandemia triplicou \u00a0o nosso trabalho: al\u00e9m de sermos \u00a0m\u00e3es e trabalhadoras, assumimos a responsabilidade de sermos professoras dos nossos filhos\/as no cumprimento dos seus deveres escolares, perante um sistema educativo que se trasladou para as nossas casas com as plataformas virtuais. Esta nova condi\u00e7\u00e3o implicou mais gastos para a nossa j\u00e1 prec\u00e1ria economia familiar: custos altos de internet a companhias privadas. Muitas mulheres m\u00e3es s\u00e3o analfabetas e\/ou com limitada escolaridade, o que dificultou o trabalho com as novas tecnologias (tablets, telem\u00f3veis e computadores), isto tudo porque tiveram de tirar os seus filhos das escolas. Em muitos dos nossos pa\u00edses a pol\u00edtica de confinamento nos nossos lares representou um aumento da viol\u00eancia intrafamiliar e abusos a menores pelos seus pr\u00f3prios familiares.<\/p>\n<p>N\u00f3s mulheres continuamos a lutar contra uma sociedade de iniquidades, patriarcal e discriminat\u00f3ria. Sofremos pol\u00edticas de segrega\u00e7\u00e3o, criminaliza\u00e7\u00e3o das nossas lutas e o femic\u00eddio, diariamente. Continuamos a ser objeto de com\u00e9rcio sexual. O crime organizado (cart\u00e9is, paramilitares, gangues, traficantes&#8230;) imerso nas mesmas estruturas dos nossos Estados, aproveitou a pandemia para inovar os seus mecanismos de enriquecimento il\u00edcito, com um crescimento da ind\u00fastria do sequestro, do tr\u00e1fico de pessoas, de drogas e armas.<\/p>\n<p>Apesar de tudo isto, integradas nos nossos movimentos, a partir do nosso ser mulher apostamos na constitui\u00e7\u00e3o de um Mundo Novo, fundamentado numa Economia Social e Solid\u00e1ria, no Cuidado das nossas fam\u00edlias e da nossa M\u00e3e Terra.<\/p>\n<p>Promovemos rela\u00e7\u00f5es intergeracionais, de equidade e das novas pr\u00e1cticas de masculinidades livres de viol\u00eancia. Realizamos tarefas de auditoria social e incid\u00eancia social e pol\u00edtica, a fim de que os nossos governos locais, regionais e nacionais, promovam e garantam o Desenvolvimento Humano Integral, tendo como refer\u00eancia os Objetivos de Desenvolvimento Sustent\u00e1vel (ODS \/ ONU).<\/p>\n<p>Ao comemorar este novo anivers\u00e1rio internacional do dia da Mulher de 2021, pedimos e comprometemo-nos perante os nossos movimentos, iluminados e animados pelos nossos princ\u00edpios e valores crist\u00e3os e articulados ecumenicamente com outros grupos e movimentos, a velar pela nossa Casa Grande, para a viv\u00eancia de uma Vida Plena, expressa na ternura, amor e solidariedade.<\/p>\n<p>ABRA\u00c7OS FRATERNOS.<\/p>\n<p>Conselho da Mulher do Movimento de Trabalhadores\/as Rurais<\/p>\n<p>S\u00e3o Marcos, Guatemala, Mar\u00e7o de 2021.<\/p>\n<p>MOVIMENTO MUNDIAL DE TRABALHADORES CRIST\u00c3OS<\/p>\n","protected":false},"excerpt":{"rendered":"<p>Mensagem do Dia Internacional da Mulher<\/p>\n","protected":false},"author":2,"featured_media":2350,"comment_status":"closed","ping_status":"closed","sticky":false,"template":"","format":"standard","meta":{"_et_pb_use_builder":"","_et_pb_old_content":"","_et_gb_content_width":"","footnotes":""},"categories":[2],"tags":[],"class_list":["post-2349","post","type-post","status-publish","format-standard","has-post-thumbnail","hentry","category-noticias"],"yoast_head":"<!-- This site is optimized with the Yoast SEO plugin v26.9 - https:\/\/yoast.com\/product\/yoast-seo-wordpress\/ -->\n<title>08 DE MAR\u00c7O DE 2021 - LOC-MTC<\/title>\n<meta name=\"robots\" content=\"index, follow, max-snippet:-1, max-image-preview:large, max-video-preview:-1\" \/>\n<link rel=\"canonical\" href=\"https:\/\/sites.ecclesia.pt\/loc-mtc\/08-de-marco-de-2021\/\" \/>\n<meta property=\"og:locale\" content=\"pt_PT\" \/>\n<meta property=\"og:type\" content=\"article\" \/>\n<meta property=\"og:title\" content=\"08 DE MAR\u00c7O DE 2021 - LOC-MTC\" \/>\n<meta property=\"og:description\" content=\"Mensagem do Dia Internacional da Mulher\" \/>\n<meta property=\"og:url\" content=\"https:\/\/sites.ecclesia.pt\/loc-mtc\/08-de-marco-de-2021\/\" \/>\n<meta property=\"og:site_name\" content=\"LOC-MTC\" \/>\n<meta property=\"article:published_time\" content=\"2021-03-07T19:16:36+00:00\" \/>\n<meta property=\"og:image\" content=\"https:\/\/sites.ecclesia.pt\/loc-mtc\/wp-content\/uploads\/2021\/03\/dia-mulher.jpg\" \/>\n\t<meta property=\"og:image:width\" content=\"672\" \/>\n\t<meta property=\"og:image:height\" content=\"378\" \/>\n\t<meta property=\"og:image:type\" content=\"image\/jpeg\" \/>\n<meta name=\"author\" content=\"LOC-MTC\" \/>\n<meta name=\"twitter:card\" content=\"summary_large_image\" \/>\n<meta name=\"twitter:label1\" content=\"Escrito por\" \/>\n\t<meta name=\"twitter:data1\" content=\"LOC-MTC\" \/>\n\t<meta name=\"twitter:label2\" content=\"Tempo estimado de leitura\" \/>\n\t<meta name=\"twitter:data2\" content=\"3 minutos\" \/>\n<script type=\"application\/ld+json\" class=\"yoast-schema-graph\">{\"@context\":\"https:\/\/schema.org\",\"@graph\":[{\"@type\":\"Article\",\"@id\":\"https:\/\/sites.ecclesia.pt\/loc-mtc\/08-de-marco-de-2021\/#article\",\"isPartOf\":{\"@id\":\"https:\/\/sites.ecclesia.pt\/loc-mtc\/08-de-marco-de-2021\/\"},\"author\":{\"name\":\"LOC-MTC\",\"@id\":\"https:\/\/sites.ecclesia.pt\/loc-mtc\/#\/schema\/person\/8ba13a346b282ac81bddb0740218c156\"},\"headline\":\"08 DE MAR\u00c7O DE 2021\",\"datePublished\":\"2021-03-07T19:16:36+00:00\",\"mainEntityOfPage\":{\"@id\":\"https:\/\/sites.ecclesia.pt\/loc-mtc\/08-de-marco-de-2021\/\"},\"wordCount\":699,\"publisher\":{\"@id\":\"https:\/\/sites.ecclesia.pt\/loc-mtc\/#organization\"},\"image\":{\"@id\":\"https:\/\/sites.ecclesia.pt\/loc-mtc\/08-de-marco-de-2021\/#primaryimage\"},\"thumbnailUrl\":\"https:\/\/sites.ecclesia.pt\/loc-mtc\/wp-content\/uploads\/2021\/03\/dia-mulher.jpg\",\"articleSection\":[\"Not\u00edcias\"],\"inLanguage\":\"pt-PT\"},{\"@type\":\"WebPage\",\"@id\":\"https:\/\/sites.ecclesia.pt\/loc-mtc\/08-de-marco-de-2021\/\",\"url\":\"https:\/\/sites.ecclesia.pt\/loc-mtc\/08-de-marco-de-2021\/\",\"name\":\"08 DE MAR\u00c7O DE 2021 - LOC-MTC\",\"isPartOf\":{\"@id\":\"https:\/\/sites.ecclesia.pt\/loc-mtc\/#website\"},\"primaryImageOfPage\":{\"@id\":\"https:\/\/sites.ecclesia.pt\/loc-mtc\/08-de-marco-de-2021\/#primaryimage\"},\"image\":{\"@id\":\"https:\/\/sites.ecclesia.pt\/loc-mtc\/08-de-marco-de-2021\/#primaryimage\"},\"thumbnailUrl\":\"https:\/\/sites.ecclesia.pt\/loc-mtc\/wp-content\/uploads\/2021\/03\/dia-mulher.jpg\",\"datePublished\":\"2021-03-07T19:16:36+00:00\",\"breadcrumb\":{\"@id\":\"https:\/\/sites.ecclesia.pt\/loc-mtc\/08-de-marco-de-2021\/#breadcrumb\"},\"inLanguage\":\"pt-PT\",\"potentialAction\":[{\"@type\":\"ReadAction\",\"target\":[\"https:\/\/sites.ecclesia.pt\/loc-mtc\/08-de-marco-de-2021\/\"]}]},{\"@type\":\"ImageObject\",\"inLanguage\":\"pt-PT\",\"@id\":\"https:\/\/sites.ecclesia.pt\/loc-mtc\/08-de-marco-de-2021\/#primaryimage\",\"url\":\"https:\/\/sites.ecclesia.pt\/loc-mtc\/wp-content\/uploads\/2021\/03\/dia-mulher.jpg\",\"contentUrl\":\"https:\/\/sites.ecclesia.pt\/loc-mtc\/wp-content\/uploads\/2021\/03\/dia-mulher.jpg\",\"width\":672,\"height\":378},{\"@type\":\"BreadcrumbList\",\"@id\":\"https:\/\/sites.ecclesia.pt\/loc-mtc\/08-de-marco-de-2021\/#breadcrumb\",\"itemListElement\":[{\"@type\":\"ListItem\",\"position\":1,\"name\":\"Home\",\"item\":\"https:\/\/sites.ecclesia.pt\/loc-mtc\/\"},{\"@type\":\"ListItem\",\"position\":2,\"name\":\"08 DE MAR\u00c7O DE 2021\"}]},{\"@type\":\"WebSite\",\"@id\":\"https:\/\/sites.ecclesia.pt\/loc-mtc\/#website\",\"url\":\"https:\/\/sites.ecclesia.pt\/loc-mtc\/\",\"name\":\"LOC-MTC\",\"description\":\"Liga Oper\u00e1ria Cat\u00f3lica \u2013 Movimento de Trabalhadores Crist\u00e3os\",\"publisher\":{\"@id\":\"https:\/\/sites.ecclesia.pt\/loc-mtc\/#organization\"},\"potentialAction\":[{\"@type\":\"SearchAction\",\"target\":{\"@type\":\"EntryPoint\",\"urlTemplate\":\"https:\/\/sites.ecclesia.pt\/loc-mtc\/?s={search_term_string}\"},\"query-input\":{\"@type\":\"PropertyValueSpecification\",\"valueRequired\":true,\"valueName\":\"search_term_string\"}}],\"inLanguage\":\"pt-PT\"},{\"@type\":\"Organization\",\"@id\":\"https:\/\/sites.ecclesia.pt\/loc-mtc\/#organization\",\"name\":\"LOC\/MTC - Liga Oper\u00e1ria Cat\u00f3lica\/Movimento dos Trabalhadores Crist\u00e3os\",\"alternateName\":\"LOC\/MTC\",\"url\":\"https:\/\/sites.ecclesia.pt\/loc-mtc\/\",\"logo\":{\"@type\":\"ImageObject\",\"inLanguage\":\"pt-PT\",\"@id\":\"https:\/\/sites.ecclesia.pt\/loc-mtc\/#\/schema\/logo\/image\/\",\"url\":\"https:\/\/sites.ecclesia.pt\/loc-mtc\/wp-content\/uploads\/2021\/07\/loc-mtc-fb.jpg\",\"contentUrl\":\"https:\/\/sites.ecclesia.pt\/loc-mtc\/wp-content\/uploads\/2021\/07\/loc-mtc-fb.jpg\",\"width\":583,\"height\":552,\"caption\":\"LOC\/MTC - Liga Oper\u00e1ria Cat\u00f3lica\/Movimento dos Trabalhadores Crist\u00e3os\"},\"image\":{\"@id\":\"https:\/\/sites.ecclesia.pt\/loc-mtc\/#\/schema\/logo\/image\/\"}},{\"@type\":\"Person\",\"@id\":\"https:\/\/sites.ecclesia.pt\/loc-mtc\/#\/schema\/person\/8ba13a346b282ac81bddb0740218c156\",\"name\":\"LOC-MTC\",\"image\":{\"@type\":\"ImageObject\",\"inLanguage\":\"pt-PT\",\"@id\":\"https:\/\/sites.ecclesia.pt\/loc-mtc\/#\/schema\/person\/image\/\",\"url\":\"https:\/\/secure.gravatar.com\/avatar\/381f263bbf1376baf59211319cecf05597b65a26b86db6798bf393c99c999ed9?s=96&d=mm&r=g\",\"contentUrl\":\"https:\/\/secure.gravatar.com\/avatar\/381f263bbf1376baf59211319cecf05597b65a26b86db6798bf393c99c999ed9?s=96&d=mm&r=g\",\"caption\":\"LOC-MTC\"},\"sameAs\":[\"http:\/\/www.ecclesia.pt\/loc-mtc\"]}]}<\/script>\n<!-- \/ Yoast SEO plugin. -->","yoast_head_json":{"title":"08 DE MAR\u00c7O DE 2021 - LOC-MTC","robots":{"index":"index","follow":"follow","max-snippet":"max-snippet:-1","max-image-preview":"max-image-preview:large","max-video-preview":"max-video-preview:-1"},"canonical":"https:\/\/sites.ecclesia.pt\/loc-mtc\/08-de-marco-de-2021\/","og_locale":"pt_PT","og_type":"article","og_title":"08 DE MAR\u00c7O DE 2021 - LOC-MTC","og_description":"Mensagem do Dia Internacional da Mulher","og_url":"https:\/\/sites.ecclesia.pt\/loc-mtc\/08-de-marco-de-2021\/","og_site_name":"LOC-MTC","article_published_time":"2021-03-07T19:16:36+00:00","og_image":[{"width":672,"height":378,"url":"https:\/\/sites.ecclesia.pt\/loc-mtc\/wp-content\/uploads\/2021\/03\/dia-mulher.jpg","type":"image\/jpeg"}],"author":"LOC-MTC","twitter_card":"summary_large_image","twitter_misc":{"Escrito por":"LOC-MTC","Tempo estimado de leitura":"3 minutos"},"schema":{"@context":"https:\/\/schema.org","@graph":[{"@type":"Article","@id":"https:\/\/sites.ecclesia.pt\/loc-mtc\/08-de-marco-de-2021\/#article","isPartOf":{"@id":"https:\/\/sites.ecclesia.pt\/loc-mtc\/08-de-marco-de-2021\/"},"author":{"name":"LOC-MTC","@id":"https:\/\/sites.ecclesia.pt\/loc-mtc\/#\/schema\/person\/8ba13a346b282ac81bddb0740218c156"},"headline":"08 DE MAR\u00c7O DE 2021","datePublished":"2021-03-07T19:16:36+00:00","mainEntityOfPage":{"@id":"https:\/\/sites.ecclesia.pt\/loc-mtc\/08-de-marco-de-2021\/"},"wordCount":699,"publisher":{"@id":"https:\/\/sites.ecclesia.pt\/loc-mtc\/#organization"},"image":{"@id":"https:\/\/sites.ecclesia.pt\/loc-mtc\/08-de-marco-de-2021\/#primaryimage"},"thumbnailUrl":"https:\/\/sites.ecclesia.pt\/loc-mtc\/wp-content\/uploads\/2021\/03\/dia-mulher.jpg","articleSection":["Not\u00edcias"],"inLanguage":"pt-PT"},{"@type":"WebPage","@id":"https:\/\/sites.ecclesia.pt\/loc-mtc\/08-de-marco-de-2021\/","url":"https:\/\/sites.ecclesia.pt\/loc-mtc\/08-de-marco-de-2021\/","name":"08 DE MAR\u00c7O DE 2021 - LOC-MTC","isPartOf":{"@id":"https:\/\/sites.ecclesia.pt\/loc-mtc\/#website"},"primaryImageOfPage":{"@id":"https:\/\/sites.ecclesia.pt\/loc-mtc\/08-de-marco-de-2021\/#primaryimage"},"image":{"@id":"https:\/\/sites.ecclesia.pt\/loc-mtc\/08-de-marco-de-2021\/#primaryimage"},"thumbnailUrl":"https:\/\/sites.ecclesia.pt\/loc-mtc\/wp-content\/uploads\/2021\/03\/dia-mulher.jpg","datePublished":"2021-03-07T19:16:36+00:00","breadcrumb":{"@id":"https:\/\/sites.ecclesia.pt\/loc-mtc\/08-de-marco-de-2021\/#breadcrumb"},"inLanguage":"pt-PT","potentialAction":[{"@type":"ReadAction","target":["https:\/\/sites.ecclesia.pt\/loc-mtc\/08-de-marco-de-2021\/"]}]},{"@type":"ImageObject","inLanguage":"pt-PT","@id":"https:\/\/sites.ecclesia.pt\/loc-mtc\/08-de-marco-de-2021\/#primaryimage","url":"https:\/\/sites.ecclesia.pt\/loc-mtc\/wp-content\/uploads\/2021\/03\/dia-mulher.jpg","contentUrl":"https:\/\/sites.ecclesia.pt\/loc-mtc\/wp-content\/uploads\/2021\/03\/dia-mulher.jpg","width":672,"height":378},{"@type":"BreadcrumbList","@id":"https:\/\/sites.ecclesia.pt\/loc-mtc\/08-de-marco-de-2021\/#breadcrumb","itemListElement":[{"@type":"ListItem","position":1,"name":"Home","item":"https:\/\/sites.ecclesia.pt\/loc-mtc\/"},{"@type":"ListItem","position":2,"name":"08 DE MAR\u00c7O DE 2021"}]},{"@type":"WebSite","@id":"https:\/\/sites.ecclesia.pt\/loc-mtc\/#website","url":"https:\/\/sites.ecclesia.pt\/loc-mtc\/","name":"LOC-MTC","description":"Liga Oper\u00e1ria Cat\u00f3lica \u2013 Movimento de Trabalhadores Crist\u00e3os","publisher":{"@id":"https:\/\/sites.ecclesia.pt\/loc-mtc\/#organization"},"potentialAction":[{"@type":"SearchAction","target":{"@type":"EntryPoint","urlTemplate":"https:\/\/sites.ecclesia.pt\/loc-mtc\/?s={search_term_string}"},"query-input":{"@type":"PropertyValueSpecification","valueRequired":true,"valueName":"search_term_string"}}],"inLanguage":"pt-PT"},{"@type":"Organization","@id":"https:\/\/sites.ecclesia.pt\/loc-mtc\/#organization","name":"LOC\/MTC - Liga Oper\u00e1ria Cat\u00f3lica\/Movimento dos Trabalhadores Crist\u00e3os","alternateName":"LOC\/MTC","url":"https:\/\/sites.ecclesia.pt\/loc-mtc\/","logo":{"@type":"ImageObject","inLanguage":"pt-PT","@id":"https:\/\/sites.ecclesia.pt\/loc-mtc\/#\/schema\/logo\/image\/","url":"https:\/\/sites.ecclesia.pt\/loc-mtc\/wp-content\/uploads\/2021\/07\/loc-mtc-fb.jpg","contentUrl":"https:\/\/sites.ecclesia.pt\/loc-mtc\/wp-content\/uploads\/2021\/07\/loc-mtc-fb.jpg","width":583,"height":552,"caption":"LOC\/MTC - Liga Oper\u00e1ria Cat\u00f3lica\/Movimento dos Trabalhadores Crist\u00e3os"},"image":{"@id":"https:\/\/sites.ecclesia.pt\/loc-mtc\/#\/schema\/logo\/image\/"}},{"@type":"Person","@id":"https:\/\/sites.ecclesia.pt\/loc-mtc\/#\/schema\/person\/8ba13a346b282ac81bddb0740218c156","name":"LOC-MTC","image":{"@type":"ImageObject","inLanguage":"pt-PT","@id":"https:\/\/sites.ecclesia.pt\/loc-mtc\/#\/schema\/person\/image\/","url":"https:\/\/secure.gravatar.com\/avatar\/381f263bbf1376baf59211319cecf05597b65a26b86db6798bf393c99c999ed9?s=96&d=mm&r=g","contentUrl":"https:\/\/secure.gravatar.com\/avatar\/381f263bbf1376baf59211319cecf05597b65a26b86db6798bf393c99c999ed9?s=96&d=mm&r=g","caption":"LOC-MTC"},"sameAs":["http:\/\/www.ecclesia.pt\/loc-mtc"]}]}},"_links":{"self":[{"href":"https:\/\/sites.ecclesia.pt\/loc-mtc\/wp-json\/wp\/v2\/posts\/2349","targetHints":{"allow":["GET"]}}],"collection":[{"href":"https:\/\/sites.ecclesia.pt\/loc-mtc\/wp-json\/wp\/v2\/posts"}],"about":[{"href":"https:\/\/sites.ecclesia.pt\/loc-mtc\/wp-json\/wp\/v2\/types\/post"}],"author":[{"embeddable":true,"href":"https:\/\/sites.ecclesia.pt\/loc-mtc\/wp-json\/wp\/v2\/users\/2"}],"replies":[{"embeddable":true,"href":"https:\/\/sites.ecclesia.pt\/loc-mtc\/wp-json\/wp\/v2\/comments?post=2349"}],"version-history":[{"count":1,"href":"https:\/\/sites.ecclesia.pt\/loc-mtc\/wp-json\/wp\/v2\/posts\/2349\/revisions"}],"predecessor-version":[{"id":2351,"href":"https:\/\/sites.ecclesia.pt\/loc-mtc\/wp-json\/wp\/v2\/posts\/2349\/revisions\/2351"}],"wp:featuredmedia":[{"embeddable":true,"href":"https:\/\/sites.ecclesia.pt\/loc-mtc\/wp-json\/wp\/v2\/media\/2350"}],"wp:attachment":[{"href":"https:\/\/sites.ecclesia.pt\/loc-mtc\/wp-json\/wp\/v2\/media?parent=2349"}],"wp:term":[{"taxonomy":"category","embeddable":true,"href":"https:\/\/sites.ecclesia.pt\/loc-mtc\/wp-json\/wp\/v2\/categories?post=2349"},{"taxonomy":"post_tag","embeddable":true,"href":"https:\/\/sites.ecclesia.pt\/loc-mtc\/wp-json\/wp\/v2\/tags?post=2349"}],"curies":[{"name":"wp","href":"https:\/\/api.w.org\/{rel}","templated":true}]}}