{"id":2353,"date":"2021-03-14T23:09:22","date_gmt":"2021-03-14T23:09:22","guid":{"rendered":"http:\/\/sites.ecclesia.pt\/loc-mtc\/?p=2353"},"modified":"2021-03-14T23:09:22","modified_gmt":"2021-03-14T23:09:22","slug":"evolucao-das-relacoes-e-formas-de-trabalho-na-era-digital-trabalho-trabalhador-empresa-organizacao-dos-trabalhadores-e-sua-representacao","status":"publish","type":"post","link":"https:\/\/sites.ecclesia.pt\/loc-mtc\/evolucao-das-relacoes-e-formas-de-trabalho-na-era-digital-trabalho-trabalhador-empresa-organizacao-dos-trabalhadores-e-sua-representacao\/","title":{"rendered":"Evolu\u00e7\u00e3o das rela\u00e7\u00f5es e formas de trabalho na era digital. \u201cTrabalho\u201d \u201cTrabalhador\u201d \u201cEmpresa\u201d &#8211; Organiza\u00e7\u00e3o dos trabalhadores e sua representa\u00e7\u00e3o"},"content":{"rendered":"<p>Terminou o Semin\u00e1rio internacional que se realizou de 11 a 14 de Mar\u00e7o de 2021, em Aveiro, com apresenta\u00e7\u00e3o, a partir da Junta de Freguesia de Cacia, via internet, promovido e organizado pela LOC\/MTC \u2013 Liga Oper\u00e1ria Cat\u00f3lica\/Movimento de Trabalhadores Crist\u00e3os,\u00a0 e que contou com a participa\u00e7\u00e3o portuguesa de membros da Base-Fut, da JOC, da LOC\/MTC,\u00a0 da Quercus, da Fidestra, e internacional do KAB da Alemanha,\u00a0 da HOAC\u00a0 de Espanha,\u00a0 da\u00a0 ACO e da CFTC de Fran\u00e7a, do KAP da Republica Checa, e do EZA \u2013 Centro Europeu para os Assuntos dos Trabalhadores, <strong>sob o tema: Evolu\u00e7\u00e3o das rela\u00e7\u00f5es e formas de trabalho na era digital. <\/strong><strong>\u201cTrabalho\u201d \u201cTrabalhador\u201d \u201cEmpresa\u201d &#8211; Organiza\u00e7\u00e3o dos trabalhadores e sua representa\u00e7\u00e3o.<\/strong><\/p>\n<p>Na sess\u00e3o de abertura, na mesa, participaram presencialmente, D. Ant\u00f3nio Moiteiro, Bispo de Aveiro que presidiu \u00e0 sess\u00e3o; Dr. Ribau Esteves, Presidente da C\u00e1mara Municipal de Aveiro; Nelson Santos Presidente da Junta de Freguesia de Cacia; Am\u00e9rico Monteiro, Coordenador Nacional da LOC\/MTC; e Maria Reina da Administra\u00e7\u00e3o do EZA.<\/p>\n<p>A elei\u00e7\u00e3o de Aveiro para a realiza\u00e7\u00e3o deste semin\u00e1rio, recebeu o agradecimento de todos os intervenientes. Apesar da circunst\u00e2ncia de pandemia e de confinamento, foi poss\u00edvel, com todos os cuidados, para que se pudesse realizar de uma forma digna e com condi\u00e7\u00f5es. Elogiaram os temas em debate e levantaram alguns desafios sobre o assunto. D. Ant\u00f3nio Moiteiro no encerramento da sess\u00e3o apresentou uma reflex\u00e3o mais aprofundada sobre a cultura digital e o trabalho, as preocupa\u00e7\u00f5es que levantam e que pode ser uma oportunidade, mas que nem tudo \u00e9 positivo e existem muitos circuitos fechados, que alimentam not\u00edcias falsas e provocam disc\u00f3rdia na sociedade.<\/p>\n<p>O Assistente Nacional da LOC\/MTC, JOC e MAAC, Padre Joaquim Ant\u00f3nio Martins desafiou-nos a n\u00e3o desanimar, atrav\u00e9s de um texto resultante de uma reflex\u00e3o\/compromisso pessoal sobre a leitura b\u00edblica de 2 Tim\u00f3teo 1, 8-13, em que S\u00e3o Paulo prisioneiro escreve a Tim\u00f3teo para que n\u00e3o se envergonhe nem dele e muito menos de Deus. \u201cSeguir em frente\u201d, tamb\u00e9m no nosso trabalho, continuar a semear, porque no meio da desola\u00e7\u00e3o haver\u00e1 sempre algu\u00e9m que olhar\u00e1 acreditando em n\u00f3s e se algum dia tivermos a tenta\u00e7\u00e3o de desistir, haver\u00e1 algu\u00e9m que atrav\u00e9s de um beijo, um abra\u00e7o ou um sorriso nos motive a voltar ao nosso caminho.<\/p>\n<p>Nas outras sess\u00f5es participaram como oradores: Lu\u00eds Soares Barbosa, Professor Catedr\u00e1tico da Universidade do Minho e Investigador S\u00e9nior no INESC TEC.; Maria da Paz Campos Lima, Soci\u00f3loga e investigadora do ISCTE; Pau D\u00edaz Bo\u00efls da HOAC de Espanha; Ant\u00f3nio Correia de Campos, Professor de Sa\u00fade Publica, ex Ministro da Sa\u00fade e ex Presidente do Conselho Econ\u00f3mico e Social.<\/p>\n<p>O debate do tema foi desdobrado em v\u00e1rias sess\u00f5es:<\/p>\n<p>Na primeira sess\u00e3o moderada por Alice Marques, vice-coordenadora nacional da LOC\/MTC, o Dr. Lu\u00eds Soares barbosa, apresentou a reflex\u00e3o<strong>, \u201cEvolu\u00e7\u00e3o das rela\u00e7\u00f5es laborais e formas de trabalho na era digital\u201d<\/strong> de que destacamos a perspetiva sobre o trabalho, o que morre e o que emerge na era digital. Cresce a inseguran\u00e7a no emprego, a desregula\u00e7\u00e3o, a destrui\u00e7\u00e3o de emprego tradicional, emerge a precariedade, a inseguran\u00e7a no emprego, perda de direitos, sal\u00e1rios baixos e a descontinuidade laboral. Adapta\u00e7\u00e3o a rela\u00e7\u00f5es laborais: pl\u00e1sticas, irregulares, moveis, flex\u00edveis, mut\u00e1veis. S\u00e3o muitos os desafios que se nos colocam, este assunto n\u00e3o pode ser deixado s\u00f3 nas m\u00e3os de especialistas, h\u00e1 que desenvolver novas literacias, estar desperto para discernir perante os mitos vigentes na sociedade e ter atitude proativa face \u00e0 tecnologia e \u00e0 mudan\u00e7a, defender o que ainda n\u00e3o se conquistou e resistir \u00e0 precariedade social e interior. A transi\u00e7\u00e3o digital n\u00e3o vai retroceder, n\u00e3o sendo um mapa de sentido \u00fanico, de inevitabilidades, nem uma quest\u00e3o de s\u00f3 preto ou branco.<\/p>\n<p>Na segunda sess\u00e3o, moderada por Pedro Estev\u00e3o, coordenador da Base Fut, a Dr\u00aa Maria da Paz C. Lima, desenvolveu o tema na perspetiva dos <strong>\u201cConceitos de trabalho, trabalhador e empresa hoje. Consequ\u00eancias para os trabalhadores e para a prote\u00e7\u00e3o social em Portugal e na Europa<\/strong>\u201d. Falou-nos de direitos laborais individuais, direitos de prote\u00e7\u00e3o social, direitos de associa\u00e7\u00e3o, representa\u00e7\u00e3o e negocia\u00e7\u00e3o e que h\u00e1 grandes entraves a uma negocia\u00e7\u00e3o coletiva s\u00e9ria no nosso pa\u00eds. A precariza\u00e7\u00e3o dos v\u00ednculos laborais e a \u201cdeslaboriza\u00e7\u00e3o\u201d, atrav\u00e9s das formas de emprego assentes na presta\u00e7\u00e3o de servi\u00e7os, em particular da \u201cuberiza\u00e7\u00e3o\/plataformiza\u00e7\u00e3o\u201d.<\/p>\n<p>A terceira sess\u00e3o, moderada por Rui Lavoura, Tesoureiro nacional da LOC\/MTC foi a realiza\u00e7\u00e3o de uma mesa redonda, onde nos inteir\u00e1mos do que se vive em alguns pa\u00edses da Europa: Alemanha, Miriam Catulo KAB Aachen, Espanha Bernardino Dominguez Martin da HOAC, Rep\u00fablica Checa Lidmila Nemcov\u00e0 da KAP e de Portugal Jo\u00e3o Esteves da JOC e Jos\u00e9 Janela da Quercus. <strong>Como s\u00e3o encaradas pelos jovens em cada pa\u00eds, as preocupa\u00e7\u00f5es pelo ambiente e os novos modelos de trabalho.<\/strong> Em alguns destes pa\u00edses afirma-se que a grande maioria dos jovens est\u00e3o agora mais preocupados com os problemas ambientais. No caso de Portugal cerca de 89% dos jovens portugueses est\u00e3o hoje mais preocupados com os problemas ambientais, que h\u00e1 10 anos atr\u00e1s. Em Espanha est\u00e1 a ser dada resposta aos novos modelos de trabalho, ao estilo de vida, \u00e0 sociedade e \u00e0 pol\u00edtica. H\u00e1 tribunais que est\u00e3o a reconhecer falsos recibos verdes e algumas empresas est\u00e3o a ser multadas. Muitos jovens est\u00e3o a perder motiva\u00e7\u00e3o para estudar porque n\u00e3o veem futuro. Mas a maioria continua com otimismo e acreditam que v\u00e3o ter sucesso profissional. Apesar das condi\u00e7\u00f5es de trabalho prec\u00e1rias e sem grandes meios, continuam preocupados e lutam pelo ambiente, como est\u00e1 a acontecer na Alemanha, com manifesta\u00e7\u00f5es de jovens, que lutam contra a desloca\u00e7\u00e3o de aldeias motivada pelo aumento da explora\u00e7\u00e3o de minas de carv\u00e3o.<\/p>\n<p>A quarta sess\u00e3o, moderada por F\u00e1tima Almeida, copresidente do MMTC e dirigente da LOC\/MTC, Pau Diaz Boils abordou o tema<strong> \u201cQual o papel das organiza\u00e7\u00f5es e movimentos de trabalhadores na dignifica\u00e7\u00e3o do trabalho\u201d.<\/strong> Foi-nos apresentada uma reflex\u00e3o sobre a realidade de luta e de empenhamento dos trabalhadores nas batalhas travadas e influentes na sociedade espanhola, a import\u00e2ncia de cuidarmos do \u201ccancro\u201d que \u00e9 a corrup\u00e7\u00e3o, n\u00e3o esquecendo a educa\u00e7\u00e3o de consci\u00eancias para a solidariedade. O empenhamento das centrais sindicais contra este austeric\u00eddio, fazendo um sindicalismo em perspetiva do g\u00e9nero, junto dos bairros em conjunto com outras associa\u00e7\u00f5es e na defesa do clima. N\u00e3o \u00e9 a realidade que tem que se adaptar, aos sindicatos, mas o contr\u00e1rio. \u201cFizemos, fazemos e faremos um sindicalismo de proximidade e defendemos os servi\u00e7os p\u00fablicos e universais\u201d.<\/p>\n<p>Na quinta e \u00faltima sess\u00e3o, moderada por Am\u00e9rico Monteiro coordenador nacional da LOC\/MTC o Dr. Ant\u00f3nio Correia de Campos, apresentou o tema: <strong>Que assuntos dos trabalhadores colocar e como, na agenda pol\u00edtica, sindical e empresarial, que fortale\u00e7am o Di\u00e1logo Social e um desenvolvimento harmonioso\u201d. <\/strong>Fortalecer o di\u00e1logo social \u00e9 um meio para alcan\u00e7ar o progresso social e econ\u00f3mico, como um fim em si mesmo, uma vez que d\u00e1 voz e possibilita \u00e0s comunidades uma participa\u00e7\u00e3o ativa, nas respetivas sociedades e locais de trabalho, pelo que \u00e9 um agente de cidadania. Di\u00e1logo social existe sempre, a quest\u00e3o est\u00e1 em saber se ele se desenvolve com a qualidade necess\u00e1ria. A qualidade pressup\u00f5e opini\u00f5es informadas, baseadas no conhecimento. Estar\u00e1 o di\u00e1logo social a incidir sobre \u201cassuntos de interesse comum\u201d? Estar\u00e1 o di\u00e1logo social a incidir sobre t\u00f3picos, atuais? As mudan\u00e7as na sociedade alteram os temas, ou s\u00e3o ignoradas? O mundo mudou e continua a mudar rapidamente e os instrumentos do di\u00e1logo, embora instalados, levam tempo a mudar as suas agendas. A automa\u00e7\u00e3o, a digitaliza\u00e7\u00e3o, a demografia e a globaliza\u00e7\u00e3o s\u00e3o vetores de mudan\u00e7a e de desafio para a sociedade.<\/p>\n<p>No final dos trabalhos, promovemos um encontro via online com <strong>Cristina Tavares, oper\u00e1ria corticeira<\/strong>, que nos falou da sua experi\u00eancia de vida e de luta no seu processo de ass\u00e9dio moral na empresa, bem conhecido dos portugueses. Que nunca quis qualquer protagonismo e o que a motivou foi e \u00e9 a necessidade do seu trabalho e sal\u00e1rio para a sua subsist\u00eancia. Muitas vezes se refugiou na ora\u00e7\u00e3o para continuar a ter for\u00e7as e levar at\u00e9 ao fim a luta pelos seus direitos, ainda hoje o faz e que o que lhe d\u00e1 sempre raz\u00e3o \u00e9 que mesmo quando a colocaram a fazer e desfazer trabalhos in\u00fateis, de castigo, foi sempre respons\u00e1vel, diligente e aplicada, mesmo sabendo que n\u00e3o era correto o que lhe faziam. Neste encontro tivemos tamb\u00e9m <strong>o presidente do Sindicato dos Corticeiros, Al\u00edrio Martins,<\/strong> que acompanhou todo o processo e foi a primeira testemunha do que estava a acontecer. Deu uma panor\u00e2mica de toda a luta travada e ainda em curso, o que s\u00f3 torna mais clara a import\u00e2ncia da solidariedade. Como avan\u00e7ou para despoletar toda a onda de solidariedade que se desencadeou, pedindo audi\u00eancias e colocando o assunto junto das entidades, junto da Igreja local e Diocesana, junto da sua central sindical e at\u00e9 ao n\u00edvel pol\u00edtico.<\/p>\n<p>Foi poss\u00edvel, aos participantes, relembrar a sua ades\u00e3o aos atos de solidariedade que ocorreram em v\u00e1rios locais e de manifestar o seu apre\u00e7o pela luta que se est\u00e1 a travar e renovam o apoio bem como a amizade e solidariedade.<\/p>\n<p>Termin\u00e1mos com a apresenta\u00e7\u00e3o do esbo\u00e7o do relat\u00f3rio e uma breve avalia\u00e7\u00e3o por parte dos participantes no Semin\u00e1rio, que foi promovido e organizado pela LOC\/MTC, com o apoio financeiro do EZA-Centro Europeu para os Assuntos dos Trabalhadores e da UE-Uni\u00e3o Europeia.<\/p>\n","protected":false},"excerpt":{"rendered":"<p>Semin\u00e1rio Internacional da LOC\/MTC<\/p>\n","protected":false},"author":2,"featured_media":0,"comment_status":"closed","ping_status":"closed","sticky":false,"template":"","format":"standard","meta":{"_et_pb_use_builder":"","_et_pb_old_content":"","_et_gb_content_width":"","footnotes":""},"categories":[4,2],"tags":[],"class_list":["post-2353","post","type-post","status-publish","format-standard","hentry","category-comunicados","category-noticias"],"yoast_head":"<!-- This site is optimized with the Yoast SEO plugin v26.9 - https:\/\/yoast.com\/product\/yoast-seo-wordpress\/ -->\n<title>Evolu\u00e7\u00e3o das rela\u00e7\u00f5es e formas de trabalho na era digital. \u201cTrabalho\u201d \u201cTrabalhador\u201d \u201cEmpresa\u201d - Organiza\u00e7\u00e3o dos trabalhadores e sua representa\u00e7\u00e3o - LOC-MTC<\/title>\n<meta name=\"robots\" content=\"index, follow, max-snippet:-1, max-image-preview:large, max-video-preview:-1\" \/>\n<link rel=\"canonical\" href=\"https:\/\/sites.ecclesia.pt\/loc-mtc\/evolucao-das-relacoes-e-formas-de-trabalho-na-era-digital-trabalho-trabalhador-empresa-organizacao-dos-trabalhadores-e-sua-representacao\/\" \/>\n<meta property=\"og:locale\" content=\"pt_PT\" \/>\n<meta property=\"og:type\" content=\"article\" \/>\n<meta property=\"og:title\" content=\"Evolu\u00e7\u00e3o das rela\u00e7\u00f5es e formas de trabalho na era digital. \u201cTrabalho\u201d \u201cTrabalhador\u201d \u201cEmpresa\u201d - Organiza\u00e7\u00e3o dos trabalhadores e sua representa\u00e7\u00e3o - LOC-MTC\" \/>\n<meta property=\"og:description\" content=\"Semin\u00e1rio Internacional da LOC\/MTC\" \/>\n<meta property=\"og:url\" content=\"https:\/\/sites.ecclesia.pt\/loc-mtc\/evolucao-das-relacoes-e-formas-de-trabalho-na-era-digital-trabalho-trabalhador-empresa-organizacao-dos-trabalhadores-e-sua-representacao\/\" \/>\n<meta property=\"og:site_name\" content=\"LOC-MTC\" \/>\n<meta property=\"article:published_time\" content=\"2021-03-14T23:09:22+00:00\" \/>\n<meta name=\"author\" content=\"LOC-MTC\" \/>\n<meta name=\"twitter:card\" content=\"summary_large_image\" \/>\n<meta name=\"twitter:label1\" content=\"Escrito por\" \/>\n\t<meta name=\"twitter:data1\" content=\"LOC-MTC\" \/>\n\t<meta name=\"twitter:label2\" content=\"Tempo estimado de leitura\" \/>\n\t<meta name=\"twitter:data2\" content=\"9 minutos\" \/>\n<script type=\"application\/ld+json\" class=\"yoast-schema-graph\">{\"@context\":\"https:\/\/schema.org\",\"@graph\":[{\"@type\":\"Article\",\"@id\":\"https:\/\/sites.ecclesia.pt\/loc-mtc\/evolucao-das-relacoes-e-formas-de-trabalho-na-era-digital-trabalho-trabalhador-empresa-organizacao-dos-trabalhadores-e-sua-representacao\/#article\",\"isPartOf\":{\"@id\":\"https:\/\/sites.ecclesia.pt\/loc-mtc\/evolucao-das-relacoes-e-formas-de-trabalho-na-era-digital-trabalho-trabalhador-empresa-organizacao-dos-trabalhadores-e-sua-representacao\/\"},\"author\":{\"name\":\"LOC-MTC\",\"@id\":\"https:\/\/sites.ecclesia.pt\/loc-mtc\/#\/schema\/person\/8ba13a346b282ac81bddb0740218c156\"},\"headline\":\"Evolu\u00e7\u00e3o das rela\u00e7\u00f5es e formas de trabalho na era digital. \u201cTrabalho\u201d \u201cTrabalhador\u201d \u201cEmpresa\u201d &#8211; Organiza\u00e7\u00e3o dos trabalhadores e sua representa\u00e7\u00e3o\",\"datePublished\":\"2021-03-14T23:09:22+00:00\",\"mainEntityOfPage\":{\"@id\":\"https:\/\/sites.ecclesia.pt\/loc-mtc\/evolucao-das-relacoes-e-formas-de-trabalho-na-era-digital-trabalho-trabalhador-empresa-organizacao-dos-trabalhadores-e-sua-representacao\/\"},\"wordCount\":1748,\"publisher\":{\"@id\":\"https:\/\/sites.ecclesia.pt\/loc-mtc\/#organization\"},\"articleSection\":[\"Comunicados\",\"Not\u00edcias\"],\"inLanguage\":\"pt-PT\"},{\"@type\":\"WebPage\",\"@id\":\"https:\/\/sites.ecclesia.pt\/loc-mtc\/evolucao-das-relacoes-e-formas-de-trabalho-na-era-digital-trabalho-trabalhador-empresa-organizacao-dos-trabalhadores-e-sua-representacao\/\",\"url\":\"https:\/\/sites.ecclesia.pt\/loc-mtc\/evolucao-das-relacoes-e-formas-de-trabalho-na-era-digital-trabalho-trabalhador-empresa-organizacao-dos-trabalhadores-e-sua-representacao\/\",\"name\":\"Evolu\u00e7\u00e3o das rela\u00e7\u00f5es e formas de trabalho na era digital. \u201cTrabalho\u201d \u201cTrabalhador\u201d \u201cEmpresa\u201d - Organiza\u00e7\u00e3o dos trabalhadores e sua representa\u00e7\u00e3o - LOC-MTC\",\"isPartOf\":{\"@id\":\"https:\/\/sites.ecclesia.pt\/loc-mtc\/#website\"},\"datePublished\":\"2021-03-14T23:09:22+00:00\",\"breadcrumb\":{\"@id\":\"https:\/\/sites.ecclesia.pt\/loc-mtc\/evolucao-das-relacoes-e-formas-de-trabalho-na-era-digital-trabalho-trabalhador-empresa-organizacao-dos-trabalhadores-e-sua-representacao\/#breadcrumb\"},\"inLanguage\":\"pt-PT\",\"potentialAction\":[{\"@type\":\"ReadAction\",\"target\":[\"https:\/\/sites.ecclesia.pt\/loc-mtc\/evolucao-das-relacoes-e-formas-de-trabalho-na-era-digital-trabalho-trabalhador-empresa-organizacao-dos-trabalhadores-e-sua-representacao\/\"]}]},{\"@type\":\"BreadcrumbList\",\"@id\":\"https:\/\/sites.ecclesia.pt\/loc-mtc\/evolucao-das-relacoes-e-formas-de-trabalho-na-era-digital-trabalho-trabalhador-empresa-organizacao-dos-trabalhadores-e-sua-representacao\/#breadcrumb\",\"itemListElement\":[{\"@type\":\"ListItem\",\"position\":1,\"name\":\"Home\",\"item\":\"https:\/\/sites.ecclesia.pt\/loc-mtc\/\"},{\"@type\":\"ListItem\",\"position\":2,\"name\":\"Evolu\u00e7\u00e3o das rela\u00e7\u00f5es e formas de trabalho na era digital. \u201cTrabalho\u201d \u201cTrabalhador\u201d \u201cEmpresa\u201d &#8211; Organiza\u00e7\u00e3o dos trabalhadores e sua representa\u00e7\u00e3o\"}]},{\"@type\":\"WebSite\",\"@id\":\"https:\/\/sites.ecclesia.pt\/loc-mtc\/#website\",\"url\":\"https:\/\/sites.ecclesia.pt\/loc-mtc\/\",\"name\":\"LOC-MTC\",\"description\":\"Liga Oper\u00e1ria Cat\u00f3lica \u2013 Movimento de Trabalhadores Crist\u00e3os\",\"publisher\":{\"@id\":\"https:\/\/sites.ecclesia.pt\/loc-mtc\/#organization\"},\"potentialAction\":[{\"@type\":\"SearchAction\",\"target\":{\"@type\":\"EntryPoint\",\"urlTemplate\":\"https:\/\/sites.ecclesia.pt\/loc-mtc\/?s={search_term_string}\"},\"query-input\":{\"@type\":\"PropertyValueSpecification\",\"valueRequired\":true,\"valueName\":\"search_term_string\"}}],\"inLanguage\":\"pt-PT\"},{\"@type\":\"Organization\",\"@id\":\"https:\/\/sites.ecclesia.pt\/loc-mtc\/#organization\",\"name\":\"LOC\/MTC - Liga Oper\u00e1ria Cat\u00f3lica\/Movimento dos Trabalhadores Crist\u00e3os\",\"alternateName\":\"LOC\/MTC\",\"url\":\"https:\/\/sites.ecclesia.pt\/loc-mtc\/\",\"logo\":{\"@type\":\"ImageObject\",\"inLanguage\":\"pt-PT\",\"@id\":\"https:\/\/sites.ecclesia.pt\/loc-mtc\/#\/schema\/logo\/image\/\",\"url\":\"https:\/\/sites.ecclesia.pt\/loc-mtc\/wp-content\/uploads\/2021\/07\/loc-mtc-fb.jpg\",\"contentUrl\":\"https:\/\/sites.ecclesia.pt\/loc-mtc\/wp-content\/uploads\/2021\/07\/loc-mtc-fb.jpg\",\"width\":583,\"height\":552,\"caption\":\"LOC\/MTC - Liga Oper\u00e1ria Cat\u00f3lica\/Movimento dos Trabalhadores Crist\u00e3os\"},\"image\":{\"@id\":\"https:\/\/sites.ecclesia.pt\/loc-mtc\/#\/schema\/logo\/image\/\"}},{\"@type\":\"Person\",\"@id\":\"https:\/\/sites.ecclesia.pt\/loc-mtc\/#\/schema\/person\/8ba13a346b282ac81bddb0740218c156\",\"name\":\"LOC-MTC\",\"image\":{\"@type\":\"ImageObject\",\"inLanguage\":\"pt-PT\",\"@id\":\"https:\/\/sites.ecclesia.pt\/loc-mtc\/#\/schema\/person\/image\/\",\"url\":\"https:\/\/secure.gravatar.com\/avatar\/381f263bbf1376baf59211319cecf05597b65a26b86db6798bf393c99c999ed9?s=96&d=mm&r=g\",\"contentUrl\":\"https:\/\/secure.gravatar.com\/avatar\/381f263bbf1376baf59211319cecf05597b65a26b86db6798bf393c99c999ed9?s=96&d=mm&r=g\",\"caption\":\"LOC-MTC\"},\"sameAs\":[\"http:\/\/www.ecclesia.pt\/loc-mtc\"]}]}<\/script>\n<!-- \/ Yoast SEO plugin. -->","yoast_head_json":{"title":"Evolu\u00e7\u00e3o das rela\u00e7\u00f5es e formas de trabalho na era digital. \u201cTrabalho\u201d \u201cTrabalhador\u201d \u201cEmpresa\u201d - Organiza\u00e7\u00e3o dos trabalhadores e sua representa\u00e7\u00e3o - LOC-MTC","robots":{"index":"index","follow":"follow","max-snippet":"max-snippet:-1","max-image-preview":"max-image-preview:large","max-video-preview":"max-video-preview:-1"},"canonical":"https:\/\/sites.ecclesia.pt\/loc-mtc\/evolucao-das-relacoes-e-formas-de-trabalho-na-era-digital-trabalho-trabalhador-empresa-organizacao-dos-trabalhadores-e-sua-representacao\/","og_locale":"pt_PT","og_type":"article","og_title":"Evolu\u00e7\u00e3o das rela\u00e7\u00f5es e formas de trabalho na era digital. \u201cTrabalho\u201d \u201cTrabalhador\u201d \u201cEmpresa\u201d - Organiza\u00e7\u00e3o dos trabalhadores e sua representa\u00e7\u00e3o - LOC-MTC","og_description":"Semin\u00e1rio Internacional da LOC\/MTC","og_url":"https:\/\/sites.ecclesia.pt\/loc-mtc\/evolucao-das-relacoes-e-formas-de-trabalho-na-era-digital-trabalho-trabalhador-empresa-organizacao-dos-trabalhadores-e-sua-representacao\/","og_site_name":"LOC-MTC","article_published_time":"2021-03-14T23:09:22+00:00","author":"LOC-MTC","twitter_card":"summary_large_image","twitter_misc":{"Escrito por":"LOC-MTC","Tempo estimado de leitura":"9 minutos"},"schema":{"@context":"https:\/\/schema.org","@graph":[{"@type":"Article","@id":"https:\/\/sites.ecclesia.pt\/loc-mtc\/evolucao-das-relacoes-e-formas-de-trabalho-na-era-digital-trabalho-trabalhador-empresa-organizacao-dos-trabalhadores-e-sua-representacao\/#article","isPartOf":{"@id":"https:\/\/sites.ecclesia.pt\/loc-mtc\/evolucao-das-relacoes-e-formas-de-trabalho-na-era-digital-trabalho-trabalhador-empresa-organizacao-dos-trabalhadores-e-sua-representacao\/"},"author":{"name":"LOC-MTC","@id":"https:\/\/sites.ecclesia.pt\/loc-mtc\/#\/schema\/person\/8ba13a346b282ac81bddb0740218c156"},"headline":"Evolu\u00e7\u00e3o das rela\u00e7\u00f5es e formas de trabalho na era digital. \u201cTrabalho\u201d \u201cTrabalhador\u201d \u201cEmpresa\u201d &#8211; Organiza\u00e7\u00e3o dos trabalhadores e sua representa\u00e7\u00e3o","datePublished":"2021-03-14T23:09:22+00:00","mainEntityOfPage":{"@id":"https:\/\/sites.ecclesia.pt\/loc-mtc\/evolucao-das-relacoes-e-formas-de-trabalho-na-era-digital-trabalho-trabalhador-empresa-organizacao-dos-trabalhadores-e-sua-representacao\/"},"wordCount":1748,"publisher":{"@id":"https:\/\/sites.ecclesia.pt\/loc-mtc\/#organization"},"articleSection":["Comunicados","Not\u00edcias"],"inLanguage":"pt-PT"},{"@type":"WebPage","@id":"https:\/\/sites.ecclesia.pt\/loc-mtc\/evolucao-das-relacoes-e-formas-de-trabalho-na-era-digital-trabalho-trabalhador-empresa-organizacao-dos-trabalhadores-e-sua-representacao\/","url":"https:\/\/sites.ecclesia.pt\/loc-mtc\/evolucao-das-relacoes-e-formas-de-trabalho-na-era-digital-trabalho-trabalhador-empresa-organizacao-dos-trabalhadores-e-sua-representacao\/","name":"Evolu\u00e7\u00e3o das rela\u00e7\u00f5es e formas de trabalho na era digital. \u201cTrabalho\u201d \u201cTrabalhador\u201d \u201cEmpresa\u201d - Organiza\u00e7\u00e3o dos trabalhadores e sua representa\u00e7\u00e3o - LOC-MTC","isPartOf":{"@id":"https:\/\/sites.ecclesia.pt\/loc-mtc\/#website"},"datePublished":"2021-03-14T23:09:22+00:00","breadcrumb":{"@id":"https:\/\/sites.ecclesia.pt\/loc-mtc\/evolucao-das-relacoes-e-formas-de-trabalho-na-era-digital-trabalho-trabalhador-empresa-organizacao-dos-trabalhadores-e-sua-representacao\/#breadcrumb"},"inLanguage":"pt-PT","potentialAction":[{"@type":"ReadAction","target":["https:\/\/sites.ecclesia.pt\/loc-mtc\/evolucao-das-relacoes-e-formas-de-trabalho-na-era-digital-trabalho-trabalhador-empresa-organizacao-dos-trabalhadores-e-sua-representacao\/"]}]},{"@type":"BreadcrumbList","@id":"https:\/\/sites.ecclesia.pt\/loc-mtc\/evolucao-das-relacoes-e-formas-de-trabalho-na-era-digital-trabalho-trabalhador-empresa-organizacao-dos-trabalhadores-e-sua-representacao\/#breadcrumb","itemListElement":[{"@type":"ListItem","position":1,"name":"Home","item":"https:\/\/sites.ecclesia.pt\/loc-mtc\/"},{"@type":"ListItem","position":2,"name":"Evolu\u00e7\u00e3o das rela\u00e7\u00f5es e formas de trabalho na era digital. \u201cTrabalho\u201d \u201cTrabalhador\u201d \u201cEmpresa\u201d &#8211; Organiza\u00e7\u00e3o dos trabalhadores e sua representa\u00e7\u00e3o"}]},{"@type":"WebSite","@id":"https:\/\/sites.ecclesia.pt\/loc-mtc\/#website","url":"https:\/\/sites.ecclesia.pt\/loc-mtc\/","name":"LOC-MTC","description":"Liga Oper\u00e1ria Cat\u00f3lica \u2013 Movimento de Trabalhadores Crist\u00e3os","publisher":{"@id":"https:\/\/sites.ecclesia.pt\/loc-mtc\/#organization"},"potentialAction":[{"@type":"SearchAction","target":{"@type":"EntryPoint","urlTemplate":"https:\/\/sites.ecclesia.pt\/loc-mtc\/?s={search_term_string}"},"query-input":{"@type":"PropertyValueSpecification","valueRequired":true,"valueName":"search_term_string"}}],"inLanguage":"pt-PT"},{"@type":"Organization","@id":"https:\/\/sites.ecclesia.pt\/loc-mtc\/#organization","name":"LOC\/MTC - Liga Oper\u00e1ria Cat\u00f3lica\/Movimento dos Trabalhadores Crist\u00e3os","alternateName":"LOC\/MTC","url":"https:\/\/sites.ecclesia.pt\/loc-mtc\/","logo":{"@type":"ImageObject","inLanguage":"pt-PT","@id":"https:\/\/sites.ecclesia.pt\/loc-mtc\/#\/schema\/logo\/image\/","url":"https:\/\/sites.ecclesia.pt\/loc-mtc\/wp-content\/uploads\/2021\/07\/loc-mtc-fb.jpg","contentUrl":"https:\/\/sites.ecclesia.pt\/loc-mtc\/wp-content\/uploads\/2021\/07\/loc-mtc-fb.jpg","width":583,"height":552,"caption":"LOC\/MTC - Liga Oper\u00e1ria Cat\u00f3lica\/Movimento dos Trabalhadores Crist\u00e3os"},"image":{"@id":"https:\/\/sites.ecclesia.pt\/loc-mtc\/#\/schema\/logo\/image\/"}},{"@type":"Person","@id":"https:\/\/sites.ecclesia.pt\/loc-mtc\/#\/schema\/person\/8ba13a346b282ac81bddb0740218c156","name":"LOC-MTC","image":{"@type":"ImageObject","inLanguage":"pt-PT","@id":"https:\/\/sites.ecclesia.pt\/loc-mtc\/#\/schema\/person\/image\/","url":"https:\/\/secure.gravatar.com\/avatar\/381f263bbf1376baf59211319cecf05597b65a26b86db6798bf393c99c999ed9?s=96&d=mm&r=g","contentUrl":"https:\/\/secure.gravatar.com\/avatar\/381f263bbf1376baf59211319cecf05597b65a26b86db6798bf393c99c999ed9?s=96&d=mm&r=g","caption":"LOC-MTC"},"sameAs":["http:\/\/www.ecclesia.pt\/loc-mtc"]}]}},"_links":{"self":[{"href":"https:\/\/sites.ecclesia.pt\/loc-mtc\/wp-json\/wp\/v2\/posts\/2353","targetHints":{"allow":["GET"]}}],"collection":[{"href":"https:\/\/sites.ecclesia.pt\/loc-mtc\/wp-json\/wp\/v2\/posts"}],"about":[{"href":"https:\/\/sites.ecclesia.pt\/loc-mtc\/wp-json\/wp\/v2\/types\/post"}],"author":[{"embeddable":true,"href":"https:\/\/sites.ecclesia.pt\/loc-mtc\/wp-json\/wp\/v2\/users\/2"}],"replies":[{"embeddable":true,"href":"https:\/\/sites.ecclesia.pt\/loc-mtc\/wp-json\/wp\/v2\/comments?post=2353"}],"version-history":[{"count":1,"href":"https:\/\/sites.ecclesia.pt\/loc-mtc\/wp-json\/wp\/v2\/posts\/2353\/revisions"}],"predecessor-version":[{"id":2354,"href":"https:\/\/sites.ecclesia.pt\/loc-mtc\/wp-json\/wp\/v2\/posts\/2353\/revisions\/2354"}],"wp:attachment":[{"href":"https:\/\/sites.ecclesia.pt\/loc-mtc\/wp-json\/wp\/v2\/media?parent=2353"}],"wp:term":[{"taxonomy":"category","embeddable":true,"href":"https:\/\/sites.ecclesia.pt\/loc-mtc\/wp-json\/wp\/v2\/categories?post=2353"},{"taxonomy":"post_tag","embeddable":true,"href":"https:\/\/sites.ecclesia.pt\/loc-mtc\/wp-json\/wp\/v2\/tags?post=2353"}],"curies":[{"name":"wp","href":"https:\/\/api.w.org\/{rel}","templated":true}]}}