{"id":2388,"date":"2021-10-06T15:22:06","date_gmt":"2021-10-06T15:22:06","guid":{"rendered":"https:\/\/sites.ecclesia.pt\/loc-mtc\/?p=2388"},"modified":"2021-10-06T15:22:06","modified_gmt":"2021-10-06T15:22:06","slug":"dia-mundial-pelo-trabalho-digno-7-de-outubro-de-2021","status":"publish","type":"post","link":"https:\/\/sites.ecclesia.pt\/loc-mtc\/dia-mundial-pelo-trabalho-digno-7-de-outubro-de-2021\/","title":{"rendered":"DIA MUNDIAL PELO TRABALHO DIGNO (7 DE OUTUBRO DE 2021)"},"content":{"rendered":"<p>Senhor, Tu o Deus da JUSTI\u00c7A, neste dia mundial pelo trabalho DIGNO, queremos pedir o TEU APOIO, para que possamos ser homens e mulheres com CORAGEM, especialmente nestes tempos de crise!<\/p>\n<p>Senhor, Tu o Deus do BEM, neste dia mundial pelo trabalho DIGNO, queremos implorar a TUA GRA\u00c7A, para que sejamos sempre militantes, e TESTEMUNHAS DO TEU AMOR.<\/p>\n<p>Senhor, Deus da PAZ, neste dia mundial pelo trabalho DIGNO, queremos expressar O NOSSO LOUVOR por todas as a\u00e7\u00f5es e decis\u00f5es tomadas a favor da prote\u00e7\u00e3o social dos trabalhadores e trabalhadoras. Ajuda-nos a saber reconhecer os SINAIS do TEU ESP\u00cdRITO.<\/p>\n<p>Senhor, Tu o Deus do AMOR, neste dia mundial pelo trabalho DIGNO, queremos expressar a NOSSA ESPERAN\u00c7A por um mundo melhor onde cada trabalhador e trabalhadora possa receber um sal\u00e1rio b\u00e1sico que lhe permita viver com dignidade. Apoia os que tomam as decis\u00f5es econ\u00f3micas, pol\u00edticas ou sindicais para que sejam PROFETAS neste mundo que amas. Juntamente com todos os crentes do mundo, queremos dizer-te: PAI NOSSO\u2026. DEIXA QUE VENHA O TEU REINO!<\/p>\n<p>&nbsp;<\/p>\n<p>ASSISTENTE DO MMTC &#8211; BERNARD ROBERT<\/p>\n","protected":false},"excerpt":{"rendered":"<p>PARA NOS AJUDAR NA ORA\u00c7\u00c3O<\/p>\n","protected":false},"author":2,"featured_media":0,"comment_status":"closed","ping_status":"closed","sticky":false,"template":"","format":"standard","meta":{"_et_pb_use_builder":"","_et_pb_old_content":"","_et_gb_content_width":"","footnotes":""},"categories":[2],"tags":[],"class_list":["post-2388","post","type-post","status-publish","format-standard","hentry","category-noticias"],"yoast_head":"<!-- This site is optimized with the Yoast SEO plugin v26.9 - https:\/\/yoast.com\/product\/yoast-seo-wordpress\/ -->\n<title>DIA MUNDIAL PELO TRABALHO DIGNO (7 DE OUTUBRO DE 2021) - LOC-MTC<\/title>\n<meta name=\"robots\" content=\"index, follow, max-snippet:-1, max-image-preview:large, max-video-preview:-1\" \/>\n<link rel=\"canonical\" href=\"https:\/\/sites.ecclesia.pt\/loc-mtc\/dia-mundial-pelo-trabalho-digno-7-de-outubro-de-2021\/\" \/>\n<meta property=\"og:locale\" content=\"pt_PT\" \/>\n<meta property=\"og:type\" content=\"article\" \/>\n<meta property=\"og:title\" content=\"DIA MUNDIAL PELO TRABALHO DIGNO (7 DE OUTUBRO DE 2021) - LOC-MTC\" \/>\n<meta property=\"og:description\" content=\"PARA NOS AJUDAR NA ORA\u00c7\u00c3O\" \/>\n<meta property=\"og:url\" content=\"https:\/\/sites.ecclesia.pt\/loc-mtc\/dia-mundial-pelo-trabalho-digno-7-de-outubro-de-2021\/\" \/>\n<meta property=\"og:site_name\" content=\"LOC-MTC\" \/>\n<meta property=\"article:published_time\" content=\"2021-10-06T15:22:06+00:00\" \/>\n<meta name=\"author\" content=\"LOC-MTC\" \/>\n<meta name=\"twitter:card\" content=\"summary_large_image\" \/>\n<meta name=\"twitter:label1\" content=\"Escrito por\" \/>\n\t<meta name=\"twitter:data1\" content=\"LOC-MTC\" \/>\n\t<meta name=\"twitter:label2\" content=\"Tempo estimado de leitura\" \/>\n\t<meta name=\"twitter:data2\" content=\"1 minuto\" \/>\n<script type=\"application\/ld+json\" class=\"yoast-schema-graph\">{\"@context\":\"https:\/\/schema.org\",\"@graph\":[{\"@type\":\"Article\",\"@id\":\"https:\/\/sites.ecclesia.pt\/loc-mtc\/dia-mundial-pelo-trabalho-digno-7-de-outubro-de-2021\/#article\",\"isPartOf\":{\"@id\":\"https:\/\/sites.ecclesia.pt\/loc-mtc\/dia-mundial-pelo-trabalho-digno-7-de-outubro-de-2021\/\"},\"author\":{\"name\":\"LOC-MTC\",\"@id\":\"https:\/\/sites.ecclesia.pt\/loc-mtc\/#\/schema\/person\/8ba13a346b282ac81bddb0740218c156\"},\"headline\":\"DIA MUNDIAL PELO TRABALHO DIGNO (7 DE OUTUBRO DE 2021)\",\"datePublished\":\"2021-10-06T15:22:06+00:00\",\"mainEntityOfPage\":{\"@id\":\"https:\/\/sites.ecclesia.pt\/loc-mtc\/dia-mundial-pelo-trabalho-digno-7-de-outubro-de-2021\/\"},\"wordCount\":197,\"publisher\":{\"@id\":\"https:\/\/sites.ecclesia.pt\/loc-mtc\/#organization\"},\"articleSection\":[\"Not\u00edcias\"],\"inLanguage\":\"pt-PT\"},{\"@type\":\"WebPage\",\"@id\":\"https:\/\/sites.ecclesia.pt\/loc-mtc\/dia-mundial-pelo-trabalho-digno-7-de-outubro-de-2021\/\",\"url\":\"https:\/\/sites.ecclesia.pt\/loc-mtc\/dia-mundial-pelo-trabalho-digno-7-de-outubro-de-2021\/\",\"name\":\"DIA MUNDIAL PELO TRABALHO DIGNO (7 DE OUTUBRO DE 2021) - LOC-MTC\",\"isPartOf\":{\"@id\":\"https:\/\/sites.ecclesia.pt\/loc-mtc\/#website\"},\"datePublished\":\"2021-10-06T15:22:06+00:00\",\"breadcrumb\":{\"@id\":\"https:\/\/sites.ecclesia.pt\/loc-mtc\/dia-mundial-pelo-trabalho-digno-7-de-outubro-de-2021\/#breadcrumb\"},\"inLanguage\":\"pt-PT\",\"potentialAction\":[{\"@type\":\"ReadAction\",\"target\":[\"https:\/\/sites.ecclesia.pt\/loc-mtc\/dia-mundial-pelo-trabalho-digno-7-de-outubro-de-2021\/\"]}]},{\"@type\":\"BreadcrumbList\",\"@id\":\"https:\/\/sites.ecclesia.pt\/loc-mtc\/dia-mundial-pelo-trabalho-digno-7-de-outubro-de-2021\/#breadcrumb\",\"itemListElement\":[{\"@type\":\"ListItem\",\"position\":1,\"name\":\"Home\",\"item\":\"https:\/\/sites.ecclesia.pt\/loc-mtc\/\"},{\"@type\":\"ListItem\",\"position\":2,\"name\":\"DIA MUNDIAL PELO TRABALHO DIGNO (7 DE OUTUBRO DE 2021)\"}]},{\"@type\":\"WebSite\",\"@id\":\"https:\/\/sites.ecclesia.pt\/loc-mtc\/#website\",\"url\":\"https:\/\/sites.ecclesia.pt\/loc-mtc\/\",\"name\":\"LOC-MTC\",\"description\":\"Liga Oper\u00e1ria Cat\u00f3lica \u2013 Movimento de Trabalhadores Crist\u00e3os\",\"publisher\":{\"@id\":\"https:\/\/sites.ecclesia.pt\/loc-mtc\/#organization\"},\"potentialAction\":[{\"@type\":\"SearchAction\",\"target\":{\"@type\":\"EntryPoint\",\"urlTemplate\":\"https:\/\/sites.ecclesia.pt\/loc-mtc\/?s={search_term_string}\"},\"query-input\":{\"@type\":\"PropertyValueSpecification\",\"valueRequired\":true,\"valueName\":\"search_term_string\"}}],\"inLanguage\":\"pt-PT\"},{\"@type\":\"Organization\",\"@id\":\"https:\/\/sites.ecclesia.pt\/loc-mtc\/#organization\",\"name\":\"LOC\/MTC - Liga Oper\u00e1ria Cat\u00f3lica\/Movimento dos Trabalhadores Crist\u00e3os\",\"alternateName\":\"LOC\/MTC\",\"url\":\"https:\/\/sites.ecclesia.pt\/loc-mtc\/\",\"logo\":{\"@type\":\"ImageObject\",\"inLanguage\":\"pt-PT\",\"@id\":\"https:\/\/sites.ecclesia.pt\/loc-mtc\/#\/schema\/logo\/image\/\",\"url\":\"https:\/\/sites.ecclesia.pt\/loc-mtc\/wp-content\/uploads\/2021\/07\/loc-mtc-fb.jpg\",\"contentUrl\":\"https:\/\/sites.ecclesia.pt\/loc-mtc\/wp-content\/uploads\/2021\/07\/loc-mtc-fb.jpg\",\"width\":583,\"height\":552,\"caption\":\"LOC\/MTC - Liga Oper\u00e1ria Cat\u00f3lica\/Movimento dos Trabalhadores Crist\u00e3os\"},\"image\":{\"@id\":\"https:\/\/sites.ecclesia.pt\/loc-mtc\/#\/schema\/logo\/image\/\"}},{\"@type\":\"Person\",\"@id\":\"https:\/\/sites.ecclesia.pt\/loc-mtc\/#\/schema\/person\/8ba13a346b282ac81bddb0740218c156\",\"name\":\"LOC-MTC\",\"image\":{\"@type\":\"ImageObject\",\"inLanguage\":\"pt-PT\",\"@id\":\"https:\/\/sites.ecclesia.pt\/loc-mtc\/#\/schema\/person\/image\/\",\"url\":\"https:\/\/secure.gravatar.com\/avatar\/381f263bbf1376baf59211319cecf05597b65a26b86db6798bf393c99c999ed9?s=96&d=mm&r=g\",\"contentUrl\":\"https:\/\/secure.gravatar.com\/avatar\/381f263bbf1376baf59211319cecf05597b65a26b86db6798bf393c99c999ed9?s=96&d=mm&r=g\",\"caption\":\"LOC-MTC\"},\"sameAs\":[\"http:\/\/www.ecclesia.pt\/loc-mtc\"]}]}<\/script>\n<!-- \/ Yoast SEO plugin. -->","yoast_head_json":{"title":"DIA MUNDIAL PELO TRABALHO DIGNO (7 DE OUTUBRO DE 2021) - LOC-MTC","robots":{"index":"index","follow":"follow","max-snippet":"max-snippet:-1","max-image-preview":"max-image-preview:large","max-video-preview":"max-video-preview:-1"},"canonical":"https:\/\/sites.ecclesia.pt\/loc-mtc\/dia-mundial-pelo-trabalho-digno-7-de-outubro-de-2021\/","og_locale":"pt_PT","og_type":"article","og_title":"DIA MUNDIAL PELO TRABALHO DIGNO (7 DE OUTUBRO DE 2021) - LOC-MTC","og_description":"PARA NOS AJUDAR NA ORA\u00c7\u00c3O","og_url":"https:\/\/sites.ecclesia.pt\/loc-mtc\/dia-mundial-pelo-trabalho-digno-7-de-outubro-de-2021\/","og_site_name":"LOC-MTC","article_published_time":"2021-10-06T15:22:06+00:00","author":"LOC-MTC","twitter_card":"summary_large_image","twitter_misc":{"Escrito por":"LOC-MTC","Tempo estimado de leitura":"1 minuto"},"schema":{"@context":"https:\/\/schema.org","@graph":[{"@type":"Article","@id":"https:\/\/sites.ecclesia.pt\/loc-mtc\/dia-mundial-pelo-trabalho-digno-7-de-outubro-de-2021\/#article","isPartOf":{"@id":"https:\/\/sites.ecclesia.pt\/loc-mtc\/dia-mundial-pelo-trabalho-digno-7-de-outubro-de-2021\/"},"author":{"name":"LOC-MTC","@id":"https:\/\/sites.ecclesia.pt\/loc-mtc\/#\/schema\/person\/8ba13a346b282ac81bddb0740218c156"},"headline":"DIA MUNDIAL PELO TRABALHO DIGNO (7 DE OUTUBRO DE 2021)","datePublished":"2021-10-06T15:22:06+00:00","mainEntityOfPage":{"@id":"https:\/\/sites.ecclesia.pt\/loc-mtc\/dia-mundial-pelo-trabalho-digno-7-de-outubro-de-2021\/"},"wordCount":197,"publisher":{"@id":"https:\/\/sites.ecclesia.pt\/loc-mtc\/#organization"},"articleSection":["Not\u00edcias"],"inLanguage":"pt-PT"},{"@type":"WebPage","@id":"https:\/\/sites.ecclesia.pt\/loc-mtc\/dia-mundial-pelo-trabalho-digno-7-de-outubro-de-2021\/","url":"https:\/\/sites.ecclesia.pt\/loc-mtc\/dia-mundial-pelo-trabalho-digno-7-de-outubro-de-2021\/","name":"DIA MUNDIAL PELO TRABALHO DIGNO (7 DE OUTUBRO DE 2021) - LOC-MTC","isPartOf":{"@id":"https:\/\/sites.ecclesia.pt\/loc-mtc\/#website"},"datePublished":"2021-10-06T15:22:06+00:00","breadcrumb":{"@id":"https:\/\/sites.ecclesia.pt\/loc-mtc\/dia-mundial-pelo-trabalho-digno-7-de-outubro-de-2021\/#breadcrumb"},"inLanguage":"pt-PT","potentialAction":[{"@type":"ReadAction","target":["https:\/\/sites.ecclesia.pt\/loc-mtc\/dia-mundial-pelo-trabalho-digno-7-de-outubro-de-2021\/"]}]},{"@type":"BreadcrumbList","@id":"https:\/\/sites.ecclesia.pt\/loc-mtc\/dia-mundial-pelo-trabalho-digno-7-de-outubro-de-2021\/#breadcrumb","itemListElement":[{"@type":"ListItem","position":1,"name":"Home","item":"https:\/\/sites.ecclesia.pt\/loc-mtc\/"},{"@type":"ListItem","position":2,"name":"DIA MUNDIAL PELO TRABALHO DIGNO (7 DE OUTUBRO DE 2021)"}]},{"@type":"WebSite","@id":"https:\/\/sites.ecclesia.pt\/loc-mtc\/#website","url":"https:\/\/sites.ecclesia.pt\/loc-mtc\/","name":"LOC-MTC","description":"Liga Oper\u00e1ria Cat\u00f3lica \u2013 Movimento de Trabalhadores Crist\u00e3os","publisher":{"@id":"https:\/\/sites.ecclesia.pt\/loc-mtc\/#organization"},"potentialAction":[{"@type":"SearchAction","target":{"@type":"EntryPoint","urlTemplate":"https:\/\/sites.ecclesia.pt\/loc-mtc\/?s={search_term_string}"},"query-input":{"@type":"PropertyValueSpecification","valueRequired":true,"valueName":"search_term_string"}}],"inLanguage":"pt-PT"},{"@type":"Organization","@id":"https:\/\/sites.ecclesia.pt\/loc-mtc\/#organization","name":"LOC\/MTC - Liga Oper\u00e1ria Cat\u00f3lica\/Movimento dos Trabalhadores Crist\u00e3os","alternateName":"LOC\/MTC","url":"https:\/\/sites.ecclesia.pt\/loc-mtc\/","logo":{"@type":"ImageObject","inLanguage":"pt-PT","@id":"https:\/\/sites.ecclesia.pt\/loc-mtc\/#\/schema\/logo\/image\/","url":"https:\/\/sites.ecclesia.pt\/loc-mtc\/wp-content\/uploads\/2021\/07\/loc-mtc-fb.jpg","contentUrl":"https:\/\/sites.ecclesia.pt\/loc-mtc\/wp-content\/uploads\/2021\/07\/loc-mtc-fb.jpg","width":583,"height":552,"caption":"LOC\/MTC - Liga Oper\u00e1ria Cat\u00f3lica\/Movimento dos Trabalhadores Crist\u00e3os"},"image":{"@id":"https:\/\/sites.ecclesia.pt\/loc-mtc\/#\/schema\/logo\/image\/"}},{"@type":"Person","@id":"https:\/\/sites.ecclesia.pt\/loc-mtc\/#\/schema\/person\/8ba13a346b282ac81bddb0740218c156","name":"LOC-MTC","image":{"@type":"ImageObject","inLanguage":"pt-PT","@id":"https:\/\/sites.ecclesia.pt\/loc-mtc\/#\/schema\/person\/image\/","url":"https:\/\/secure.gravatar.com\/avatar\/381f263bbf1376baf59211319cecf05597b65a26b86db6798bf393c99c999ed9?s=96&d=mm&r=g","contentUrl":"https:\/\/secure.gravatar.com\/avatar\/381f263bbf1376baf59211319cecf05597b65a26b86db6798bf393c99c999ed9?s=96&d=mm&r=g","caption":"LOC-MTC"},"sameAs":["http:\/\/www.ecclesia.pt\/loc-mtc"]}]}},"_links":{"self":[{"href":"https:\/\/sites.ecclesia.pt\/loc-mtc\/wp-json\/wp\/v2\/posts\/2388","targetHints":{"allow":["GET"]}}],"collection":[{"href":"https:\/\/sites.ecclesia.pt\/loc-mtc\/wp-json\/wp\/v2\/posts"}],"about":[{"href":"https:\/\/sites.ecclesia.pt\/loc-mtc\/wp-json\/wp\/v2\/types\/post"}],"author":[{"embeddable":true,"href":"https:\/\/sites.ecclesia.pt\/loc-mtc\/wp-json\/wp\/v2\/users\/2"}],"replies":[{"embeddable":true,"href":"https:\/\/sites.ecclesia.pt\/loc-mtc\/wp-json\/wp\/v2\/comments?post=2388"}],"version-history":[{"count":1,"href":"https:\/\/sites.ecclesia.pt\/loc-mtc\/wp-json\/wp\/v2\/posts\/2388\/revisions"}],"predecessor-version":[{"id":2389,"href":"https:\/\/sites.ecclesia.pt\/loc-mtc\/wp-json\/wp\/v2\/posts\/2388\/revisions\/2389"}],"wp:attachment":[{"href":"https:\/\/sites.ecclesia.pt\/loc-mtc\/wp-json\/wp\/v2\/media?parent=2388"}],"wp:term":[{"taxonomy":"category","embeddable":true,"href":"https:\/\/sites.ecclesia.pt\/loc-mtc\/wp-json\/wp\/v2\/categories?post=2388"},{"taxonomy":"post_tag","embeddable":true,"href":"https:\/\/sites.ecclesia.pt\/loc-mtc\/wp-json\/wp\/v2\/tags?post=2388"}],"curies":[{"name":"wp","href":"https:\/\/api.w.org\/{rel}","templated":true}]}}