{"id":2393,"date":"2021-10-06T15:26:35","date_gmt":"2021-10-06T15:26:35","guid":{"rendered":"https:\/\/sites.ecclesia.pt\/loc-mtc\/?p=2393"},"modified":"2021-10-06T15:29:13","modified_gmt":"2021-10-06T15:29:13","slug":"impacto-da-pandemia-de-coronavirus-no-emprego-nas-familias-na-sociedade-e-na-protecao-social","status":"publish","type":"post","link":"https:\/\/sites.ecclesia.pt\/loc-mtc\/impacto-da-pandemia-de-coronavirus-no-emprego-nas-familias-na-sociedade-e-na-protecao-social\/","title":{"rendered":"\u201cImpacto da pandemia de coronav\u00edrus  no emprego, nas fam\u00edlias,  na sociedade e na prote\u00e7\u00e3o social\u201d"},"content":{"rendered":"<p><strong>A LOC\/MTC \u2013 Liga Oper\u00e1ria Cat\u00f3lica\/Movimento de Trabalhadores Crist\u00e3os promove de 7 a 10 de outubro de 2021, no Park Hotel-Valongo, distrito do Porto, um Semin\u00e1rio Internacional sobre o tema indicado em t\u00edtulo, que conta com o apoio do EZA-Centro Europeu para os Assuntos dos Trabalhadores e da Uni\u00e3o Europeia.<\/strong><\/p>\n<p><strong>Na Sexta Feira, dia 8 de outubro, das 09H30 \u00e1s 10H45, decorrer\u00e1 a Sess\u00e3o de Abertura<\/strong>: com Am\u00e9rico Monteiro, Coordenador Nacional da LOC\/MTC, Maria Reina, Fidestra, em representa\u00e7\u00e3o do EZA, a Eng. Ana Maria Rodrigues, Vice-Presidente da C\u00e2mara Municipal de Valongo e presidida por D. Manuel da Silva Rodrigues Linda, Bispo da diocese do Porto.<\/p>\n<p>\u00c9 objetivo do semin\u00e1rio, aprofundar o impacto da pandemia e as consequ\u00eancias econ\u00f3micas e sociais, principalmente para os trabalhadores e para as classes mais desfavorecidas, debater os valores do Estado de Direito e da Democracia Funcional e Participativa e o que podem representar para a prosperidade social dos trabalhadores e das sociedades da Europa e do mundo. Avaliar que papel devem ter as organiza\u00e7\u00f5es de trabalhadores em geral e mais especificamente as organiza\u00e7\u00f5es sindicais, para defenderem e promoverem a estabilidade e seguran\u00e7a desses valores, com vista \u00e0 dignidade humana e ao desenvolvimento e prote\u00e7\u00e3o social.<\/p>\n<p>Que respostas encontrar para que o desenvolvimento da economia tenha em conta a dignidade do trabalho e dos trabalhadores e a sustentabilidade econ\u00f3mica das empresas. Encontrar ideias e respostas para os desafios, que possam ser uteis \u00e0 sociedade, para que em di\u00e1logo social se possam desenvolver os valores que pugnamos para um trabalho digno e uma cidadania participativa.<\/p>\n<p>Teremos a participa\u00e7\u00e3o de <strong>peritos portugueses e estrangeiros<\/strong> que nos ajudar\u00e3o a compreender e interpretar estas realidades sobre o tema, que foi subdividido em 5 sess\u00f5es, para analisar as suas causas e consequ\u00eancias na vida das pessoas e na sociedade, aprofundar a dimens\u00e3o teol\u00f3gica e a responsabilidade crist\u00e3 e perspetivar respostas para os novos desafios em rela\u00e7\u00e3o ao futuro.<\/p>\n<p>Assim, este Semin\u00e1rio ir\u00e1 contar com v\u00e1rios pain\u00e9is de aprofundamento, uma mesa redonda, debates e outros trabalhos diversificados.<\/p>\n<p>Teremos ainda, visitas a organiza\u00e7\u00f5es ou institui\u00e7\u00f5es da regi\u00e3o que possam contribuir para um melhor conhecimento e compreens\u00e3o dos objetivos que se pretendem atingir com este Semin\u00e1rio.<\/p>\n<p>&nbsp;<\/p>\n<p><strong><u>Programa\/Hor\u00e1rio<\/u><\/strong><\/p>\n<p><strong><em><u>Quinta-feira &#8211; 7<\/u><\/em><\/strong><\/p>\n<p><strong>18h30<\/strong> \u2013 <strong>Acolhimento<\/strong>, apresenta\u00e7\u00e3o dos participantes e informa\u00e7\u00f5es log\u00edsticas sobre o Semin\u00e1rio<\/p>\n<p><strong>19h30\/21h00<\/strong> \u2013<strong> Jantar.<\/strong><\/p>\n<p><strong>Coordena\u00e7\u00e3o<\/strong>: Albertina Gomes Secret\u00e1ria Nacional da LOC\/MTC e Am\u00e9rico Monteiro<\/p>\n<p>&nbsp;<\/p>\n<p><strong><em><u>Sexta-feira \u20138<\/u><\/em><\/strong><\/p>\n<p><strong>08h30 \u00e1s 9H30<\/strong> \u2013 <strong>Entrega do material de apoio<\/strong><\/p>\n<p><strong>09H30 \u2013 Sess\u00e3o de Abertura<\/strong>: Am\u00e9rico Monteiro, Coordenador Nacional da LOC\/MTC, Maria Reina, Fidestra, em representa\u00e7\u00e3o do EZA, Eng\u00aa Ana Maria Rodrigues Vice-Presidente da C\u00e2mara Municipal de Valongo; D. Manuel da Silva Rodrigues Linda, Bispo da diocese do Porto.<\/p>\n<p><strong>Desafios sobre partilha e participa\u00e7\u00e3o neste semin\u00e1rio: <\/strong>Joaquim Ant\u00f3nio Martins<strong>, <\/strong>Assistente Nacional da LOC\/MTC<\/p>\n<p><strong>10h45 \u2013 Intervalo<\/strong> &#8211; Coffe break<\/p>\n<p><strong>11h15<\/strong> \u2013 <strong>1\u00aa Sess\u00e3o:<\/strong> Impacto no emprego, rela\u00e7\u00f5es e formas de trabalho. No di\u00e1logo social e suas implica\u00e7\u00f5es em Portugal e na Europa. O seu significado na vida dos trabalhadores e fam\u00edlia.<\/p>\n<p><strong>Orador<\/strong>: <strong>Dr. Nuno Nunes<\/strong> Prof. Universit\u00e1rio e Investigador do ISCTE-CIES-IUL (Instituto Universit\u00e1rio de Lisboa &#8211; Centro de Investiga\u00e7\u00e3o e Estudos de Sociologia).<\/p>\n<p><strong>Coordena\u00e7\u00e3o<\/strong>: Rui Lavoura \u2013 Tesoureiro Nacional da LOC\/MTC<\/p>\n<p><strong>12h00<\/strong> \u2013 Debate<\/p>\n<p><strong>12h45<\/strong> \u2013 Almo\u00e7o<\/p>\n<p><strong>14h30<\/strong> \u2013<strong> 2\u00aa Sess\u00e3o:<\/strong> Consequ\u00eancias econ\u00f3micas e sociais no futuro do trabalho, na sua valoriza\u00e7\u00e3o e na justa distribui\u00e7\u00e3o da riqueza.<\/p>\n<p><strong>Oradores: Diana Salgado, <\/strong>participante na aldeia \u201cCO2 das desigualdades\u201d da economia de Francisco<strong> e Am\u00e9rico Mendes, <\/strong>professor da Universidade Cat\u00f3lica do Porto e coordenador da \u00c1rea Transversal para a Economia Social (ATES)<\/p>\n<p><strong>Coordena\u00e7\u00e3o<\/strong>: Olinda Marques \u2013 Presidente do MTCE \u2013 Movimento de Trabalhadores Crist\u00e3os da Europa e da LOC\/MTC de Coimbra<\/p>\n<p><strong>15h15 &#8211; Debate<\/strong><\/p>\n<p><strong>16h00 \u2013 Intervalo<\/strong> &#8211; Coffe break<\/p>\n<p><strong>16h30<\/strong> \u2013 <strong>3\u00aa Sess\u00e3o<\/strong>: <strong>(mesa redonda)<\/strong> Partilha da situa\u00e7\u00e3o de cada pa\u00eds, ganhos ou perdas dos trabalhadores. Como est\u00e3o a ser encaradas as medidas de recupera\u00e7\u00e3o.<\/p>\n<p><strong>Participante<\/strong><strong>s<\/strong>: Jos\u00e9 Ricardo \u2013 Dirigente da Base Fut &#8211; Frente Unit\u00e1ria de Trabalhadores, Portugal; Filip Cerny\u00a0 Dirigente da NKOS &#8211; Nez\u00e1visl\u00e9 kres\u0165ansk\u00e9 Odbory Slovenska , Eslov\u00e1quia; Wilfried Wienen, Dirigente do KAB Nacional, Alemanha; Paco Alam\u00f3s, \u00a0Dirigente da HOAC -Hermandade Obrera de Ac\u00e3o Cat\u00f3lica, Espanha.<\/p>\n<p><strong>Coordena\u00e7\u00e3o<\/strong>: Jos\u00e9 Augusto Paix\u00e3o \u2013 Dirigente da LOC\/MTC de Santar\u00e9m<\/p>\n<p><strong>17,45 &#8211; Debate<\/strong><\/p>\n<p><strong>18,00 &#8211; <\/strong>Intervalo<\/p>\n<p><strong>19h30<\/strong> \u2013 Jantar<\/p>\n<p>&nbsp;<\/p>\n<p><strong><em><u>S\u00e1bado \u2013 9<\/u><\/em><\/strong><\/p>\n<p><strong>09h30 <\/strong>\u2013 <strong>4\u00aa Sess\u00e3o: <\/strong>Elevados n\u00edveis de precariedade, desigualdades inseguran\u00e7a no trabalho e de rendimento, quest\u00f5es evidenciadas com a pandemia. Medidas necess\u00e1rias ao n\u00edvel social, econ\u00f3mico e pol\u00edtico na Europa, para promover o bem-estar de todos, em especial dos mais pobres.<\/p>\n<p><strong>Oradora: Dr\u00aa Maria Carla Murteiro, <\/strong>Professora na FEUC \u2013 Faculdade de Economia da Universidade de Coimbra.<\/p>\n<p><strong>Coordena\u00e7\u00e3o<\/strong>: Am\u00e9rico Monteiro \u2013 Coordenador Nacional LOC\/MTC<\/p>\n<p><strong>10h15 <\/strong>\u2013 Debate<\/p>\n<p><strong>11h00<\/strong> \u2013 Intervalo \u2013 coffe break<\/p>\n<p><strong>11h30<\/strong> \u2013<strong> 5\u00aa Sess\u00e3o<\/strong>: Como colocar a pessoa no centro, no modelo de organiza\u00e7\u00e3o de trabalho, de sociedade e de economia, que atenda a dignidade humana, aproveitando a clara li\u00e7\u00e3o desta pandemia?<\/p>\n<p><strong>Orador<\/strong>: Jose Luis Molina Garc\u00eda, da HOAC \u2013 (Hermandade Obreira de Ac\u00e3o Cat\u00f3lica)<\/p>\n<p><strong>Coordena\u00e7\u00e3o: <\/strong>Maria das Neves Jesus \u2013 Dirigente da LOC\/MTC do Porto<\/p>\n<p><strong>12h15<\/strong> &#8211; Debate<\/p>\n<p><strong>13h00 \u2013 Intervalo<\/strong>: Almo\u00e7o<\/p>\n<p><strong>15h00<\/strong> \u2013 <strong>Visita tem\u00e1tica<\/strong>: Ao Centro de Recurso Distrital de Retaguarda para doentes com COVID-19.<\/p>\n<p><strong>Contacto: <\/strong>S\u00f3nia Tereso, Diretora do Centro.<\/p>\n<p><strong>Tema: <\/strong>Dificuldades encontradas no acolhimento e tratamento de doentes com COVID-19 e sequelas resultantes na sa\u00fade dos doentes que sobreviveram.<\/p>\n<p><strong>Coordena\u00e7\u00e3o<\/strong>: Am\u00e9rico Monteiro e Ad\u00e9lia Lopes Coordenadora Diocesana do Porto da LOC\/MTC<\/p>\n<p><strong>17h00 \u2013 Intervalo<\/strong> \u2013 Coffe break<\/p>\n<p><strong>17h45 \u2013<\/strong> <strong>Avalia\u00e7\u00e3o do Semin\u00e1rio e apresenta\u00e7\u00e3o da proposta de conclus\u00f5es.<\/strong><\/p>\n<p><strong>Coordena\u00e7\u00e3o<\/strong>: Am\u00e9rico Monteiro<\/p>\n","protected":false},"excerpt":{"rendered":"<p>Semin\u00e1rio Internacional da LOC\/MTC, com o apoio do EZA-Centro Europeu para os Assuntos dos Trabalhadores e da Uni\u00e3o Europeia.<\/p>\n","protected":false},"author":2,"featured_media":0,"comment_status":"closed","ping_status":"closed","sticky":false,"template":"","format":"standard","meta":{"_et_pb_use_builder":"","_et_pb_old_content":"","_et_gb_content_width":"","footnotes":""},"categories":[2],"tags":[],"class_list":["post-2393","post","type-post","status-publish","format-standard","hentry","category-noticias"],"yoast_head":"<!-- This site is optimized with the Yoast SEO plugin v26.9 - https:\/\/yoast.com\/product\/yoast-seo-wordpress\/ -->\n<title>\u201cImpacto da pandemia de coronav\u00edrus no emprego, nas fam\u00edlias, na sociedade e na prote\u00e7\u00e3o social\u201d - LOC-MTC<\/title>\n<meta name=\"robots\" content=\"index, follow, max-snippet:-1, max-image-preview:large, max-video-preview:-1\" \/>\n<link rel=\"canonical\" href=\"https:\/\/sites.ecclesia.pt\/loc-mtc\/impacto-da-pandemia-de-coronavirus-no-emprego-nas-familias-na-sociedade-e-na-protecao-social\/\" \/>\n<meta property=\"og:locale\" content=\"pt_PT\" \/>\n<meta property=\"og:type\" content=\"article\" \/>\n<meta property=\"og:title\" content=\"\u201cImpacto da pandemia de coronav\u00edrus no emprego, nas fam\u00edlias, na sociedade e na prote\u00e7\u00e3o social\u201d - LOC-MTC\" \/>\n<meta property=\"og:description\" content=\"Semin\u00e1rio Internacional da LOC\/MTC, com o apoio do EZA-Centro Europeu para os Assuntos dos Trabalhadores e da Uni\u00e3o Europeia.\" \/>\n<meta property=\"og:url\" content=\"https:\/\/sites.ecclesia.pt\/loc-mtc\/impacto-da-pandemia-de-coronavirus-no-emprego-nas-familias-na-sociedade-e-na-protecao-social\/\" \/>\n<meta property=\"og:site_name\" content=\"LOC-MTC\" \/>\n<meta property=\"article:published_time\" content=\"2021-10-06T15:26:35+00:00\" \/>\n<meta property=\"article:modified_time\" content=\"2021-10-06T15:29:13+00:00\" \/>\n<meta name=\"author\" content=\"LOC-MTC\" \/>\n<meta name=\"twitter:card\" content=\"summary_large_image\" \/>\n<meta name=\"twitter:label1\" content=\"Escrito por\" \/>\n\t<meta name=\"twitter:data1\" content=\"LOC-MTC\" \/>\n\t<meta name=\"twitter:label2\" content=\"Tempo estimado de leitura\" \/>\n\t<meta name=\"twitter:data2\" content=\"4 minutos\" \/>\n<script type=\"application\/ld+json\" class=\"yoast-schema-graph\">{\"@context\":\"https:\/\/schema.org\",\"@graph\":[{\"@type\":\"Article\",\"@id\":\"https:\/\/sites.ecclesia.pt\/loc-mtc\/impacto-da-pandemia-de-coronavirus-no-emprego-nas-familias-na-sociedade-e-na-protecao-social\/#article\",\"isPartOf\":{\"@id\":\"https:\/\/sites.ecclesia.pt\/loc-mtc\/impacto-da-pandemia-de-coronavirus-no-emprego-nas-familias-na-sociedade-e-na-protecao-social\/\"},\"author\":{\"name\":\"LOC-MTC\",\"@id\":\"https:\/\/sites.ecclesia.pt\/loc-mtc\/#\/schema\/person\/8ba13a346b282ac81bddb0740218c156\"},\"headline\":\"\u201cImpacto da pandemia de coronav\u00edrus no emprego, nas fam\u00edlias, na sociedade e na prote\u00e7\u00e3o social\u201d\",\"datePublished\":\"2021-10-06T15:26:35+00:00\",\"dateModified\":\"2021-10-06T15:29:13+00:00\",\"mainEntityOfPage\":{\"@id\":\"https:\/\/sites.ecclesia.pt\/loc-mtc\/impacto-da-pandemia-de-coronavirus-no-emprego-nas-familias-na-sociedade-e-na-protecao-social\/\"},\"wordCount\":1009,\"publisher\":{\"@id\":\"https:\/\/sites.ecclesia.pt\/loc-mtc\/#organization\"},\"articleSection\":[\"Not\u00edcias\"],\"inLanguage\":\"pt-PT\"},{\"@type\":\"WebPage\",\"@id\":\"https:\/\/sites.ecclesia.pt\/loc-mtc\/impacto-da-pandemia-de-coronavirus-no-emprego-nas-familias-na-sociedade-e-na-protecao-social\/\",\"url\":\"https:\/\/sites.ecclesia.pt\/loc-mtc\/impacto-da-pandemia-de-coronavirus-no-emprego-nas-familias-na-sociedade-e-na-protecao-social\/\",\"name\":\"\u201cImpacto da pandemia de coronav\u00edrus no emprego, nas fam\u00edlias, na sociedade e na prote\u00e7\u00e3o social\u201d - LOC-MTC\",\"isPartOf\":{\"@id\":\"https:\/\/sites.ecclesia.pt\/loc-mtc\/#website\"},\"datePublished\":\"2021-10-06T15:26:35+00:00\",\"dateModified\":\"2021-10-06T15:29:13+00:00\",\"breadcrumb\":{\"@id\":\"https:\/\/sites.ecclesia.pt\/loc-mtc\/impacto-da-pandemia-de-coronavirus-no-emprego-nas-familias-na-sociedade-e-na-protecao-social\/#breadcrumb\"},\"inLanguage\":\"pt-PT\",\"potentialAction\":[{\"@type\":\"ReadAction\",\"target\":[\"https:\/\/sites.ecclesia.pt\/loc-mtc\/impacto-da-pandemia-de-coronavirus-no-emprego-nas-familias-na-sociedade-e-na-protecao-social\/\"]}]},{\"@type\":\"BreadcrumbList\",\"@id\":\"https:\/\/sites.ecclesia.pt\/loc-mtc\/impacto-da-pandemia-de-coronavirus-no-emprego-nas-familias-na-sociedade-e-na-protecao-social\/#breadcrumb\",\"itemListElement\":[{\"@type\":\"ListItem\",\"position\":1,\"name\":\"Home\",\"item\":\"https:\/\/sites.ecclesia.pt\/loc-mtc\/\"},{\"@type\":\"ListItem\",\"position\":2,\"name\":\"\u201cImpacto da pandemia de coronav\u00edrus no emprego, nas fam\u00edlias, na sociedade e na prote\u00e7\u00e3o social\u201d\"}]},{\"@type\":\"WebSite\",\"@id\":\"https:\/\/sites.ecclesia.pt\/loc-mtc\/#website\",\"url\":\"https:\/\/sites.ecclesia.pt\/loc-mtc\/\",\"name\":\"LOC-MTC\",\"description\":\"Liga Oper\u00e1ria Cat\u00f3lica \u2013 Movimento de Trabalhadores Crist\u00e3os\",\"publisher\":{\"@id\":\"https:\/\/sites.ecclesia.pt\/loc-mtc\/#organization\"},\"potentialAction\":[{\"@type\":\"SearchAction\",\"target\":{\"@type\":\"EntryPoint\",\"urlTemplate\":\"https:\/\/sites.ecclesia.pt\/loc-mtc\/?s={search_term_string}\"},\"query-input\":{\"@type\":\"PropertyValueSpecification\",\"valueRequired\":true,\"valueName\":\"search_term_string\"}}],\"inLanguage\":\"pt-PT\"},{\"@type\":\"Organization\",\"@id\":\"https:\/\/sites.ecclesia.pt\/loc-mtc\/#organization\",\"name\":\"LOC\/MTC - Liga Oper\u00e1ria Cat\u00f3lica\/Movimento dos Trabalhadores Crist\u00e3os\",\"alternateName\":\"LOC\/MTC\",\"url\":\"https:\/\/sites.ecclesia.pt\/loc-mtc\/\",\"logo\":{\"@type\":\"ImageObject\",\"inLanguage\":\"pt-PT\",\"@id\":\"https:\/\/sites.ecclesia.pt\/loc-mtc\/#\/schema\/logo\/image\/\",\"url\":\"https:\/\/sites.ecclesia.pt\/loc-mtc\/wp-content\/uploads\/2021\/07\/loc-mtc-fb.jpg\",\"contentUrl\":\"https:\/\/sites.ecclesia.pt\/loc-mtc\/wp-content\/uploads\/2021\/07\/loc-mtc-fb.jpg\",\"width\":583,\"height\":552,\"caption\":\"LOC\/MTC - Liga Oper\u00e1ria Cat\u00f3lica\/Movimento dos Trabalhadores Crist\u00e3os\"},\"image\":{\"@id\":\"https:\/\/sites.ecclesia.pt\/loc-mtc\/#\/schema\/logo\/image\/\"}},{\"@type\":\"Person\",\"@id\":\"https:\/\/sites.ecclesia.pt\/loc-mtc\/#\/schema\/person\/8ba13a346b282ac81bddb0740218c156\",\"name\":\"LOC-MTC\",\"image\":{\"@type\":\"ImageObject\",\"inLanguage\":\"pt-PT\",\"@id\":\"https:\/\/sites.ecclesia.pt\/loc-mtc\/#\/schema\/person\/image\/\",\"url\":\"https:\/\/secure.gravatar.com\/avatar\/381f263bbf1376baf59211319cecf05597b65a26b86db6798bf393c99c999ed9?s=96&d=mm&r=g\",\"contentUrl\":\"https:\/\/secure.gravatar.com\/avatar\/381f263bbf1376baf59211319cecf05597b65a26b86db6798bf393c99c999ed9?s=96&d=mm&r=g\",\"caption\":\"LOC-MTC\"},\"sameAs\":[\"http:\/\/www.ecclesia.pt\/loc-mtc\"]}]}<\/script>\n<!-- \/ Yoast SEO plugin. -->","yoast_head_json":{"title":"\u201cImpacto da pandemia de coronav\u00edrus no emprego, nas fam\u00edlias, na sociedade e na prote\u00e7\u00e3o social\u201d - LOC-MTC","robots":{"index":"index","follow":"follow","max-snippet":"max-snippet:-1","max-image-preview":"max-image-preview:large","max-video-preview":"max-video-preview:-1"},"canonical":"https:\/\/sites.ecclesia.pt\/loc-mtc\/impacto-da-pandemia-de-coronavirus-no-emprego-nas-familias-na-sociedade-e-na-protecao-social\/","og_locale":"pt_PT","og_type":"article","og_title":"\u201cImpacto da pandemia de coronav\u00edrus no emprego, nas fam\u00edlias, na sociedade e na prote\u00e7\u00e3o social\u201d - LOC-MTC","og_description":"Semin\u00e1rio Internacional da LOC\/MTC, com o apoio do EZA-Centro Europeu para os Assuntos dos Trabalhadores e da Uni\u00e3o Europeia.","og_url":"https:\/\/sites.ecclesia.pt\/loc-mtc\/impacto-da-pandemia-de-coronavirus-no-emprego-nas-familias-na-sociedade-e-na-protecao-social\/","og_site_name":"LOC-MTC","article_published_time":"2021-10-06T15:26:35+00:00","article_modified_time":"2021-10-06T15:29:13+00:00","author":"LOC-MTC","twitter_card":"summary_large_image","twitter_misc":{"Escrito por":"LOC-MTC","Tempo estimado de leitura":"4 minutos"},"schema":{"@context":"https:\/\/schema.org","@graph":[{"@type":"Article","@id":"https:\/\/sites.ecclesia.pt\/loc-mtc\/impacto-da-pandemia-de-coronavirus-no-emprego-nas-familias-na-sociedade-e-na-protecao-social\/#article","isPartOf":{"@id":"https:\/\/sites.ecclesia.pt\/loc-mtc\/impacto-da-pandemia-de-coronavirus-no-emprego-nas-familias-na-sociedade-e-na-protecao-social\/"},"author":{"name":"LOC-MTC","@id":"https:\/\/sites.ecclesia.pt\/loc-mtc\/#\/schema\/person\/8ba13a346b282ac81bddb0740218c156"},"headline":"\u201cImpacto da pandemia de coronav\u00edrus no emprego, nas fam\u00edlias, na sociedade e na prote\u00e7\u00e3o social\u201d","datePublished":"2021-10-06T15:26:35+00:00","dateModified":"2021-10-06T15:29:13+00:00","mainEntityOfPage":{"@id":"https:\/\/sites.ecclesia.pt\/loc-mtc\/impacto-da-pandemia-de-coronavirus-no-emprego-nas-familias-na-sociedade-e-na-protecao-social\/"},"wordCount":1009,"publisher":{"@id":"https:\/\/sites.ecclesia.pt\/loc-mtc\/#organization"},"articleSection":["Not\u00edcias"],"inLanguage":"pt-PT"},{"@type":"WebPage","@id":"https:\/\/sites.ecclesia.pt\/loc-mtc\/impacto-da-pandemia-de-coronavirus-no-emprego-nas-familias-na-sociedade-e-na-protecao-social\/","url":"https:\/\/sites.ecclesia.pt\/loc-mtc\/impacto-da-pandemia-de-coronavirus-no-emprego-nas-familias-na-sociedade-e-na-protecao-social\/","name":"\u201cImpacto da pandemia de coronav\u00edrus no emprego, nas fam\u00edlias, na sociedade e na prote\u00e7\u00e3o social\u201d - LOC-MTC","isPartOf":{"@id":"https:\/\/sites.ecclesia.pt\/loc-mtc\/#website"},"datePublished":"2021-10-06T15:26:35+00:00","dateModified":"2021-10-06T15:29:13+00:00","breadcrumb":{"@id":"https:\/\/sites.ecclesia.pt\/loc-mtc\/impacto-da-pandemia-de-coronavirus-no-emprego-nas-familias-na-sociedade-e-na-protecao-social\/#breadcrumb"},"inLanguage":"pt-PT","potentialAction":[{"@type":"ReadAction","target":["https:\/\/sites.ecclesia.pt\/loc-mtc\/impacto-da-pandemia-de-coronavirus-no-emprego-nas-familias-na-sociedade-e-na-protecao-social\/"]}]},{"@type":"BreadcrumbList","@id":"https:\/\/sites.ecclesia.pt\/loc-mtc\/impacto-da-pandemia-de-coronavirus-no-emprego-nas-familias-na-sociedade-e-na-protecao-social\/#breadcrumb","itemListElement":[{"@type":"ListItem","position":1,"name":"Home","item":"https:\/\/sites.ecclesia.pt\/loc-mtc\/"},{"@type":"ListItem","position":2,"name":"\u201cImpacto da pandemia de coronav\u00edrus no emprego, nas fam\u00edlias, na sociedade e na prote\u00e7\u00e3o social\u201d"}]},{"@type":"WebSite","@id":"https:\/\/sites.ecclesia.pt\/loc-mtc\/#website","url":"https:\/\/sites.ecclesia.pt\/loc-mtc\/","name":"LOC-MTC","description":"Liga Oper\u00e1ria Cat\u00f3lica \u2013 Movimento de Trabalhadores Crist\u00e3os","publisher":{"@id":"https:\/\/sites.ecclesia.pt\/loc-mtc\/#organization"},"potentialAction":[{"@type":"SearchAction","target":{"@type":"EntryPoint","urlTemplate":"https:\/\/sites.ecclesia.pt\/loc-mtc\/?s={search_term_string}"},"query-input":{"@type":"PropertyValueSpecification","valueRequired":true,"valueName":"search_term_string"}}],"inLanguage":"pt-PT"},{"@type":"Organization","@id":"https:\/\/sites.ecclesia.pt\/loc-mtc\/#organization","name":"LOC\/MTC - Liga Oper\u00e1ria Cat\u00f3lica\/Movimento dos Trabalhadores Crist\u00e3os","alternateName":"LOC\/MTC","url":"https:\/\/sites.ecclesia.pt\/loc-mtc\/","logo":{"@type":"ImageObject","inLanguage":"pt-PT","@id":"https:\/\/sites.ecclesia.pt\/loc-mtc\/#\/schema\/logo\/image\/","url":"https:\/\/sites.ecclesia.pt\/loc-mtc\/wp-content\/uploads\/2021\/07\/loc-mtc-fb.jpg","contentUrl":"https:\/\/sites.ecclesia.pt\/loc-mtc\/wp-content\/uploads\/2021\/07\/loc-mtc-fb.jpg","width":583,"height":552,"caption":"LOC\/MTC - Liga Oper\u00e1ria Cat\u00f3lica\/Movimento dos Trabalhadores Crist\u00e3os"},"image":{"@id":"https:\/\/sites.ecclesia.pt\/loc-mtc\/#\/schema\/logo\/image\/"}},{"@type":"Person","@id":"https:\/\/sites.ecclesia.pt\/loc-mtc\/#\/schema\/person\/8ba13a346b282ac81bddb0740218c156","name":"LOC-MTC","image":{"@type":"ImageObject","inLanguage":"pt-PT","@id":"https:\/\/sites.ecclesia.pt\/loc-mtc\/#\/schema\/person\/image\/","url":"https:\/\/secure.gravatar.com\/avatar\/381f263bbf1376baf59211319cecf05597b65a26b86db6798bf393c99c999ed9?s=96&d=mm&r=g","contentUrl":"https:\/\/secure.gravatar.com\/avatar\/381f263bbf1376baf59211319cecf05597b65a26b86db6798bf393c99c999ed9?s=96&d=mm&r=g","caption":"LOC-MTC"},"sameAs":["http:\/\/www.ecclesia.pt\/loc-mtc"]}]}},"_links":{"self":[{"href":"https:\/\/sites.ecclesia.pt\/loc-mtc\/wp-json\/wp\/v2\/posts\/2393","targetHints":{"allow":["GET"]}}],"collection":[{"href":"https:\/\/sites.ecclesia.pt\/loc-mtc\/wp-json\/wp\/v2\/posts"}],"about":[{"href":"https:\/\/sites.ecclesia.pt\/loc-mtc\/wp-json\/wp\/v2\/types\/post"}],"author":[{"embeddable":true,"href":"https:\/\/sites.ecclesia.pt\/loc-mtc\/wp-json\/wp\/v2\/users\/2"}],"replies":[{"embeddable":true,"href":"https:\/\/sites.ecclesia.pt\/loc-mtc\/wp-json\/wp\/v2\/comments?post=2393"}],"version-history":[{"count":3,"href":"https:\/\/sites.ecclesia.pt\/loc-mtc\/wp-json\/wp\/v2\/posts\/2393\/revisions"}],"predecessor-version":[{"id":2396,"href":"https:\/\/sites.ecclesia.pt\/loc-mtc\/wp-json\/wp\/v2\/posts\/2393\/revisions\/2396"}],"wp:attachment":[{"href":"https:\/\/sites.ecclesia.pt\/loc-mtc\/wp-json\/wp\/v2\/media?parent=2393"}],"wp:term":[{"taxonomy":"category","embeddable":true,"href":"https:\/\/sites.ecclesia.pt\/loc-mtc\/wp-json\/wp\/v2\/categories?post=2393"},{"taxonomy":"post_tag","embeddable":true,"href":"https:\/\/sites.ecclesia.pt\/loc-mtc\/wp-json\/wp\/v2\/tags?post=2393"}],"curies":[{"name":"wp","href":"https:\/\/api.w.org\/{rel}","templated":true}]}}