{"id":2465,"date":"2022-06-29T16:52:16","date_gmt":"2022-06-29T16:52:16","guid":{"rendered":"https:\/\/sites.ecclesia.pt\/loc-mtc\/?p=2465"},"modified":"2022-06-29T16:53:15","modified_gmt":"2022-06-29T16:53:15","slug":"conclusoes-do-xviii-congresso-nacional-da-loc-mtc","status":"publish","type":"post","link":"https:\/\/sites.ecclesia.pt\/loc-mtc\/conclusoes-do-xviii-congresso-nacional-da-loc-mtc\/","title":{"rendered":"Conclus\u00f5es do XVIII Congresso Nacional da LOC\/MTC"},"content":{"rendered":"<p>Registamos a presen\u00e7a de delega\u00e7\u00f5es dos nossos movimentos cong\u00e9neres; HOAC de Espanha e KAB da Alemanha; do MTCE \u2013 Movimentos Trabalhadores Crist\u00e3os da Europa; da JOC, do MAAC, da Pastoral Oper\u00e1ria, da Base-Fut, da Confedera\u00e7\u00e3o Portuguesa de Voluntariado e da CGTP-IN.<\/p>\n<p>Na sess\u00e3o de abertura, Olinda Marques, coordenadora da LOC\/MTC de Coimbra manifestou a alegria da diocese por acolher esta importante atividade. Am\u00e9rico Monteiro, coordenador nacional, lembrou a pandemia e agora a guerra na Ucr\u00e2nia, que assolou e assola o pa\u00eds e o mundo, apelando a que com estas novas realidades cada militante n\u00e3o se deixe ficar apenas pelas lamenta\u00e7\u00f5es, mas aproveitem para descobrir, aprender e assumir novos compromissos de a\u00e7\u00e3o que respondam a estes novos tempos. O padre Joaquim Martins, assistente nacional, disse que para os grandes desafios que encontramos nesta caminhada de vida, n\u00e3o podemos ignorar que o Amor de Deus est\u00e1 sempre connosco e d\u00e1-nos a for\u00e7a de esp\u00edrito para continuar o testemunho e o compromisso desta miss\u00e3o. Gil Ferreira, vereador da cultura e da educa\u00e7\u00e3o da C\u00e2mara da Mealhada felicitou a LOC\/MTC pela sua longa hist\u00f3ria e presen\u00e7a no mundo do trabalho, na causa da defesa da nossa Casa Comum e expressou, sentirem-se honrados com a realiza\u00e7\u00e3o deste Congresso nacional neste lindo e acolhedor lugar.<\/p>\n<p>As apresenta\u00e7\u00f5es criativas e din\u00e2micas das dioceses e dos participantes foram ocasi\u00e3o de verificar que as realidades de vida dos trabalhadores e das suas fam\u00edlias, os locais onde se vive e trabalha, est\u00e3o bem presentes no olhar e no conhecimento dos militantes da LOC\/MTC. Revelaram ainda a alegria e o carinho por integrarem esta fam\u00edlia de trabalhadores crist\u00e3os.<\/p>\n<p><img loading=\"lazy\" decoding=\"async\" class=\"size-medium wp-image-2469 alignleft\" src=\"https:\/\/sites.ecclesia.pt\/loc-mtc\/wp-content\/uploads\/2022\/06\/285517323_1126123734786118_3716274175319262661_n-300x200.jpg\" alt=\"\" width=\"300\" height=\"200\" \/>Do programa deste Congresso constavam o Relat\u00f3rio de Atividades e de Contas do tri\u00e9nio, que foram apresentados, debatidos e aprovados.<\/p>\n<p>O documento das Linhas de Orienta\u00e7\u00e3o, sobre o tema \u201cDignificar o Trabalho, cuidar da Casa Comum, que j\u00e1 tinha sido elaborado com os contributos de todas as equipas de base, foi apresentado, discutido e aprovado por unanimidade. De salientar os bons contributos de reflex\u00e3o, de desafios e de testemunhos, motivadores para o compromisso nas comunidades e nos locais de trabalho, que, espera-se, possam impulsionar o dinamismo de vida e a\u00e7\u00e3o da LOC\/MTC e dos seus militantes para estes pr\u00f3ximos tr\u00eas anos.<\/p>\n<p>O tempo de reflex\u00e3o e de debate proporcionado pelas interven\u00e7\u00f5es de Francisco Ferreira, da ZERO, de Jos\u00e9 Jo\u00e3o Rodrigues da ANIMAR e de Jos\u00e9 Duarte da LOC\/MTC, mostraram qu\u00e3o premente e necess\u00e1rio que s\u00e3o os compromissos com as altera\u00e7\u00f5es clim\u00e1ticas, que devem ser bem significativos. Francisco Ferreira referiu que todas as oportunidades devem ser aproveitadas para falar e agir a favor da sustentabilidade do planeta e que \u00e9 fundamental que a defesa do trabalho digno se materialize tamb\u00e9m na sustentabilidade ambiental. E tornou presente que o desenvolvimento sustent\u00e1vel se atingir\u00e1 com as Pessoas, erradicando a pobreza e a fome, garantindo a dignidade e igualdade; com o Planeta, protegendo os recursos naturais para as futuras gera\u00e7\u00f5es; com a Prosperidade, garantindo vidas prosperas e plenas em harmonia com a natureza; com as Parcerias, na implementa\u00e7\u00e3o de agendas globais s\u00f3lidas; com a Paz, na promo\u00e7\u00e3o de sociedades pac\u00edficas, justas e inclusivas.<\/p>\n<p>Dos tr\u00eas oradores ficou bem saliente o desafio do compromisso das pessoas com esta causa de cuidar da Casa Comum. Precisamos de cidad\u00e3s e cidad\u00e3os mais atentos, conhecedores, conscientes e interventivos na vida pol\u00edtica, social e ambiental para que seja poss\u00edvel inverter as previs\u00edveis crises e devasta\u00e7\u00f5es ambientais. Como conclus\u00e3o ficou a mensagem bem real de que somos n\u00f3s que precisamos do planeta para viver e n\u00e3o o planeta a precisar de n\u00f3s.<\/p>\n<p><img loading=\"lazy\" decoding=\"async\" class=\"size-medium wp-image-2467 alignleft\" src=\"https:\/\/sites.ecclesia.pt\/loc-mtc\/wp-content\/uploads\/2022\/06\/285058459_1125735044824987_1298869171781573583_n-300x200.jpg\" alt=\"\" width=\"300\" height=\"200\" \/>De acordo com o previsto constituiu-se a mesa da Assembleia Eleitoral, dando inicio aos trabalhos com a apresenta\u00e7\u00e3o do Regulamento Eleitoral que foi aprovado. Passou-se ent\u00e3o para a apresenta\u00e7\u00e3o dos dois candidatos, com a leitura dos respetivos curr\u00edculos, seguindo-se o processo de vota\u00e7\u00e3o. Foram eleitos para a coordena\u00e7\u00e3o nacional do pr\u00f3ximo tri\u00e9nio: Am\u00e9rico Monteiro Oliveira como coordenador nacional e F\u00e1tima Pinto como vice-coordenadora. Os novos coordenadores eleitos agradeceram a confian\u00e7a manifestada, expressando o seu compromisso com o movimento.<\/p>\n<p>Foram apresentadas aos congressistas duas mo\u00e7\u00f5es, com o t\u00edtulo \u201cA Fraternidade \u00e9 o nome da Paz\u201d e \u201cA regulamenta\u00e7\u00e3o da prostitui\u00e7\u00e3o, N\u00e3o\u201d.\u00a0 As duas mo\u00e7\u00f5es foram aprovadas.<\/p>\n<p>Das palavras do Bispo de Coimbra, Dom Verg\u00edlio Antunes, na Celebra\u00e7\u00e3o da Eucaristia, na Igreja Paroquial do Luso, salientamos as felicita\u00e7\u00f5es e incentivos ao nosso empenho e \u00e0 nossa presen\u00e7a atuante no mundo do trabalho, como crist\u00e3os. \u201cA vossa experi\u00eancia, vivida e refletida e os Ensinamentos da DSI e do Evangelho ser\u00e3o com certeza refor\u00e7o para a vossa miss\u00e3o. Perante as dificuldades pr\u00f3prias deste caminho \u201cvejo no vosso documento das linhas de orienta\u00e7\u00e3o esta causa da Casa Comum\u201d&#8230;\u201da Carta Enc\u00edclica Laudato Si interpela e compromete a todos\u201d.<\/p>\n<p>O Congresso Nacional decorreu em ambiente de festa pelo encontro fraterno poss\u00edvel, mesmo ainda em pandemia, de partilha de ideias e de sabores, de debates e de compromissos. As manifesta\u00e7\u00f5es de carinho e solidariedade dos convidados presente e as palavras finais dos novos coordenadores, exprimiram a energia e incentivo para a vida que continua, depois destes dois dias bem intensos.<\/p>\n<p>As palavras desinstalar, inovar, ir ao encontro dos outros, mais aud\u00e1cia para o agir dos militantes, ficar\u00e3o no pensamento e no cora\u00e7\u00e3o das e dos participantes.<\/p>\n<p>Porque queremos ser atores numa igreja viva e atuante, atores da fraternidade e construtores da Paz, continuaremos a encarnar as Bem-aventuran\u00e7as e comprometidos com o caminho Sinodal, na busca de uma Igreja mais simples, mais pr\u00f3xima dos que sofrem e atenta aos Sinais dos Tempos.<\/p>\n<p>Luso, 10 e 11 de junho de 2022<\/p>\n","protected":false},"excerpt":{"rendered":"<p>Intensificar a defesa da dignifica\u00e7\u00e3o do trabalho humano e  mudar os crit\u00e9rios de consumo e de estilos de vida para responder aos desafios das altera\u00e7\u00f5es clim\u00e1ticas, s\u00e3o algumas das conclus\u00f5es do XVIII Congresso Nacional da LOC\/MTC \u2013 Liga Oper\u00e1ria Cat\u00f3lica\/Movimento de Trabalhadores Crist\u00e3o, que se realizou no Luso, nos dias 10 e 11 de junho de 2022, e que contou com a presen\u00e7a de cerca de 150 participantes, entre militantes e convidados de varias organiza\u00e7\u00f5es nacionais e internacionais.  <\/p>\n","protected":false},"author":2,"featured_media":2466,"comment_status":"closed","ping_status":"closed","sticky":false,"template":"","format":"standard","meta":{"_et_pb_use_builder":"","_et_pb_old_content":"","_et_gb_content_width":"","footnotes":""},"categories":[2],"tags":[],"class_list":["post-2465","post","type-post","status-publish","format-standard","has-post-thumbnail","hentry","category-noticias"],"yoast_head":"<!-- This site is optimized with the Yoast SEO plugin v26.9 - https:\/\/yoast.com\/product\/yoast-seo-wordpress\/ -->\n<title>Conclus\u00f5es do XVIII Congresso Nacional da LOC\/MTC - LOC-MTC<\/title>\n<meta name=\"robots\" content=\"index, follow, max-snippet:-1, max-image-preview:large, max-video-preview:-1\" \/>\n<link rel=\"canonical\" href=\"https:\/\/sites.ecclesia.pt\/loc-mtc\/conclusoes-do-xviii-congresso-nacional-da-loc-mtc\/\" \/>\n<meta property=\"og:locale\" content=\"pt_PT\" \/>\n<meta property=\"og:type\" content=\"article\" \/>\n<meta property=\"og:title\" content=\"Conclus\u00f5es do XVIII Congresso Nacional da LOC\/MTC - LOC-MTC\" \/>\n<meta property=\"og:description\" content=\"Intensificar a defesa da dignifica\u00e7\u00e3o do trabalho humano e mudar os crit\u00e9rios de consumo e de estilos de vida para responder aos desafios das altera\u00e7\u00f5es clim\u00e1ticas, s\u00e3o algumas das conclus\u00f5es do XVIII Congresso Nacional da LOC\/MTC \u2013 Liga Oper\u00e1ria Cat\u00f3lica\/Movimento de Trabalhadores Crist\u00e3o, que se realizou no Luso, nos dias 10 e 11 de junho de 2022, e que contou com a presen\u00e7a de cerca de 150 participantes, entre militantes e convidados de varias organiza\u00e7\u00f5es nacionais e internacionais.\" \/>\n<meta property=\"og:url\" content=\"https:\/\/sites.ecclesia.pt\/loc-mtc\/conclusoes-do-xviii-congresso-nacional-da-loc-mtc\/\" \/>\n<meta property=\"og:site_name\" content=\"LOC-MTC\" \/>\n<meta property=\"article:published_time\" content=\"2022-06-29T16:52:16+00:00\" \/>\n<meta property=\"article:modified_time\" content=\"2022-06-29T16:53:15+00:00\" \/>\n<meta property=\"og:image\" content=\"https:\/\/sites.ecclesia.pt\/loc-mtc\/wp-content\/uploads\/2022\/06\/287077308_1126394831425675_8348542450831712841_n.jpg\" \/>\n\t<meta property=\"og:image:width\" content=\"2048\" \/>\n\t<meta property=\"og:image:height\" content=\"1536\" \/>\n\t<meta property=\"og:image:type\" content=\"image\/jpeg\" \/>\n<meta name=\"author\" content=\"LOC-MTC\" \/>\n<meta name=\"twitter:card\" content=\"summary_large_image\" \/>\n<meta name=\"twitter:label1\" content=\"Escrito por\" \/>\n\t<meta name=\"twitter:data1\" content=\"LOC-MTC\" \/>\n\t<meta name=\"twitter:label2\" content=\"Tempo estimado de leitura\" \/>\n\t<meta name=\"twitter:data2\" content=\"5 minutos\" \/>\n<script type=\"application\/ld+json\" class=\"yoast-schema-graph\">{\"@context\":\"https:\/\/schema.org\",\"@graph\":[{\"@type\":\"Article\",\"@id\":\"https:\/\/sites.ecclesia.pt\/loc-mtc\/conclusoes-do-xviii-congresso-nacional-da-loc-mtc\/#article\",\"isPartOf\":{\"@id\":\"https:\/\/sites.ecclesia.pt\/loc-mtc\/conclusoes-do-xviii-congresso-nacional-da-loc-mtc\/\"},\"author\":{\"name\":\"LOC-MTC\",\"@id\":\"https:\/\/sites.ecclesia.pt\/loc-mtc\/#\/schema\/person\/8ba13a346b282ac81bddb0740218c156\"},\"headline\":\"Conclus\u00f5es do XVIII Congresso Nacional da LOC\/MTC\",\"datePublished\":\"2022-06-29T16:52:16+00:00\",\"dateModified\":\"2022-06-29T16:53:15+00:00\",\"mainEntityOfPage\":{\"@id\":\"https:\/\/sites.ecclesia.pt\/loc-mtc\/conclusoes-do-xviii-congresso-nacional-da-loc-mtc\/\"},\"wordCount\":1027,\"publisher\":{\"@id\":\"https:\/\/sites.ecclesia.pt\/loc-mtc\/#organization\"},\"image\":{\"@id\":\"https:\/\/sites.ecclesia.pt\/loc-mtc\/conclusoes-do-xviii-congresso-nacional-da-loc-mtc\/#primaryimage\"},\"thumbnailUrl\":\"https:\/\/sites.ecclesia.pt\/loc-mtc\/wp-content\/uploads\/2022\/06\/287077308_1126394831425675_8348542450831712841_n.jpg\",\"articleSection\":[\"Not\u00edcias\"],\"inLanguage\":\"pt-PT\"},{\"@type\":\"WebPage\",\"@id\":\"https:\/\/sites.ecclesia.pt\/loc-mtc\/conclusoes-do-xviii-congresso-nacional-da-loc-mtc\/\",\"url\":\"https:\/\/sites.ecclesia.pt\/loc-mtc\/conclusoes-do-xviii-congresso-nacional-da-loc-mtc\/\",\"name\":\"Conclus\u00f5es do XVIII Congresso Nacional da LOC\/MTC - LOC-MTC\",\"isPartOf\":{\"@id\":\"https:\/\/sites.ecclesia.pt\/loc-mtc\/#website\"},\"primaryImageOfPage\":{\"@id\":\"https:\/\/sites.ecclesia.pt\/loc-mtc\/conclusoes-do-xviii-congresso-nacional-da-loc-mtc\/#primaryimage\"},\"image\":{\"@id\":\"https:\/\/sites.ecclesia.pt\/loc-mtc\/conclusoes-do-xviii-congresso-nacional-da-loc-mtc\/#primaryimage\"},\"thumbnailUrl\":\"https:\/\/sites.ecclesia.pt\/loc-mtc\/wp-content\/uploads\/2022\/06\/287077308_1126394831425675_8348542450831712841_n.jpg\",\"datePublished\":\"2022-06-29T16:52:16+00:00\",\"dateModified\":\"2022-06-29T16:53:15+00:00\",\"breadcrumb\":{\"@id\":\"https:\/\/sites.ecclesia.pt\/loc-mtc\/conclusoes-do-xviii-congresso-nacional-da-loc-mtc\/#breadcrumb\"},\"inLanguage\":\"pt-PT\",\"potentialAction\":[{\"@type\":\"ReadAction\",\"target\":[\"https:\/\/sites.ecclesia.pt\/loc-mtc\/conclusoes-do-xviii-congresso-nacional-da-loc-mtc\/\"]}]},{\"@type\":\"ImageObject\",\"inLanguage\":\"pt-PT\",\"@id\":\"https:\/\/sites.ecclesia.pt\/loc-mtc\/conclusoes-do-xviii-congresso-nacional-da-loc-mtc\/#primaryimage\",\"url\":\"https:\/\/sites.ecclesia.pt\/loc-mtc\/wp-content\/uploads\/2022\/06\/287077308_1126394831425675_8348542450831712841_n.jpg\",\"contentUrl\":\"https:\/\/sites.ecclesia.pt\/loc-mtc\/wp-content\/uploads\/2022\/06\/287077308_1126394831425675_8348542450831712841_n.jpg\",\"width\":2048,\"height\":1536},{\"@type\":\"BreadcrumbList\",\"@id\":\"https:\/\/sites.ecclesia.pt\/loc-mtc\/conclusoes-do-xviii-congresso-nacional-da-loc-mtc\/#breadcrumb\",\"itemListElement\":[{\"@type\":\"ListItem\",\"position\":1,\"name\":\"Home\",\"item\":\"https:\/\/sites.ecclesia.pt\/loc-mtc\/\"},{\"@type\":\"ListItem\",\"position\":2,\"name\":\"Conclus\u00f5es do XVIII Congresso Nacional da LOC\/MTC\"}]},{\"@type\":\"WebSite\",\"@id\":\"https:\/\/sites.ecclesia.pt\/loc-mtc\/#website\",\"url\":\"https:\/\/sites.ecclesia.pt\/loc-mtc\/\",\"name\":\"LOC-MTC\",\"description\":\"Liga Oper\u00e1ria Cat\u00f3lica \u2013 Movimento de Trabalhadores Crist\u00e3os\",\"publisher\":{\"@id\":\"https:\/\/sites.ecclesia.pt\/loc-mtc\/#organization\"},\"potentialAction\":[{\"@type\":\"SearchAction\",\"target\":{\"@type\":\"EntryPoint\",\"urlTemplate\":\"https:\/\/sites.ecclesia.pt\/loc-mtc\/?s={search_term_string}\"},\"query-input\":{\"@type\":\"PropertyValueSpecification\",\"valueRequired\":true,\"valueName\":\"search_term_string\"}}],\"inLanguage\":\"pt-PT\"},{\"@type\":\"Organization\",\"@id\":\"https:\/\/sites.ecclesia.pt\/loc-mtc\/#organization\",\"name\":\"LOC\/MTC - Liga Oper\u00e1ria Cat\u00f3lica\/Movimento dos Trabalhadores Crist\u00e3os\",\"alternateName\":\"LOC\/MTC\",\"url\":\"https:\/\/sites.ecclesia.pt\/loc-mtc\/\",\"logo\":{\"@type\":\"ImageObject\",\"inLanguage\":\"pt-PT\",\"@id\":\"https:\/\/sites.ecclesia.pt\/loc-mtc\/#\/schema\/logo\/image\/\",\"url\":\"https:\/\/sites.ecclesia.pt\/loc-mtc\/wp-content\/uploads\/2021\/07\/loc-mtc-fb.jpg\",\"contentUrl\":\"https:\/\/sites.ecclesia.pt\/loc-mtc\/wp-content\/uploads\/2021\/07\/loc-mtc-fb.jpg\",\"width\":583,\"height\":552,\"caption\":\"LOC\/MTC - Liga Oper\u00e1ria Cat\u00f3lica\/Movimento dos Trabalhadores Crist\u00e3os\"},\"image\":{\"@id\":\"https:\/\/sites.ecclesia.pt\/loc-mtc\/#\/schema\/logo\/image\/\"}},{\"@type\":\"Person\",\"@id\":\"https:\/\/sites.ecclesia.pt\/loc-mtc\/#\/schema\/person\/8ba13a346b282ac81bddb0740218c156\",\"name\":\"LOC-MTC\",\"image\":{\"@type\":\"ImageObject\",\"inLanguage\":\"pt-PT\",\"@id\":\"https:\/\/sites.ecclesia.pt\/loc-mtc\/#\/schema\/person\/image\/\",\"url\":\"https:\/\/secure.gravatar.com\/avatar\/381f263bbf1376baf59211319cecf05597b65a26b86db6798bf393c99c999ed9?s=96&d=mm&r=g\",\"contentUrl\":\"https:\/\/secure.gravatar.com\/avatar\/381f263bbf1376baf59211319cecf05597b65a26b86db6798bf393c99c999ed9?s=96&d=mm&r=g\",\"caption\":\"LOC-MTC\"},\"sameAs\":[\"http:\/\/www.ecclesia.pt\/loc-mtc\"]}]}<\/script>\n<!-- \/ Yoast SEO plugin. -->","yoast_head_json":{"title":"Conclus\u00f5es do XVIII Congresso Nacional da LOC\/MTC - LOC-MTC","robots":{"index":"index","follow":"follow","max-snippet":"max-snippet:-1","max-image-preview":"max-image-preview:large","max-video-preview":"max-video-preview:-1"},"canonical":"https:\/\/sites.ecclesia.pt\/loc-mtc\/conclusoes-do-xviii-congresso-nacional-da-loc-mtc\/","og_locale":"pt_PT","og_type":"article","og_title":"Conclus\u00f5es do XVIII Congresso Nacional da LOC\/MTC - LOC-MTC","og_description":"Intensificar a defesa da dignifica\u00e7\u00e3o do trabalho humano e mudar os crit\u00e9rios de consumo e de estilos de vida para responder aos desafios das altera\u00e7\u00f5es clim\u00e1ticas, s\u00e3o algumas das conclus\u00f5es do XVIII Congresso Nacional da LOC\/MTC \u2013 Liga Oper\u00e1ria Cat\u00f3lica\/Movimento de Trabalhadores Crist\u00e3o, que se realizou no Luso, nos dias 10 e 11 de junho de 2022, e que contou com a presen\u00e7a de cerca de 150 participantes, entre militantes e convidados de varias organiza\u00e7\u00f5es nacionais e internacionais.","og_url":"https:\/\/sites.ecclesia.pt\/loc-mtc\/conclusoes-do-xviii-congresso-nacional-da-loc-mtc\/","og_site_name":"LOC-MTC","article_published_time":"2022-06-29T16:52:16+00:00","article_modified_time":"2022-06-29T16:53:15+00:00","og_image":[{"width":2048,"height":1536,"url":"https:\/\/sites.ecclesia.pt\/loc-mtc\/wp-content\/uploads\/2022\/06\/287077308_1126394831425675_8348542450831712841_n.jpg","type":"image\/jpeg"}],"author":"LOC-MTC","twitter_card":"summary_large_image","twitter_misc":{"Escrito por":"LOC-MTC","Tempo estimado de leitura":"5 minutos"},"schema":{"@context":"https:\/\/schema.org","@graph":[{"@type":"Article","@id":"https:\/\/sites.ecclesia.pt\/loc-mtc\/conclusoes-do-xviii-congresso-nacional-da-loc-mtc\/#article","isPartOf":{"@id":"https:\/\/sites.ecclesia.pt\/loc-mtc\/conclusoes-do-xviii-congresso-nacional-da-loc-mtc\/"},"author":{"name":"LOC-MTC","@id":"https:\/\/sites.ecclesia.pt\/loc-mtc\/#\/schema\/person\/8ba13a346b282ac81bddb0740218c156"},"headline":"Conclus\u00f5es do XVIII Congresso Nacional da LOC\/MTC","datePublished":"2022-06-29T16:52:16+00:00","dateModified":"2022-06-29T16:53:15+00:00","mainEntityOfPage":{"@id":"https:\/\/sites.ecclesia.pt\/loc-mtc\/conclusoes-do-xviii-congresso-nacional-da-loc-mtc\/"},"wordCount":1027,"publisher":{"@id":"https:\/\/sites.ecclesia.pt\/loc-mtc\/#organization"},"image":{"@id":"https:\/\/sites.ecclesia.pt\/loc-mtc\/conclusoes-do-xviii-congresso-nacional-da-loc-mtc\/#primaryimage"},"thumbnailUrl":"https:\/\/sites.ecclesia.pt\/loc-mtc\/wp-content\/uploads\/2022\/06\/287077308_1126394831425675_8348542450831712841_n.jpg","articleSection":["Not\u00edcias"],"inLanguage":"pt-PT"},{"@type":"WebPage","@id":"https:\/\/sites.ecclesia.pt\/loc-mtc\/conclusoes-do-xviii-congresso-nacional-da-loc-mtc\/","url":"https:\/\/sites.ecclesia.pt\/loc-mtc\/conclusoes-do-xviii-congresso-nacional-da-loc-mtc\/","name":"Conclus\u00f5es do XVIII Congresso Nacional da LOC\/MTC - LOC-MTC","isPartOf":{"@id":"https:\/\/sites.ecclesia.pt\/loc-mtc\/#website"},"primaryImageOfPage":{"@id":"https:\/\/sites.ecclesia.pt\/loc-mtc\/conclusoes-do-xviii-congresso-nacional-da-loc-mtc\/#primaryimage"},"image":{"@id":"https:\/\/sites.ecclesia.pt\/loc-mtc\/conclusoes-do-xviii-congresso-nacional-da-loc-mtc\/#primaryimage"},"thumbnailUrl":"https:\/\/sites.ecclesia.pt\/loc-mtc\/wp-content\/uploads\/2022\/06\/287077308_1126394831425675_8348542450831712841_n.jpg","datePublished":"2022-06-29T16:52:16+00:00","dateModified":"2022-06-29T16:53:15+00:00","breadcrumb":{"@id":"https:\/\/sites.ecclesia.pt\/loc-mtc\/conclusoes-do-xviii-congresso-nacional-da-loc-mtc\/#breadcrumb"},"inLanguage":"pt-PT","potentialAction":[{"@type":"ReadAction","target":["https:\/\/sites.ecclesia.pt\/loc-mtc\/conclusoes-do-xviii-congresso-nacional-da-loc-mtc\/"]}]},{"@type":"ImageObject","inLanguage":"pt-PT","@id":"https:\/\/sites.ecclesia.pt\/loc-mtc\/conclusoes-do-xviii-congresso-nacional-da-loc-mtc\/#primaryimage","url":"https:\/\/sites.ecclesia.pt\/loc-mtc\/wp-content\/uploads\/2022\/06\/287077308_1126394831425675_8348542450831712841_n.jpg","contentUrl":"https:\/\/sites.ecclesia.pt\/loc-mtc\/wp-content\/uploads\/2022\/06\/287077308_1126394831425675_8348542450831712841_n.jpg","width":2048,"height":1536},{"@type":"BreadcrumbList","@id":"https:\/\/sites.ecclesia.pt\/loc-mtc\/conclusoes-do-xviii-congresso-nacional-da-loc-mtc\/#breadcrumb","itemListElement":[{"@type":"ListItem","position":1,"name":"Home","item":"https:\/\/sites.ecclesia.pt\/loc-mtc\/"},{"@type":"ListItem","position":2,"name":"Conclus\u00f5es do XVIII Congresso Nacional da LOC\/MTC"}]},{"@type":"WebSite","@id":"https:\/\/sites.ecclesia.pt\/loc-mtc\/#website","url":"https:\/\/sites.ecclesia.pt\/loc-mtc\/","name":"LOC-MTC","description":"Liga Oper\u00e1ria Cat\u00f3lica \u2013 Movimento de Trabalhadores Crist\u00e3os","publisher":{"@id":"https:\/\/sites.ecclesia.pt\/loc-mtc\/#organization"},"potentialAction":[{"@type":"SearchAction","target":{"@type":"EntryPoint","urlTemplate":"https:\/\/sites.ecclesia.pt\/loc-mtc\/?s={search_term_string}"},"query-input":{"@type":"PropertyValueSpecification","valueRequired":true,"valueName":"search_term_string"}}],"inLanguage":"pt-PT"},{"@type":"Organization","@id":"https:\/\/sites.ecclesia.pt\/loc-mtc\/#organization","name":"LOC\/MTC - Liga Oper\u00e1ria Cat\u00f3lica\/Movimento dos Trabalhadores Crist\u00e3os","alternateName":"LOC\/MTC","url":"https:\/\/sites.ecclesia.pt\/loc-mtc\/","logo":{"@type":"ImageObject","inLanguage":"pt-PT","@id":"https:\/\/sites.ecclesia.pt\/loc-mtc\/#\/schema\/logo\/image\/","url":"https:\/\/sites.ecclesia.pt\/loc-mtc\/wp-content\/uploads\/2021\/07\/loc-mtc-fb.jpg","contentUrl":"https:\/\/sites.ecclesia.pt\/loc-mtc\/wp-content\/uploads\/2021\/07\/loc-mtc-fb.jpg","width":583,"height":552,"caption":"LOC\/MTC - Liga Oper\u00e1ria Cat\u00f3lica\/Movimento dos Trabalhadores Crist\u00e3os"},"image":{"@id":"https:\/\/sites.ecclesia.pt\/loc-mtc\/#\/schema\/logo\/image\/"}},{"@type":"Person","@id":"https:\/\/sites.ecclesia.pt\/loc-mtc\/#\/schema\/person\/8ba13a346b282ac81bddb0740218c156","name":"LOC-MTC","image":{"@type":"ImageObject","inLanguage":"pt-PT","@id":"https:\/\/sites.ecclesia.pt\/loc-mtc\/#\/schema\/person\/image\/","url":"https:\/\/secure.gravatar.com\/avatar\/381f263bbf1376baf59211319cecf05597b65a26b86db6798bf393c99c999ed9?s=96&d=mm&r=g","contentUrl":"https:\/\/secure.gravatar.com\/avatar\/381f263bbf1376baf59211319cecf05597b65a26b86db6798bf393c99c999ed9?s=96&d=mm&r=g","caption":"LOC-MTC"},"sameAs":["http:\/\/www.ecclesia.pt\/loc-mtc"]}]}},"_links":{"self":[{"href":"https:\/\/sites.ecclesia.pt\/loc-mtc\/wp-json\/wp\/v2\/posts\/2465","targetHints":{"allow":["GET"]}}],"collection":[{"href":"https:\/\/sites.ecclesia.pt\/loc-mtc\/wp-json\/wp\/v2\/posts"}],"about":[{"href":"https:\/\/sites.ecclesia.pt\/loc-mtc\/wp-json\/wp\/v2\/types\/post"}],"author":[{"embeddable":true,"href":"https:\/\/sites.ecclesia.pt\/loc-mtc\/wp-json\/wp\/v2\/users\/2"}],"replies":[{"embeddable":true,"href":"https:\/\/sites.ecclesia.pt\/loc-mtc\/wp-json\/wp\/v2\/comments?post=2465"}],"version-history":[{"count":1,"href":"https:\/\/sites.ecclesia.pt\/loc-mtc\/wp-json\/wp\/v2\/posts\/2465\/revisions"}],"predecessor-version":[{"id":2470,"href":"https:\/\/sites.ecclesia.pt\/loc-mtc\/wp-json\/wp\/v2\/posts\/2465\/revisions\/2470"}],"wp:featuredmedia":[{"embeddable":true,"href":"https:\/\/sites.ecclesia.pt\/loc-mtc\/wp-json\/wp\/v2\/media\/2466"}],"wp:attachment":[{"href":"https:\/\/sites.ecclesia.pt\/loc-mtc\/wp-json\/wp\/v2\/media?parent=2465"}],"wp:term":[{"taxonomy":"category","embeddable":true,"href":"https:\/\/sites.ecclesia.pt\/loc-mtc\/wp-json\/wp\/v2\/categories?post=2465"},{"taxonomy":"post_tag","embeddable":true,"href":"https:\/\/sites.ecclesia.pt\/loc-mtc\/wp-json\/wp\/v2\/tags?post=2465"}],"curies":[{"name":"wp","href":"https:\/\/api.w.org\/{rel}","templated":true}]}}