{"id":2506,"date":"2023-04-01T07:21:24","date_gmt":"2023-04-01T07:21:24","guid":{"rendered":"https:\/\/sites.ecclesia.pt\/loc-mtc\/?p=2506"},"modified":"2023-04-01T07:21:24","modified_gmt":"2023-04-01T07:21:24","slug":"comunicado-do-forum-das-organizacoes-catolicas-para-a-imigracao-e-o-asilo-forcim-sobre-o-ataque-no-centro-ismaili-de-lisboa-do-dia-28-de-marco-de-2023","status":"publish","type":"post","link":"https:\/\/sites.ecclesia.pt\/loc-mtc\/comunicado-do-forum-das-organizacoes-catolicas-para-a-imigracao-e-o-asilo-forcim-sobre-o-ataque-no-centro-ismaili-de-lisboa-do-dia-28-de-marco-de-2023\/","title":{"rendered":"Comunicado do F\u00f3rum das Organiza\u00e7\u00f5es Cat\u00f3licas para a Imigra\u00e7\u00e3o e o Asilo (FORCIM) sobre o ataque no Centro Ismaili de Lisboa do dia 28 de mar\u00e7o de 2023"},"content":{"rendered":"<p>A nossa humanidade est\u00e1 ferida, mas n\u00e3o pode desistir de fazer o bem.<\/p>\n<p>\u00c9 chocante, triste e doloroso o momento que a comunidade Ismaili atravessa e solidariamente, est\u00e3o com eles, todos os homens e mulheres de boa vontade,<br \/>\nindependentemente da religi\u00e3o.<\/p>\n<p>\u00c9 chocante porque inesperado, triste porque houve v\u00edtimas mortais e porque h\u00e1 crian\u00e7as que ficaram \u00f3rf\u00e3s, apesar da prontid\u00e3o da comunidade.<\/p>\n<p>\u00c9 doloroso pela viol\u00eancia dos factos, mas \u00e9 justo reconhecer a prontid\u00e3o e a efici\u00eancia com que a pol\u00edcia agiu. Facto que, enquanto cidad\u00e3os, nos devolve a confian\u00e7a nas for\u00e7as policiais, que existem para nossa prote\u00e7\u00e3o.<\/p>\n<p>\u00c9 triste que este crime tenha ocorrido e que tenha vitimado inocentes que faziam o<br \/>\nbem.<\/p>\n<p>N\u00e3o s\u00e3o as pol\u00edticas de imigra\u00e7\u00e3o ou o dever de acolhimento dos refugiados que nos protegem de surtos psic\u00f3ticos, nem estamos mais protegidos por procurar bodes expiat\u00f3rios no desconhecido, sem justi\u00e7a. Buscar a verdade, justi\u00e7a e miseric\u00f3rdia \u00e9 o ADN do pensamento e do agir crist\u00e3os.<\/p>\n<p>A miseric\u00f3rdia assenta na confian\u00e7a do bem que se \u201cfaz sem olhar a quem\u201d. A prud\u00eancia conduz-nos a insistir na prepara\u00e7\u00e3o do acolhimento e integra\u00e7\u00e3o sem<br \/>\nesquecer nenhuma vertente.<\/p>\n<p>\u00c9 sentido como dever, pelo conjunto das organiza\u00e7\u00f5es cat\u00f3licas que constituem o FORCIM, opormo-nos a discursos, comportamentos ou atitudes que fomentem o medo e a desconfian\u00e7a, o xenofobismo e a discrimina\u00e7\u00e3o. Lamentamos profundamente que, face ao choque, tristeza e dor do que sucedeu na manh\u00e3 do dia 28 de mar\u00e7o, palavras de \u00f3dio e de intoler\u00e2ncia contra pessoas imigrantes ou refugiadas, ou afirma\u00e7\u00f5es infundadas e de incitamento \u00e0 suspei\u00e7\u00e3o sobre quem escolhe Portugal como pa\u00eds de destino para procurar trabalho e melhores condi\u00e7\u00f5es de vida, encontrem espa\u00e7o e volume na arena p\u00fablica.<\/p>\n<p>Salientamos a import\u00e2ncia do di\u00e1logo inter-religioso para a paz e enaltecemos a interven\u00e7\u00e3o social da Comunidade Ismaili, que tanto tem contribu\u00eddo para o<br \/>\nacolhimento e inclus\u00e3o de pessoas migrantes.<\/p>\n<p>Continuaremos empenhados em promover a cultura do encontro e na consolida\u00e7\u00e3o de uma sociedade que se tem demonstrado aberta, acolhedora e solid\u00e1ria, rumo \u00e0 coes\u00e3o social e \u00e0 inclus\u00e3o de quem, independentemente do seu pa\u00eds de origem, procura ref\u00fagio e a oportunidade de uma vida digna.<\/p>\n<p>O FORCIM integra as seguintes organiza\u00e7\u00f5es: Capelania da Comunidade dos Africanos, C\u00e1ritas Portuguesa, Centro Padre Alves Correia (CEPAC), Comiss\u00e3o<br \/>\nde Apoio \u00e0 V\u00edtima de Tr\u00e1fico de Pessoas (CAVITP), Comiss\u00e3o Nacional Justi\u00e7a e Paz (CNJP), Comiss\u00e3o Justi\u00e7a Paz e Ecologia (CJPE-CIRP), Coordena\u00e7\u00e3o Nacional da Capelania Greco-Cat\u00f3lica Ucraniana de Rito Bizantino, Funda\u00e7\u00e3o Ajuda \u00e0 Igreja que Sofre (FAIS), Funda\u00e7\u00e3o F\u00e9 e Coopera\u00e7\u00e3o (FEC), JRS Portugal &#8211; Servi\u00e7o Jesu\u00edta aos Refugiados, Liga Oper\u00e1ria Cat\u00f3lica\/Movimento de Trabalhadores Crist\u00e3os (LOC\/MTC), Rede Hispano Lusa de Mulheres V\u00edtimas de Tr\u00e1fico e Obra Cat\u00f3lica Portuguesa de Migra\u00e7\u00f5es (OCPM) (coordena\u00e7\u00e3o).<\/p>\n","protected":false},"excerpt":{"rendered":"<p>\u00abCada ato de viol\u00eancia cometido contra um ser humano \u00e9 uma ferida na carne da humanidade; cada morte violenta \u201cdiminui-nos\u201d como pessoas. (&#8230;) A viol\u00eancia gera mais viol\u00eancia, o \u00f3dio gera mais \u00f3dio, e a morte mais morte. Temos de quebrar esta corrente que aparece como inelut\u00e1vel\u00bb. (Cf. Enc\u00edclica Fratelli Tutti, Percursos dum novo Encontro, n\u00ba227)<\/p>\n","protected":false},"author":2,"featured_media":2507,"comment_status":"closed","ping_status":"closed","sticky":false,"template":"","format":"standard","meta":{"_et_pb_use_builder":"","_et_pb_old_content":"","_et_gb_content_width":"","footnotes":""},"categories":[2],"tags":[],"class_list":["post-2506","post","type-post","status-publish","format-standard","has-post-thumbnail","hentry","category-noticias"],"yoast_head":"<!-- This site is optimized with the Yoast SEO plugin v26.9 - https:\/\/yoast.com\/product\/yoast-seo-wordpress\/ -->\n<title>Comunicado do F\u00f3rum das Organiza\u00e7\u00f5es Cat\u00f3licas para a Imigra\u00e7\u00e3o e o Asilo (FORCIM) sobre o ataque no Centro Ismaili de Lisboa do dia 28 de mar\u00e7o de 2023 - LOC-MTC<\/title>\n<meta name=\"robots\" content=\"index, follow, max-snippet:-1, max-image-preview:large, max-video-preview:-1\" \/>\n<link rel=\"canonical\" href=\"https:\/\/sites.ecclesia.pt\/loc-mtc\/comunicado-do-forum-das-organizacoes-catolicas-para-a-imigracao-e-o-asilo-forcim-sobre-o-ataque-no-centro-ismaili-de-lisboa-do-dia-28-de-marco-de-2023\/\" \/>\n<meta property=\"og:locale\" content=\"pt_PT\" \/>\n<meta property=\"og:type\" content=\"article\" \/>\n<meta property=\"og:title\" content=\"Comunicado do F\u00f3rum das Organiza\u00e7\u00f5es Cat\u00f3licas para a Imigra\u00e7\u00e3o e o Asilo (FORCIM) sobre o ataque no Centro Ismaili de Lisboa do dia 28 de mar\u00e7o de 2023 - LOC-MTC\" \/>\n<meta property=\"og:description\" content=\"\u00abCada ato de viol\u00eancia cometido contra um ser humano \u00e9 uma ferida na carne da humanidade; cada morte violenta \u201cdiminui-nos\u201d como pessoas. (...) A viol\u00eancia gera mais viol\u00eancia, o \u00f3dio gera mais \u00f3dio, e a morte mais morte. Temos de quebrar esta corrente que aparece como inelut\u00e1vel\u00bb. (Cf. Enc\u00edclica Fratelli Tutti, Percursos dum novo Encontro, n\u00ba227)\" \/>\n<meta property=\"og:url\" content=\"https:\/\/sites.ecclesia.pt\/loc-mtc\/comunicado-do-forum-das-organizacoes-catolicas-para-a-imigracao-e-o-asilo-forcim-sobre-o-ataque-no-centro-ismaili-de-lisboa-do-dia-28-de-marco-de-2023\/\" \/>\n<meta property=\"og:site_name\" content=\"LOC-MTC\" \/>\n<meta property=\"article:published_time\" content=\"2023-04-01T07:21:24+00:00\" \/>\n<meta property=\"og:image\" content=\"https:\/\/sites.ecclesia.pt\/loc-mtc\/wp-content\/uploads\/2023\/04\/forcim.jpg\" \/>\n\t<meta property=\"og:image:width\" content=\"424\" \/>\n\t<meta property=\"og:image:height\" content=\"234\" \/>\n\t<meta property=\"og:image:type\" content=\"image\/jpeg\" \/>\n<meta name=\"author\" content=\"LOC-MTC\" \/>\n<meta name=\"twitter:card\" content=\"summary_large_image\" \/>\n<meta name=\"twitter:label1\" content=\"Escrito por\" \/>\n\t<meta name=\"twitter:data1\" content=\"LOC-MTC\" \/>\n\t<meta name=\"twitter:label2\" content=\"Tempo estimado de leitura\" \/>\n\t<meta name=\"twitter:data2\" content=\"3 minutos\" \/>\n<script type=\"application\/ld+json\" class=\"yoast-schema-graph\">{\"@context\":\"https:\/\/schema.org\",\"@graph\":[{\"@type\":\"Article\",\"@id\":\"https:\/\/sites.ecclesia.pt\/loc-mtc\/comunicado-do-forum-das-organizacoes-catolicas-para-a-imigracao-e-o-asilo-forcim-sobre-o-ataque-no-centro-ismaili-de-lisboa-do-dia-28-de-marco-de-2023\/#article\",\"isPartOf\":{\"@id\":\"https:\/\/sites.ecclesia.pt\/loc-mtc\/comunicado-do-forum-das-organizacoes-catolicas-para-a-imigracao-e-o-asilo-forcim-sobre-o-ataque-no-centro-ismaili-de-lisboa-do-dia-28-de-marco-de-2023\/\"},\"author\":{\"name\":\"LOC-MTC\",\"@id\":\"https:\/\/sites.ecclesia.pt\/loc-mtc\/#\/schema\/person\/8ba13a346b282ac81bddb0740218c156\"},\"headline\":\"Comunicado do F\u00f3rum das Organiza\u00e7\u00f5es Cat\u00f3licas para a Imigra\u00e7\u00e3o e o Asilo (FORCIM) sobre o ataque no Centro Ismaili de Lisboa do dia 28 de mar\u00e7o de 2023\",\"datePublished\":\"2023-04-01T07:21:24+00:00\",\"mainEntityOfPage\":{\"@id\":\"https:\/\/sites.ecclesia.pt\/loc-mtc\/comunicado-do-forum-das-organizacoes-catolicas-para-a-imigracao-e-o-asilo-forcim-sobre-o-ataque-no-centro-ismaili-de-lisboa-do-dia-28-de-marco-de-2023\/\"},\"wordCount\":544,\"publisher\":{\"@id\":\"https:\/\/sites.ecclesia.pt\/loc-mtc\/#organization\"},\"image\":{\"@id\":\"https:\/\/sites.ecclesia.pt\/loc-mtc\/comunicado-do-forum-das-organizacoes-catolicas-para-a-imigracao-e-o-asilo-forcim-sobre-o-ataque-no-centro-ismaili-de-lisboa-do-dia-28-de-marco-de-2023\/#primaryimage\"},\"thumbnailUrl\":\"https:\/\/sites.ecclesia.pt\/loc-mtc\/wp-content\/uploads\/2023\/04\/forcim.jpg\",\"articleSection\":[\"Not\u00edcias\"],\"inLanguage\":\"pt-PT\"},{\"@type\":\"WebPage\",\"@id\":\"https:\/\/sites.ecclesia.pt\/loc-mtc\/comunicado-do-forum-das-organizacoes-catolicas-para-a-imigracao-e-o-asilo-forcim-sobre-o-ataque-no-centro-ismaili-de-lisboa-do-dia-28-de-marco-de-2023\/\",\"url\":\"https:\/\/sites.ecclesia.pt\/loc-mtc\/comunicado-do-forum-das-organizacoes-catolicas-para-a-imigracao-e-o-asilo-forcim-sobre-o-ataque-no-centro-ismaili-de-lisboa-do-dia-28-de-marco-de-2023\/\",\"name\":\"Comunicado do F\u00f3rum das Organiza\u00e7\u00f5es Cat\u00f3licas para a Imigra\u00e7\u00e3o e o Asilo (FORCIM) sobre o ataque no Centro Ismaili de Lisboa do dia 28 de mar\u00e7o de 2023 - LOC-MTC\",\"isPartOf\":{\"@id\":\"https:\/\/sites.ecclesia.pt\/loc-mtc\/#website\"},\"primaryImageOfPage\":{\"@id\":\"https:\/\/sites.ecclesia.pt\/loc-mtc\/comunicado-do-forum-das-organizacoes-catolicas-para-a-imigracao-e-o-asilo-forcim-sobre-o-ataque-no-centro-ismaili-de-lisboa-do-dia-28-de-marco-de-2023\/#primaryimage\"},\"image\":{\"@id\":\"https:\/\/sites.ecclesia.pt\/loc-mtc\/comunicado-do-forum-das-organizacoes-catolicas-para-a-imigracao-e-o-asilo-forcim-sobre-o-ataque-no-centro-ismaili-de-lisboa-do-dia-28-de-marco-de-2023\/#primaryimage\"},\"thumbnailUrl\":\"https:\/\/sites.ecclesia.pt\/loc-mtc\/wp-content\/uploads\/2023\/04\/forcim.jpg\",\"datePublished\":\"2023-04-01T07:21:24+00:00\",\"breadcrumb\":{\"@id\":\"https:\/\/sites.ecclesia.pt\/loc-mtc\/comunicado-do-forum-das-organizacoes-catolicas-para-a-imigracao-e-o-asilo-forcim-sobre-o-ataque-no-centro-ismaili-de-lisboa-do-dia-28-de-marco-de-2023\/#breadcrumb\"},\"inLanguage\":\"pt-PT\",\"potentialAction\":[{\"@type\":\"ReadAction\",\"target\":[\"https:\/\/sites.ecclesia.pt\/loc-mtc\/comunicado-do-forum-das-organizacoes-catolicas-para-a-imigracao-e-o-asilo-forcim-sobre-o-ataque-no-centro-ismaili-de-lisboa-do-dia-28-de-marco-de-2023\/\"]}]},{\"@type\":\"ImageObject\",\"inLanguage\":\"pt-PT\",\"@id\":\"https:\/\/sites.ecclesia.pt\/loc-mtc\/comunicado-do-forum-das-organizacoes-catolicas-para-a-imigracao-e-o-asilo-forcim-sobre-o-ataque-no-centro-ismaili-de-lisboa-do-dia-28-de-marco-de-2023\/#primaryimage\",\"url\":\"https:\/\/sites.ecclesia.pt\/loc-mtc\/wp-content\/uploads\/2023\/04\/forcim.jpg\",\"contentUrl\":\"https:\/\/sites.ecclesia.pt\/loc-mtc\/wp-content\/uploads\/2023\/04\/forcim.jpg\",\"width\":424,\"height\":234},{\"@type\":\"BreadcrumbList\",\"@id\":\"https:\/\/sites.ecclesia.pt\/loc-mtc\/comunicado-do-forum-das-organizacoes-catolicas-para-a-imigracao-e-o-asilo-forcim-sobre-o-ataque-no-centro-ismaili-de-lisboa-do-dia-28-de-marco-de-2023\/#breadcrumb\",\"itemListElement\":[{\"@type\":\"ListItem\",\"position\":1,\"name\":\"Home\",\"item\":\"https:\/\/sites.ecclesia.pt\/loc-mtc\/\"},{\"@type\":\"ListItem\",\"position\":2,\"name\":\"Comunicado do F\u00f3rum das Organiza\u00e7\u00f5es Cat\u00f3licas para a Imigra\u00e7\u00e3o e o Asilo (FORCIM) sobre o ataque no Centro Ismaili de Lisboa do dia 28 de mar\u00e7o de 2023\"}]},{\"@type\":\"WebSite\",\"@id\":\"https:\/\/sites.ecclesia.pt\/loc-mtc\/#website\",\"url\":\"https:\/\/sites.ecclesia.pt\/loc-mtc\/\",\"name\":\"LOC-MTC\",\"description\":\"Liga Oper\u00e1ria Cat\u00f3lica \u2013 Movimento de Trabalhadores Crist\u00e3os\",\"publisher\":{\"@id\":\"https:\/\/sites.ecclesia.pt\/loc-mtc\/#organization\"},\"potentialAction\":[{\"@type\":\"SearchAction\",\"target\":{\"@type\":\"EntryPoint\",\"urlTemplate\":\"https:\/\/sites.ecclesia.pt\/loc-mtc\/?s={search_term_string}\"},\"query-input\":{\"@type\":\"PropertyValueSpecification\",\"valueRequired\":true,\"valueName\":\"search_term_string\"}}],\"inLanguage\":\"pt-PT\"},{\"@type\":\"Organization\",\"@id\":\"https:\/\/sites.ecclesia.pt\/loc-mtc\/#organization\",\"name\":\"LOC\/MTC - Liga Oper\u00e1ria Cat\u00f3lica\/Movimento dos Trabalhadores Crist\u00e3os\",\"alternateName\":\"LOC\/MTC\",\"url\":\"https:\/\/sites.ecclesia.pt\/loc-mtc\/\",\"logo\":{\"@type\":\"ImageObject\",\"inLanguage\":\"pt-PT\",\"@id\":\"https:\/\/sites.ecclesia.pt\/loc-mtc\/#\/schema\/logo\/image\/\",\"url\":\"https:\/\/sites.ecclesia.pt\/loc-mtc\/wp-content\/uploads\/2021\/07\/loc-mtc-fb.jpg\",\"contentUrl\":\"https:\/\/sites.ecclesia.pt\/loc-mtc\/wp-content\/uploads\/2021\/07\/loc-mtc-fb.jpg\",\"width\":583,\"height\":552,\"caption\":\"LOC\/MTC - Liga Oper\u00e1ria Cat\u00f3lica\/Movimento dos Trabalhadores Crist\u00e3os\"},\"image\":{\"@id\":\"https:\/\/sites.ecclesia.pt\/loc-mtc\/#\/schema\/logo\/image\/\"}},{\"@type\":\"Person\",\"@id\":\"https:\/\/sites.ecclesia.pt\/loc-mtc\/#\/schema\/person\/8ba13a346b282ac81bddb0740218c156\",\"name\":\"LOC-MTC\",\"image\":{\"@type\":\"ImageObject\",\"inLanguage\":\"pt-PT\",\"@id\":\"https:\/\/sites.ecclesia.pt\/loc-mtc\/#\/schema\/person\/image\/\",\"url\":\"https:\/\/secure.gravatar.com\/avatar\/381f263bbf1376baf59211319cecf05597b65a26b86db6798bf393c99c999ed9?s=96&d=mm&r=g\",\"contentUrl\":\"https:\/\/secure.gravatar.com\/avatar\/381f263bbf1376baf59211319cecf05597b65a26b86db6798bf393c99c999ed9?s=96&d=mm&r=g\",\"caption\":\"LOC-MTC\"},\"sameAs\":[\"http:\/\/www.ecclesia.pt\/loc-mtc\"]}]}<\/script>\n<!-- \/ Yoast SEO plugin. -->","yoast_head_json":{"title":"Comunicado do F\u00f3rum das Organiza\u00e7\u00f5es Cat\u00f3licas para a Imigra\u00e7\u00e3o e o Asilo (FORCIM) sobre o ataque no Centro Ismaili de Lisboa do dia 28 de mar\u00e7o de 2023 - LOC-MTC","robots":{"index":"index","follow":"follow","max-snippet":"max-snippet:-1","max-image-preview":"max-image-preview:large","max-video-preview":"max-video-preview:-1"},"canonical":"https:\/\/sites.ecclesia.pt\/loc-mtc\/comunicado-do-forum-das-organizacoes-catolicas-para-a-imigracao-e-o-asilo-forcim-sobre-o-ataque-no-centro-ismaili-de-lisboa-do-dia-28-de-marco-de-2023\/","og_locale":"pt_PT","og_type":"article","og_title":"Comunicado do F\u00f3rum das Organiza\u00e7\u00f5es Cat\u00f3licas para a Imigra\u00e7\u00e3o e o Asilo (FORCIM) sobre o ataque no Centro Ismaili de Lisboa do dia 28 de mar\u00e7o de 2023 - LOC-MTC","og_description":"\u00abCada ato de viol\u00eancia cometido contra um ser humano \u00e9 uma ferida na carne da humanidade; cada morte violenta \u201cdiminui-nos\u201d como pessoas. (...) A viol\u00eancia gera mais viol\u00eancia, o \u00f3dio gera mais \u00f3dio, e a morte mais morte. Temos de quebrar esta corrente que aparece como inelut\u00e1vel\u00bb. (Cf. Enc\u00edclica Fratelli Tutti, Percursos dum novo Encontro, n\u00ba227)","og_url":"https:\/\/sites.ecclesia.pt\/loc-mtc\/comunicado-do-forum-das-organizacoes-catolicas-para-a-imigracao-e-o-asilo-forcim-sobre-o-ataque-no-centro-ismaili-de-lisboa-do-dia-28-de-marco-de-2023\/","og_site_name":"LOC-MTC","article_published_time":"2023-04-01T07:21:24+00:00","og_image":[{"width":424,"height":234,"url":"https:\/\/sites.ecclesia.pt\/loc-mtc\/wp-content\/uploads\/2023\/04\/forcim.jpg","type":"image\/jpeg"}],"author":"LOC-MTC","twitter_card":"summary_large_image","twitter_misc":{"Escrito por":"LOC-MTC","Tempo estimado de leitura":"3 minutos"},"schema":{"@context":"https:\/\/schema.org","@graph":[{"@type":"Article","@id":"https:\/\/sites.ecclesia.pt\/loc-mtc\/comunicado-do-forum-das-organizacoes-catolicas-para-a-imigracao-e-o-asilo-forcim-sobre-o-ataque-no-centro-ismaili-de-lisboa-do-dia-28-de-marco-de-2023\/#article","isPartOf":{"@id":"https:\/\/sites.ecclesia.pt\/loc-mtc\/comunicado-do-forum-das-organizacoes-catolicas-para-a-imigracao-e-o-asilo-forcim-sobre-o-ataque-no-centro-ismaili-de-lisboa-do-dia-28-de-marco-de-2023\/"},"author":{"name":"LOC-MTC","@id":"https:\/\/sites.ecclesia.pt\/loc-mtc\/#\/schema\/person\/8ba13a346b282ac81bddb0740218c156"},"headline":"Comunicado do F\u00f3rum das Organiza\u00e7\u00f5es Cat\u00f3licas para a Imigra\u00e7\u00e3o e o Asilo (FORCIM) sobre o ataque no Centro Ismaili de Lisboa do dia 28 de mar\u00e7o de 2023","datePublished":"2023-04-01T07:21:24+00:00","mainEntityOfPage":{"@id":"https:\/\/sites.ecclesia.pt\/loc-mtc\/comunicado-do-forum-das-organizacoes-catolicas-para-a-imigracao-e-o-asilo-forcim-sobre-o-ataque-no-centro-ismaili-de-lisboa-do-dia-28-de-marco-de-2023\/"},"wordCount":544,"publisher":{"@id":"https:\/\/sites.ecclesia.pt\/loc-mtc\/#organization"},"image":{"@id":"https:\/\/sites.ecclesia.pt\/loc-mtc\/comunicado-do-forum-das-organizacoes-catolicas-para-a-imigracao-e-o-asilo-forcim-sobre-o-ataque-no-centro-ismaili-de-lisboa-do-dia-28-de-marco-de-2023\/#primaryimage"},"thumbnailUrl":"https:\/\/sites.ecclesia.pt\/loc-mtc\/wp-content\/uploads\/2023\/04\/forcim.jpg","articleSection":["Not\u00edcias"],"inLanguage":"pt-PT"},{"@type":"WebPage","@id":"https:\/\/sites.ecclesia.pt\/loc-mtc\/comunicado-do-forum-das-organizacoes-catolicas-para-a-imigracao-e-o-asilo-forcim-sobre-o-ataque-no-centro-ismaili-de-lisboa-do-dia-28-de-marco-de-2023\/","url":"https:\/\/sites.ecclesia.pt\/loc-mtc\/comunicado-do-forum-das-organizacoes-catolicas-para-a-imigracao-e-o-asilo-forcim-sobre-o-ataque-no-centro-ismaili-de-lisboa-do-dia-28-de-marco-de-2023\/","name":"Comunicado do F\u00f3rum das Organiza\u00e7\u00f5es Cat\u00f3licas para a Imigra\u00e7\u00e3o e o Asilo (FORCIM) sobre o ataque no Centro Ismaili de Lisboa do dia 28 de mar\u00e7o de 2023 - LOC-MTC","isPartOf":{"@id":"https:\/\/sites.ecclesia.pt\/loc-mtc\/#website"},"primaryImageOfPage":{"@id":"https:\/\/sites.ecclesia.pt\/loc-mtc\/comunicado-do-forum-das-organizacoes-catolicas-para-a-imigracao-e-o-asilo-forcim-sobre-o-ataque-no-centro-ismaili-de-lisboa-do-dia-28-de-marco-de-2023\/#primaryimage"},"image":{"@id":"https:\/\/sites.ecclesia.pt\/loc-mtc\/comunicado-do-forum-das-organizacoes-catolicas-para-a-imigracao-e-o-asilo-forcim-sobre-o-ataque-no-centro-ismaili-de-lisboa-do-dia-28-de-marco-de-2023\/#primaryimage"},"thumbnailUrl":"https:\/\/sites.ecclesia.pt\/loc-mtc\/wp-content\/uploads\/2023\/04\/forcim.jpg","datePublished":"2023-04-01T07:21:24+00:00","breadcrumb":{"@id":"https:\/\/sites.ecclesia.pt\/loc-mtc\/comunicado-do-forum-das-organizacoes-catolicas-para-a-imigracao-e-o-asilo-forcim-sobre-o-ataque-no-centro-ismaili-de-lisboa-do-dia-28-de-marco-de-2023\/#breadcrumb"},"inLanguage":"pt-PT","potentialAction":[{"@type":"ReadAction","target":["https:\/\/sites.ecclesia.pt\/loc-mtc\/comunicado-do-forum-das-organizacoes-catolicas-para-a-imigracao-e-o-asilo-forcim-sobre-o-ataque-no-centro-ismaili-de-lisboa-do-dia-28-de-marco-de-2023\/"]}]},{"@type":"ImageObject","inLanguage":"pt-PT","@id":"https:\/\/sites.ecclesia.pt\/loc-mtc\/comunicado-do-forum-das-organizacoes-catolicas-para-a-imigracao-e-o-asilo-forcim-sobre-o-ataque-no-centro-ismaili-de-lisboa-do-dia-28-de-marco-de-2023\/#primaryimage","url":"https:\/\/sites.ecclesia.pt\/loc-mtc\/wp-content\/uploads\/2023\/04\/forcim.jpg","contentUrl":"https:\/\/sites.ecclesia.pt\/loc-mtc\/wp-content\/uploads\/2023\/04\/forcim.jpg","width":424,"height":234},{"@type":"BreadcrumbList","@id":"https:\/\/sites.ecclesia.pt\/loc-mtc\/comunicado-do-forum-das-organizacoes-catolicas-para-a-imigracao-e-o-asilo-forcim-sobre-o-ataque-no-centro-ismaili-de-lisboa-do-dia-28-de-marco-de-2023\/#breadcrumb","itemListElement":[{"@type":"ListItem","position":1,"name":"Home","item":"https:\/\/sites.ecclesia.pt\/loc-mtc\/"},{"@type":"ListItem","position":2,"name":"Comunicado do F\u00f3rum das Organiza\u00e7\u00f5es Cat\u00f3licas para a Imigra\u00e7\u00e3o e o Asilo (FORCIM) sobre o ataque no Centro Ismaili de Lisboa do dia 28 de mar\u00e7o de 2023"}]},{"@type":"WebSite","@id":"https:\/\/sites.ecclesia.pt\/loc-mtc\/#website","url":"https:\/\/sites.ecclesia.pt\/loc-mtc\/","name":"LOC-MTC","description":"Liga Oper\u00e1ria Cat\u00f3lica \u2013 Movimento de Trabalhadores Crist\u00e3os","publisher":{"@id":"https:\/\/sites.ecclesia.pt\/loc-mtc\/#organization"},"potentialAction":[{"@type":"SearchAction","target":{"@type":"EntryPoint","urlTemplate":"https:\/\/sites.ecclesia.pt\/loc-mtc\/?s={search_term_string}"},"query-input":{"@type":"PropertyValueSpecification","valueRequired":true,"valueName":"search_term_string"}}],"inLanguage":"pt-PT"},{"@type":"Organization","@id":"https:\/\/sites.ecclesia.pt\/loc-mtc\/#organization","name":"LOC\/MTC - Liga Oper\u00e1ria Cat\u00f3lica\/Movimento dos Trabalhadores Crist\u00e3os","alternateName":"LOC\/MTC","url":"https:\/\/sites.ecclesia.pt\/loc-mtc\/","logo":{"@type":"ImageObject","inLanguage":"pt-PT","@id":"https:\/\/sites.ecclesia.pt\/loc-mtc\/#\/schema\/logo\/image\/","url":"https:\/\/sites.ecclesia.pt\/loc-mtc\/wp-content\/uploads\/2021\/07\/loc-mtc-fb.jpg","contentUrl":"https:\/\/sites.ecclesia.pt\/loc-mtc\/wp-content\/uploads\/2021\/07\/loc-mtc-fb.jpg","width":583,"height":552,"caption":"LOC\/MTC - Liga Oper\u00e1ria Cat\u00f3lica\/Movimento dos Trabalhadores Crist\u00e3os"},"image":{"@id":"https:\/\/sites.ecclesia.pt\/loc-mtc\/#\/schema\/logo\/image\/"}},{"@type":"Person","@id":"https:\/\/sites.ecclesia.pt\/loc-mtc\/#\/schema\/person\/8ba13a346b282ac81bddb0740218c156","name":"LOC-MTC","image":{"@type":"ImageObject","inLanguage":"pt-PT","@id":"https:\/\/sites.ecclesia.pt\/loc-mtc\/#\/schema\/person\/image\/","url":"https:\/\/secure.gravatar.com\/avatar\/381f263bbf1376baf59211319cecf05597b65a26b86db6798bf393c99c999ed9?s=96&d=mm&r=g","contentUrl":"https:\/\/secure.gravatar.com\/avatar\/381f263bbf1376baf59211319cecf05597b65a26b86db6798bf393c99c999ed9?s=96&d=mm&r=g","caption":"LOC-MTC"},"sameAs":["http:\/\/www.ecclesia.pt\/loc-mtc"]}]}},"_links":{"self":[{"href":"https:\/\/sites.ecclesia.pt\/loc-mtc\/wp-json\/wp\/v2\/posts\/2506","targetHints":{"allow":["GET"]}}],"collection":[{"href":"https:\/\/sites.ecclesia.pt\/loc-mtc\/wp-json\/wp\/v2\/posts"}],"about":[{"href":"https:\/\/sites.ecclesia.pt\/loc-mtc\/wp-json\/wp\/v2\/types\/post"}],"author":[{"embeddable":true,"href":"https:\/\/sites.ecclesia.pt\/loc-mtc\/wp-json\/wp\/v2\/users\/2"}],"replies":[{"embeddable":true,"href":"https:\/\/sites.ecclesia.pt\/loc-mtc\/wp-json\/wp\/v2\/comments?post=2506"}],"version-history":[{"count":1,"href":"https:\/\/sites.ecclesia.pt\/loc-mtc\/wp-json\/wp\/v2\/posts\/2506\/revisions"}],"predecessor-version":[{"id":2508,"href":"https:\/\/sites.ecclesia.pt\/loc-mtc\/wp-json\/wp\/v2\/posts\/2506\/revisions\/2508"}],"wp:featuredmedia":[{"embeddable":true,"href":"https:\/\/sites.ecclesia.pt\/loc-mtc\/wp-json\/wp\/v2\/media\/2507"}],"wp:attachment":[{"href":"https:\/\/sites.ecclesia.pt\/loc-mtc\/wp-json\/wp\/v2\/media?parent=2506"}],"wp:term":[{"taxonomy":"category","embeddable":true,"href":"https:\/\/sites.ecclesia.pt\/loc-mtc\/wp-json\/wp\/v2\/categories?post=2506"},{"taxonomy":"post_tag","embeddable":true,"href":"https:\/\/sites.ecclesia.pt\/loc-mtc\/wp-json\/wp\/v2\/tags?post=2506"}],"curies":[{"name":"wp","href":"https:\/\/api.w.org\/{rel}","templated":true}]}}